{"id":10641,"date":"2021-05-14T10:39:56","date_gmt":"2021-05-14T08:39:56","guid":{"rendered":"http:\/\/serveiseducatius.xtec.cat\/baixllobregat4\/?p=10641"},"modified":"2021-05-14T10:40:37","modified_gmt":"2021-05-14T08:40:37","slug":"xiv-jornada-pedagogica-comic-barcelona-dimecres-26-de-maig-de-2021","status":"publish","type":"post","link":"https:\/\/serveiseducatius.xtec.cat\/baixllobregat4\/general\/xiv-jornada-pedagogica-comic-barcelona-dimecres-26-de-maig-de-2021\/","title":{"rendered":"XIV Jornada pedag\u00f2gica &#8220;C\u00f2mic Barcelona&#8221; (dimecres 26 de maig de 2021)"},"content":{"rendered":"<p><img loading=\"lazy\" decoding=\"async\" class=\"size-full wp-image-10642 aligncenter\" src=\"https:\/\/serveiseducatius.xtec.cat\/baixllobregat4\/wp-content\/uploads\/usu1181\/2021\/05\/E1QS_JDWQAAl_15.jpg\" alt=\"\" width=\"553\" height=\"311\" srcset=\"https:\/\/serveiseducatius.xtec.cat\/baixllobregat4\/wp-content\/uploads\/usu1181\/2021\/05\/E1QS_JDWQAAl_15.jpg 553w, https:\/\/serveiseducatius.xtec.cat\/baixllobregat4\/wp-content\/uploads\/usu1181\/2021\/05\/E1QS_JDWQAAl_15-300x169.jpg 300w\" sizes=\"auto, (max-width: 553px) 100vw, 553px\" \/><\/p>\n<p>El proper <strong>dimecres 26 de maig, <\/strong>a les 17 hores, tindr\u00e0 lloc, la <strong>XIV Jornada Pedag\u00f2gica C\u00f2mic Barcelona<\/strong>, organitzada pel Departament d\u2019Educaci\u00f3 en col\u00b7laboraci\u00f3 amb C\u00f2mic Barcelona.<\/p>\n<p>La Jornada constar\u00e0 d&#8217;una pon\u00e8ncia, presentaci\u00f3 de llibres i novetats i experi\u00e8ncies de centres. L&#8217;objectiu \u00e9s potenciar la lectura del c\u00f2mic a les aules, explorar les possibilitats del c\u00f2mic com a recurs did\u00e0ctic, descobrir estrat\u00e8gies de treball del c\u00f2mic a l\u2019aula i con\u00e8ixer les novetats editorials del m\u00f3n del c\u00f2mic.<\/p>\n<p><a href=\"https:\/\/projectes.xtec.cat\/bescat\/wp-content\/uploads\/usu793\/2021\/05\/prog_-XIV_jornada_comic.pdf?_ga=2.197479398.83030031.1620978710-1369141932.1620978710\" target=\"_blank\" rel=\"noopener noreferrer\">\u2139\ufe0f\u00a0Programa de la jornada<\/a><\/p>\n<p>\ud83d\udcc5\u00a0dimecres 26 de maig de 2021<\/p>\n<p>\ud83d\udd54\u00a0de 17&#8217;00 a 19&#8217;30 hores<\/p>\n<p>\u270d\ufe0f\u00a0<a href=\"https:\/\/aplicacions.gestioeducativa.gencat.cat\/pls\/soloas\/pk_for_mod_ins.p_for_pre_cons_activitats?p_any=2020-2021&amp;p_codi=9000460555\" target=\"_blank\" rel=\"noopener noreferrer\">Inscripcions<\/a><\/p>\n<p>&nbsp;<\/p>\n","protected":false},"excerpt":{"rendered":"<p>El proper dimecres 26 de maig, a les 17 hores, tindr\u00e0 lloc, la XIV Jornada Pedag\u00f2gica C\u00f2mic Barcelona, organitzada pel [&hellip;]<\/p>\n","protected":false},"author":1,"featured_media":10642,"comment_status":"closed","ping_status":"closed","sticky":false,"template":"","format":"standard","meta":{"_bbp_topic_count":0,"_bbp_reply_count":0,"_bbp_total_topic_count":0,"_bbp_total_reply_count":0,"_bbp_voice_count":0,"_bbp_anonymous_reply_count":0,"_bbp_topic_count_hidden":0,"_bbp_reply_count_hidden":0,"_bbp_forum_subforum_count":0,"site-sidebar-layout":"default","site-content-layout":"","ast-site-content-layout":"","site-content-style":"default","site-sidebar-style":"default","ast-global-header-display":"","ast-banner-title-visibility":"","ast-main-header-display":"","ast-hfb-above-header-display":"","ast-hfb-below-header-display":"","ast-hfb-mobile-header-display":"","site-post-title":"","ast-breadcrumbs-content":"","ast-featured-img":"","footer-sml-layout":"","theme-transparent-header-meta":"","adv-header-id-meta":"","stick-header-meta":"","header-above-stick-meta":"","header-main-stick-meta":"","header-below-stick-meta":"","astra-migrate-meta-layouts":"default","ast-page-background-enabled":"default","ast-page-background-meta":{"desktop":{"background-color":"var(--ast-global-color-4)","background-image":"","background-repeat":"repeat","background-position":"center center","background-size":"auto","background-attachment":"scroll","background-type":"","background-media":"","overlay-type":"","overlay-color":"","overlay-opacity":"","overlay-gradient":""},"tablet":{"background-color":"","background-image":"","background-repeat":"repeat","background-position":"center center","background-size":"auto","background-attachment":"scroll","background-type":"","background-media":"","overlay-type":"","overlay-color":"","overlay-opacity":"","overlay-gradient":""},"mobile":{"background-color":"","background-image":"","background-repeat":"repeat","background-position":"center center","background-size":"auto","background-attachment":"scroll","background-type":"","background-media":"","overlay-type":"","overlay-color":"","overlay-opacity":"","overlay-gradient":""}},"ast-content-background-meta":{"desktop":{"background-color":"var(--ast-global-color-5)","background-image":"","background-repeat":"repeat","background-position":"center center","background-size":"auto","background-attachment":"scroll","background-type":"","background-media":"","overlay-type":"","overlay-color":"","overlay-opacity":"","overlay-gradient":""},"tablet":{"background-color":"var(--ast-global-color-5)","background-image":"","background-repeat":"repeat","background-position":"center center","background-size":"auto","background-attachment":"scroll","background-type":"","background-media":"","overlay-type":"","overlay-color":"","overlay-opacity":"","overlay-gradient":""},"mobile":{"background-color":"var(--ast-global-color-5)","background-image":"","background-repeat":"repeat","background-position":"center center","background-size":"auto","background-attachment":"scroll","background-type":"","background-media":"","overlay-type":"","overlay-color":"","overlay-opacity":"","overlay-gradient":""}},"footnotes":""},"categories":[65,154,1,29],"tags":[],"class_list":["post-10641","post","type-post","status-publish","format-standard","has-post-thumbnail","hentry","category-crp","category-formacio","category-general","category-portada"],"post_mailing_queue_ids":[],"_links":{"self":[{"href":"https:\/\/serveiseducatius.xtec.cat\/baixllobregat4\/wp-json\/wp\/v2\/posts\/10641","targetHints":{"allow":["GET"]}}],"collection":[{"href":"https:\/\/serveiseducatius.xtec.cat\/baixllobregat4\/wp-json\/wp\/v2\/posts"}],"about":[{"href":"https:\/\/serveiseducatius.xtec.cat\/baixllobregat4\/wp-json\/wp\/v2\/types\/post"}],"author":[{"embeddable":true,"href":"https:\/\/serveiseducatius.xtec.cat\/baixllobregat4\/wp-json\/wp\/v2\/users\/1"}],"replies":[{"embeddable":true,"href":"https:\/\/serveiseducatius.xtec.cat\/baixllobregat4\/wp-json\/wp\/v2\/comments?post=10641"}],"version-history":[{"count":2,"href":"https:\/\/serveiseducatius.xtec.cat\/baixllobregat4\/wp-json\/wp\/v2\/posts\/10641\/revisions"}],"predecessor-version":[{"id":10644,"href":"https:\/\/serveiseducatius.xtec.cat\/baixllobregat4\/wp-json\/wp\/v2\/posts\/10641\/revisions\/10644"}],"wp:featuredmedia":[{"embeddable":true,"href":"https:\/\/serveiseducatius.xtec.cat\/baixllobregat4\/wp-json\/wp\/v2\/media\/10642"}],"wp:attachment":[{"href":"https:\/\/serveiseducatius.xtec.cat\/baixllobregat4\/wp-json\/wp\/v2\/media?parent=10641"}],"wp:term":[{"taxonomy":"category","embeddable":true,"href":"https:\/\/serveiseducatius.xtec.cat\/baixllobregat4\/wp-json\/wp\/v2\/categories?post=10641"},{"taxonomy":"post_tag","embeddable":true,"href":"https:\/\/serveiseducatius.xtec.cat\/baixllobregat4\/wp-json\/wp\/v2\/tags?post=10641"}],"curies":[{"name":"wp","href":"https:\/\/api.w.org\/{rel}","templated":true}]}}