{"id":10362,"date":"2021-04-16T11:50:50","date_gmt":"2021-04-16T09:50:50","guid":{"rendered":"http:\/\/serveiseducatius.xtec.cat\/baixllobregat4\/?p=10362"},"modified":"2021-06-08T10:56:55","modified_gmt":"2021-06-08T08:56:55","slug":"nou-portal-tria-educativa-ensenyaments-postobligatoris-oferta-i-preinscripcio-curs-2021-2022","status":"publish","type":"post","link":"https:\/\/serveiseducatius.xtec.cat\/baixllobregat4\/general\/nou-portal-tria-educativa-ensenyaments-postobligatoris-oferta-i-preinscripcio-curs-2021-2022\/","title":{"rendered":"Nou portal &#8220;Tria educativa&#8221;. Ensenyaments postobligatoris: oferta i preinscripci\u00f3 curs 2021-2022"},"content":{"rendered":"<p><a href=\"https:\/\/triaeducativa.gencat.cat\/ca\/inici\/\" target=\"_blank\" rel=\"noopener noreferrer\"><img loading=\"lazy\" decoding=\"async\" class=\"wp-image-10363 alignleft\" src=\"https:\/\/serveiseducatius.xtec.cat\/baixllobregat4\/wp-content\/uploads\/usu1181\/2021\/04\/EzAozRWXAAEDR9h.jpg\" alt=\"\" width=\"308\" height=\"173\" srcset=\"https:\/\/serveiseducatius.xtec.cat\/baixllobregat4\/wp-content\/uploads\/usu1181\/2021\/04\/EzAozRWXAAEDR9h.jpg 553w, https:\/\/serveiseducatius.xtec.cat\/baixllobregat4\/wp-content\/uploads\/usu1181\/2021\/04\/EzAozRWXAAEDR9h-300x169.jpg 300w\" sizes=\"auto, (max-width: 308px) 100vw, 308px\" \/><\/a><\/p>\n<p><span class=\"css-901oao css-16my406 r-poiln3 r-bcqeeo r-qvutc0\">Us presentem el nou portal &#8220;<\/span><span class=\"r-18u37iz\"><a href=\"https:\/\/triaeducativa.gencat.cat\/ca\/inici\/\" target=\"_blank\" rel=\"noopener noreferrer\"><strong>Tria educativa<\/strong><\/a>&#8221; en el qual es<\/span><span class=\"css-901oao css-16my406 r-poiln3 r-bcqeeo r-qvutc0\">\u00a0recull tota l&#8217;oferta unificada dels diferents <strong>ensenyaments <\/strong><\/span><span class=\"r-18u37iz\"><strong>postobligatoris <\/strong>en un \u00fanic espai web. \u00a0S\u2019hi poden trobar els continguts de tots els estudis, els requisits d\u2019acc\u00e9s, aix\u00ed com les sortides acad\u00e8miques i professionals.<\/span><\/p>\n<p>Educaci\u00f3 infantil, prim\u00e0ria, ESO&#8230; <strong>I ara qu\u00e8?<\/strong> Ha arribat el moment de triar! A <a href=\"https:\/\/triaeducativa.gencat.cat\/ca\/inici\/\" target=\"_blank\" rel=\"noopener noreferrer\">triaeducativa.gencat.cat<\/a> trobar\u00e0s tota la informaci\u00f3 que necessites per escollir l&#8217;opci\u00f3 que m\u00e9s s&#8217;ajusta als teus interessos. Con\u00e8ixer l&#8217;oferta formativa et permetr\u00e0 relacionar les teves prefer\u00e8ncies i habilitats amb les professions que ofereix l&#8217;entorn social i laboral.<\/p>\n<p><iframe loading=\"lazy\" src=\"https:\/\/www.youtube.com\/embed\/L9GwIVYiMvk\" width=\"560\" height=\"315\" frameborder=\"0\"><\/iframe><\/p>\n<p>L&#8217;aprenentatge t&#8217;acompanya al llarg de tota la vida i et dona les claus per dibuixar el cam\u00ed per on vols avan\u00e7ar.\u00a0Hi ha tants camins com persones. T&#8217;ajudem a tra\u00e7ar el teu?<\/p>\n<ul>\n<li><a href=\"https:\/\/triaeducativa.gencat.cat\/ca\/batxillerat\/\" target=\"_blank\" rel=\"noopener noreferrer\">Batxillerat<\/a><\/li>\n<li><a href=\"https:\/\/triaeducativa.gencat.cat\/ca\/fp\/\" target=\"_blank\" rel=\"noopener noreferrer\">Formaci\u00f3 professional <\/a>(FP)<\/li>\n<li><a href=\"https:\/\/triaeducativa.gencat.cat\/ca\/fp\/pfi\/\" target=\"_blank\" rel=\"noopener noreferrer\">Programes de formaci\u00f3 i inserci\u00f3<\/a> (PFI)<\/li>\n<li><a href=\"https:\/\/triaeducativa.gencat.cat\/ca\/artistics\/apd\/\" target=\"_blank\" rel=\"noopener noreferrer\">Arts pl\u00e0stiques i disseny<\/a><\/li>\n<li><a href=\"https:\/\/triaeducativa.gencat.cat\/ca\/artistics\/musica\/\" target=\"_blank\" rel=\"noopener noreferrer\">M\u00fasica<\/a><\/li>\n<li><a href=\"https:\/\/triaeducativa.gencat.cat\/ca\/artistics\/dansa\/\" target=\"_blank\" rel=\"noopener noreferrer\">Dansa<\/a><\/li>\n<li><a href=\"https:\/\/triaeducativa.gencat.cat\/ca\/artistics\/arts-esceniques\/\" target=\"_blank\" rel=\"noopener noreferrer\">Arts esc\u00e8niques<\/a><\/li>\n<li><a href=\"https:\/\/triaeducativa.gencat.cat\/ca\/esportius\/\" target=\"_blank\" rel=\"noopener noreferrer\">Ensenyaments esportius<\/a><\/li>\n<li><a href=\"https:\/\/triaeducativa.gencat.cat\/ca\/educacio-adults\/\" target=\"_blank\" rel=\"noopener noreferrer\">Educaci\u00f3 d&#8217;adults<\/a><\/li>\n<li><a href=\"https:\/\/triaeducativa.gencat.cat\/ca\/idiomes\/\" target=\"_blank\" rel=\"noopener noreferrer\">Idiomes<\/a> (EOI)<\/li>\n<li><a href=\"https:\/\/triaeducativa.gencat.cat\/ca\/artistics-superiors\/\" target=\"_blank\" rel=\"noopener noreferrer\">Ensenyaments art\u00edstics superiors<\/a><\/li>\n<\/ul>\n<p><iframe loading=\"lazy\" src=\"https:\/\/drive.google.com\/file\/d\/1MlxHafNHow5Qu-sTm7mx1qeZwii0AvAe\/preview\" width=\"900\" height=\"350\"><\/iframe><\/p>\n<p>&nbsp;<\/p>\n<div class=\"row\">\n<div class=\"columns small-12 large-2\"><a href=\"https:\/\/preinscripcio.gencat.cat\/ca\/inici\" target=\"_blank\" rel=\"noopener noreferrer\"><img loading=\"lazy\" decoding=\"async\" class=\"alignnone\" src=\"https:\/\/img.icons8.com\/color\/120\/000000\/leave.png\" alt=\"\" width=\"120\" height=\"120\" \/><\/a><\/div>\n<div class=\"columns small-12 large-10\">\n<h3><a href=\"https:\/\/preinscripcio.gencat.cat\/ca\/inici\" target=\"_blank\" rel=\"noopener noreferrer\">Preinscripci\u00f3 curs 2021-2022<\/a><\/h3>\n<p>De la mateixa manera que els ensenyaments obligatoris, la <a href=\"https:\/\/preinscripcio.gencat.cat\/ca\/inici\" target=\"_blank\" rel=\"noopener noreferrer\">preinscripci\u00f3<\/a> ser\u00e0 totalment electr\u00f2nica, de tal manera que es pugui fer en qualsevol hora del dia, i des de qualsevol dispositiu, ja sigui un ordinador, una tauleta o un tel\u00e8fon m\u00f2bil.<\/p>\n<p>La presentaci\u00f3 de sol\u00b7licituds de <a href=\"https:\/\/preinscripcio.gencat.cat\/ca\/inici\" target=\"_blank\" rel=\"noopener noreferrer\">preinscripci\u00f3 per als ensenyaments postobligatoris<\/a> ser\u00e0: de l\u201911 al 17 de maig en el cas de batxillerat, cicles de grau mitj\u00e0 d\u2019FP i d&#8217;arts pl\u00e0stiques i disseny; i del 25 al 31 de maig en el cas dels cicles de grau superior d\u2019FP i d&#8217;arts pl\u00e0stiques i disseny.<\/p>\n<p>Pel que fa al per\u00edode de matriculaci\u00f3, els alumnes de batxillerat i de cicles formatius de grau mitj\u00e0 podran fer la matr\u00edcula del 12 al 16 de juliol \u2013els pendents de l&#8217;avaluaci\u00f3 batxillerat de setembre, ser\u00e0 del 7 al 10 de setembre. Els dels cicles de grau superior d\u2019FP, entre el 19 i el 23 de juliol.<\/p>\n<div style=\"text-align: right;\"><\/div>\n<\/div>\n<\/div>\n<p>&nbsp;<\/p>\n","protected":false},"excerpt":{"rendered":"<p>Us presentem el nou portal &#8220;Tria educativa&#8221; en el qual es\u00a0recull tota l&#8217;oferta unificada dels diferents ensenyaments postobligatoris en un [&hellip;]<\/p>\n","protected":false},"author":1,"featured_media":10363,"comment_status":"closed","ping_status":"closed","sticky":false,"template":"","format":"standard","meta":{"_bbp_topic_count":0,"_bbp_reply_count":0,"_bbp_total_topic_count":0,"_bbp_total_reply_count":0,"_bbp_voice_count":0,"_bbp_anonymous_reply_count":0,"_bbp_topic_count_hidden":0,"_bbp_reply_count_hidden":0,"_bbp_forum_subforum_count":0,"site-sidebar-layout":"default","site-content-layout":"","ast-site-content-layout":"","site-content-style":"default","site-sidebar-style":"default","ast-global-header-display":"","ast-banner-title-visibility":"","ast-main-header-display":"","ast-hfb-above-header-display":"","ast-hfb-below-header-display":"","ast-hfb-mobile-header-display":"","site-post-title":"","ast-breadcrumbs-content":"","ast-featured-img":"","footer-sml-layout":"","theme-transparent-header-meta":"","adv-header-id-meta":"","stick-header-meta":"","header-above-stick-meta":"","header-main-stick-meta":"","header-below-stick-meta":"","astra-migrate-meta-layouts":"default","ast-page-background-enabled":"default","ast-page-background-meta":{"desktop":{"background-color":"var(--ast-global-color-4)","background-image":"","background-repeat":"repeat","background-position":"center center","background-size":"auto","background-attachment":"scroll","background-type":"","background-media":"","overlay-type":"","overlay-color":"","overlay-opacity":"","overlay-gradient":""},"tablet":{"background-color":"","background-image":"","background-repeat":"repeat","background-position":"center center","background-size":"auto","background-attachment":"scroll","background-type":"","background-media":"","overlay-type":"","overlay-color":"","overlay-opacity":"","overlay-gradient":""},"mobile":{"background-color":"","background-image":"","background-repeat":"repeat","background-position":"center center","background-size":"auto","background-attachment":"scroll","background-type":"","background-media":"","overlay-type":"","overlay-color":"","overlay-opacity":"","overlay-gradient":""}},"ast-content-background-meta":{"desktop":{"background-color":"var(--ast-global-color-5)","background-image":"","background-repeat":"repeat","background-position":"center center","background-size":"auto","background-attachment":"scroll","background-type":"","background-media":"","overlay-type":"","overlay-color":"","overlay-opacity":"","overlay-gradient":""},"tablet":{"background-color":"var(--ast-global-color-5)","background-image":"","background-repeat":"repeat","background-position":"center center","background-size":"auto","background-attachment":"scroll","background-type":"","background-media":"","overlay-type":"","overlay-color":"","overlay-opacity":"","overlay-gradient":""},"mobile":{"background-color":"var(--ast-global-color-5)","background-image":"","background-repeat":"repeat","background-position":"center center","background-size":"auto","background-attachment":"scroll","background-type":"","background-media":"","overlay-type":"","overlay-color":"","overlay-opacity":"","overlay-gradient":""}},"footnotes":""},"categories":[65,67,1,29,76],"tags":[],"class_list":["post-10362","post","type-post","status-publish","format-standard","has-post-thumbnail","hentry","category-crp","category-eap","category-general","category-portada","category-recursos"],"post_mailing_queue_ids":[],"_links":{"self":[{"href":"https:\/\/serveiseducatius.xtec.cat\/baixllobregat4\/wp-json\/wp\/v2\/posts\/10362","targetHints":{"allow":["GET"]}}],"collection":[{"href":"https:\/\/serveiseducatius.xtec.cat\/baixllobregat4\/wp-json\/wp\/v2\/posts"}],"about":[{"href":"https:\/\/serveiseducatius.xtec.cat\/baixllobregat4\/wp-json\/wp\/v2\/types\/post"}],"author":[{"embeddable":true,"href":"https:\/\/serveiseducatius.xtec.cat\/baixllobregat4\/wp-json\/wp\/v2\/users\/1"}],"replies":[{"embeddable":true,"href":"https:\/\/serveiseducatius.xtec.cat\/baixllobregat4\/wp-json\/wp\/v2\/comments?post=10362"}],"version-history":[{"count":4,"href":"https:\/\/serveiseducatius.xtec.cat\/baixllobregat4\/wp-json\/wp\/v2\/posts\/10362\/revisions"}],"predecessor-version":[{"id":10415,"href":"https:\/\/serveiseducatius.xtec.cat\/baixllobregat4\/wp-json\/wp\/v2\/posts\/10362\/revisions\/10415"}],"wp:featuredmedia":[{"embeddable":true,"href":"https:\/\/serveiseducatius.xtec.cat\/baixllobregat4\/wp-json\/wp\/v2\/media\/10363"}],"wp:attachment":[{"href":"https:\/\/serveiseducatius.xtec.cat\/baixllobregat4\/wp-json\/wp\/v2\/media?parent=10362"}],"wp:term":[{"taxonomy":"category","embeddable":true,"href":"https:\/\/serveiseducatius.xtec.cat\/baixllobregat4\/wp-json\/wp\/v2\/categories?post=10362"},{"taxonomy":"post_tag","embeddable":true,"href":"https:\/\/serveiseducatius.xtec.cat\/baixllobregat4\/wp-json\/wp\/v2\/tags?post=10362"}],"curies":[{"name":"wp","href":"https:\/\/api.w.org\/{rel}","templated":true}]}}