{"id":9936,"date":"2020-02-21T10:10:02","date_gmt":"2020-02-21T09:10:02","guid":{"rendered":"http:\/\/serveiseducatius.xtec.cat\/baixllobregat3\/?p=9936"},"modified":"2020-02-21T10:10:34","modified_gmt":"2020-02-21T09:10:34","slug":"13a-edicio-del-festival-internacional-de-cinema-en-catala-costa-daurada-fit-cat-2020-especial-muntadors-i-muntadores","status":"publish","type":"post","link":"https:\/\/serveiseducatius.xtec.cat\/baixllobregat3\/general\/13a-edicio-del-festival-internacional-de-cinema-en-catala-costa-daurada-fit-cat-2020-especial-muntadors-i-muntadores\/","title":{"rendered":"13a edici\u00f3 del Festival Internacional de Cinema en Catal\u00e0 Costa Daurada. FIT-CAT 2020, especial muntadors i muntadores"},"content":{"rendered":"<p style=\"text-align: justify;\">La <b>13a edici\u00f3 del Festival Internacional de Cinema en Catal\u00e0 Costa Daurada. FIT-CAT 2020, especial muntadors i muntadores<\/b>, tindr\u00e0 lloc a <b>Roda de Ber\u00e0, del 6 al 13 de juny de 2020.<\/b><\/p>\n<p style=\"text-align: justify;\">A l&#8217;enlla\u00e7 adjunt (<a href=\"https:\/\/www.fic-cat.cat\/inscripcions\" target=\"_blank\" rel=\"noopener noreferrer\" data-saferedirecturl=\"https:\/\/www.google.com\/url?q=https:\/\/www.fic-cat.cat\/inscripcions&amp;source=gmail&amp;ust=1582362245565000&amp;usg=AFQjCNHYnOpC5YBCwiqoc7nVhZ4woLYHRQ\">https:\/\/www.fic-cat.cat\/<wbr \/>inscripcions\u00a0<\/a>) trobareu m\u00e9s informaci\u00f3 sobre les bases i la inscripci\u00f3 <i>Modalitat Centres Educatius,\u00a0<\/i>adre\u00e7ada a alumnes d&#8217;infantil, prim\u00e0ria i secund\u00e0ria, en qualsevol modalitat i tem\u00e0tica, en catal\u00e0, a t\u00edtol individual o col\u00b7lectiu i amb una durada no superiors al 10&#8242;.\u00a0<u>El termini \u00e9s fins al 22 de mar\u00e7 de 2020<\/u>.<\/p>\n<p>&nbsp;<\/p>\n","protected":false},"excerpt":{"rendered":"<p>La 13a edici\u00f3 del Festival Internacional de Cinema en Catal\u00e0 Costa Daurada. FIT-CAT 2020, especial muntadors i muntadores, tindr\u00e0 lloc a Roda de Ber\u00e0, del 6 al 13 de juny de 2020. A l&#8217;enlla\u00e7 adjunt (https:\/\/www.fic-cat.cat\/inscripcions\u00a0) trobareu m\u00e9s informaci\u00f3 sobre les bases i la inscripci\u00f3 Modalitat Centres Educatius,\u00a0adre\u00e7ada a alumnes d&#8217;infantil, prim\u00e0ria i secund\u00e0ria, en [&hellip;]<\/p>\n","protected":false},"author":35,"featured_media":0,"comment_status":"closed","ping_status":"closed","sticky":false,"template":"","format":"standard","meta":{"_bbp_topic_count":0,"_bbp_reply_count":0,"_bbp_total_topic_count":0,"_bbp_total_reply_count":0,"_bbp_voice_count":0,"_bbp_anonymous_reply_count":0,"_bbp_topic_count_hidden":0,"_bbp_reply_count_hidden":0,"_bbp_forum_subforum_count":0,"site-sidebar-layout":"default","site-content-layout":"","ast-site-content-layout":"","site-content-style":"default","site-sidebar-style":"default","ast-global-header-display":"","ast-banner-title-visibility":"","ast-main-header-display":"","ast-hfb-above-header-display":"","ast-hfb-below-header-display":"","ast-hfb-mobile-header-display":"","site-post-title":"","ast-breadcrumbs-content":"","ast-featured-img":"","footer-sml-layout":"","theme-transparent-header-meta":"","adv-header-id-meta":"","stick-header-meta":"","header-above-stick-meta":"","header-main-stick-meta":"","header-below-stick-meta":"","astra-migrate-meta-layouts":"default","ast-page-background-enabled":"default","ast-page-background-meta":{"desktop":{"background-color":"var(--ast-global-color-4)","background-image":"","background-repeat":"repeat","background-position":"center center","background-size":"auto","background-attachment":"scroll","background-type":"","background-media":"","overlay-type":"","overlay-color":"","overlay-opacity":"","overlay-gradient":""},"tablet":{"background-color":"","background-image":"","background-repeat":"repeat","background-position":"center center","background-size":"auto","background-attachment":"scroll","background-type":"","background-media":"","overlay-type":"","overlay-color":"","overlay-opacity":"","overlay-gradient":""},"mobile":{"background-color":"","background-image":"","background-repeat":"repeat","background-position":"center center","background-size":"auto","background-attachment":"scroll","background-type":"","background-media":"","overlay-type":"","overlay-color":"","overlay-opacity":"","overlay-gradient":""}},"ast-content-background-meta":{"desktop":{"background-color":"var(--ast-global-color-5)","background-image":"","background-repeat":"repeat","background-position":"center center","background-size":"auto","background-attachment":"scroll","background-type":"","background-media":"","overlay-type":"","overlay-color":"","overlay-opacity":"","overlay-gradient":""},"tablet":{"background-color":"var(--ast-global-color-5)","background-image":"","background-repeat":"repeat","background-position":"center center","background-size":"auto","background-attachment":"scroll","background-type":"","background-media":"","overlay-type":"","overlay-color":"","overlay-opacity":"","overlay-gradient":""},"mobile":{"background-color":"var(--ast-global-color-5)","background-image":"","background-repeat":"repeat","background-position":"center center","background-size":"auto","background-attachment":"scroll","background-type":"","background-media":"","overlay-type":"","overlay-color":"","overlay-opacity":"","overlay-gradient":""}},"footnotes":""},"categories":[65,1,29],"tags":[],"class_list":["post-9936","post","type-post","status-publish","format-standard","hentry","category-se_crp","category-general","category-portada"],"post_mailing_queue_ids":[],"_links":{"self":[{"href":"https:\/\/serveiseducatius.xtec.cat\/baixllobregat3\/wp-json\/wp\/v2\/posts\/9936","targetHints":{"allow":["GET"]}}],"collection":[{"href":"https:\/\/serveiseducatius.xtec.cat\/baixllobregat3\/wp-json\/wp\/v2\/posts"}],"about":[{"href":"https:\/\/serveiseducatius.xtec.cat\/baixllobregat3\/wp-json\/wp\/v2\/types\/post"}],"author":[{"embeddable":true,"href":"https:\/\/serveiseducatius.xtec.cat\/baixllobregat3\/wp-json\/wp\/v2\/users\/35"}],"replies":[{"embeddable":true,"href":"https:\/\/serveiseducatius.xtec.cat\/baixllobregat3\/wp-json\/wp\/v2\/comments?post=9936"}],"version-history":[{"count":2,"href":"https:\/\/serveiseducatius.xtec.cat\/baixllobregat3\/wp-json\/wp\/v2\/posts\/9936\/revisions"}],"predecessor-version":[{"id":9938,"href":"https:\/\/serveiseducatius.xtec.cat\/baixllobregat3\/wp-json\/wp\/v2\/posts\/9936\/revisions\/9938"}],"wp:attachment":[{"href":"https:\/\/serveiseducatius.xtec.cat\/baixllobregat3\/wp-json\/wp\/v2\/media?parent=9936"}],"wp:term":[{"taxonomy":"category","embeddable":true,"href":"https:\/\/serveiseducatius.xtec.cat\/baixllobregat3\/wp-json\/wp\/v2\/categories?post=9936"},{"taxonomy":"post_tag","embeddable":true,"href":"https:\/\/serveiseducatius.xtec.cat\/baixllobregat3\/wp-json\/wp\/v2\/tags?post=9936"}],"curies":[{"name":"wp","href":"https:\/\/api.w.org\/{rel}","templated":true}]}}