{"id":9635,"date":"2019-04-23T00:41:10","date_gmt":"2019-04-22T22:41:10","guid":{"rendered":"http:\/\/serveiseducatius.xtec.cat\/baixllobregat3\/?p=9635"},"modified":"2020-04-13T22:24:47","modified_gmt":"2020-04-13T20:24:47","slug":"jornada-de-llengues-i-cultures-dorigen-coneixer-a-fons-la-diversitat-propiaper-interacturar-en-un-context-global","status":"publish","type":"post","link":"https:\/\/serveiseducatius.xtec.cat\/baixllobregat3\/general\/jornada-de-llengues-i-cultures-dorigen-coneixer-a-fons-la-diversitat-propiaper-interacturar-en-un-context-global\/","title":{"rendered":"I JORNADA DE LLENG\u00dcES I CULTURES D\u2019ORIGEN. Con\u00e8ixer a fons la diversitat pr\u00f2piaper interacturar en un context global."},"content":{"rendered":"<p><img loading=\"lazy\" decoding=\"async\" class=\"alignleft wp-image-15787 size-thumbnail\" src=\"https:\/\/serveiseducatius.xtec.cat\/baixllobregat6\/wp-content\/uploads\/usu778\/2019\/04\/jornadallengua-150x150.png\" alt=\"\" width=\"150\" height=\"150\" \/>El Servei de Lleng\u00fces Estrangeres i d\u2019Origen de la Subdirecci\u00f3 general de Pluriling\u00fcisme organitza la <strong>I Jornada de Lleng\u00fces i Cultures d\u2019Origen<\/strong> adre\u00e7ada al professorat dels centres educatius.<\/p>\n<p>La jornada es far\u00e0 el divendres 17 de maig de 2019, t\u00e9 com a objectiu con\u00e8ixer amb m\u00e9s profunditat les cultures associades als or\u00edgens d\u2019una bona part del nostre alumnat i posar en valor la riquesa que aquesta diversitat ling\u00fc\u00edstica i cultural aporta a l\u2019aula.<\/p>\n<table style=\"border-collapse: collapse; width: 100%;\" border=\"1\">\n<tbody>\n<tr>\n<td style=\"width: 33.3333%; text-align: center;\"><a href=\"http:\/\/xtec.gencat.cat\/web\/.content\/portadesseccions\/02-centres\/activitatsagenda\/pdf\/programa-llengues-i-cultures-dorigen.pdf\" target=\"_blank\" rel=\"noopener noreferrer\">Programa de la jornada<\/a><\/td>\n<td style=\"width: 33.3333%; text-align: center;\"><a href=\"https:\/\/docs.google.com\/forms\/d\/e\/1FAIpQLSeGWd9OhzjDEJyJYcSr1ssjDbLPExWbY8OmslQHVxti1hrrbw\/viewform\" target=\"_blank\" rel=\"noopener noreferrer\">Formulari d&#8217;inscripci\u00f3<\/a><\/td>\n<td style=\"width: 33.3333%; text-align: center;\"><a href=\"http:\/\/www.google.com\/calendar\/event?action=TEMPLATE&amp;text=Inscripci%c3%b3++a+la+Jornada+de+Lleng%c3%bces+i+Cultures+d%27Origen&amp;details=&amp;dates=20190405T00\/20190511T00&amp;location=Ramon+Trias+Fargas,Barcelona\" target=\"_blank\" rel=\"noopener noreferrer\">Afegeix al calendari de google<\/a><\/td>\n<\/tr>\n<\/tbody>\n<\/table>\n","protected":false},"excerpt":{"rendered":"<p>El Servei de Lleng\u00fces Estrangeres i d\u2019Origen de la Subdirecci\u00f3 general de Pluriling\u00fcisme organitza la I Jornada de Lleng\u00fces i Cultures d\u2019Origen adre\u00e7ada al professorat dels centres educatius. La jornada es far\u00e0 el divendres 17 de maig de 2019, t\u00e9 com a objectiu con\u00e8ixer amb m\u00e9s profunditat les cultures associades als or\u00edgens d\u2019una bona part [&hellip;]<\/p>\n","protected":false},"author":5,"featured_media":0,"comment_status":"closed","ping_status":"closed","sticky":false,"template":"","format":"standard","meta":{"_bbp_topic_count":0,"_bbp_reply_count":0,"_bbp_total_topic_count":0,"_bbp_total_reply_count":0,"_bbp_voice_count":0,"_bbp_anonymous_reply_count":0,"_bbp_topic_count_hidden":0,"_bbp_reply_count_hidden":0,"_bbp_forum_subforum_count":0,"site-sidebar-layout":"default","site-content-layout":"","ast-site-content-layout":"","site-content-style":"default","site-sidebar-style":"default","ast-global-header-display":"","ast-banner-title-visibility":"","ast-main-header-display":"","ast-hfb-above-header-display":"","ast-hfb-below-header-display":"","ast-hfb-mobile-header-display":"","site-post-title":"","ast-breadcrumbs-content":"","ast-featured-img":"","footer-sml-layout":"","theme-transparent-header-meta":"","adv-header-id-meta":"","stick-header-meta":"","header-above-stick-meta":"","header-main-stick-meta":"","header-below-stick-meta":"","astra-migrate-meta-layouts":"default","ast-page-background-enabled":"default","ast-page-background-meta":{"desktop":{"background-color":"var(--ast-global-color-4)","background-image":"","background-repeat":"repeat","background-position":"center center","background-size":"auto","background-attachment":"scroll","background-type":"","background-media":"","overlay-type":"","overlay-color":"","overlay-opacity":"","overlay-gradient":""},"tablet":{"background-color":"","background-image":"","background-repeat":"repeat","background-position":"center center","background-size":"auto","background-attachment":"scroll","background-type":"","background-media":"","overlay-type":"","overlay-color":"","overlay-opacity":"","overlay-gradient":""},"mobile":{"background-color":"","background-image":"","background-repeat":"repeat","background-position":"center center","background-size":"auto","background-attachment":"scroll","background-type":"","background-media":"","overlay-type":"","overlay-color":"","overlay-opacity":"","overlay-gradient":""}},"ast-content-background-meta":{"desktop":{"background-color":"var(--ast-global-color-5)","background-image":"","background-repeat":"repeat","background-position":"center center","background-size":"auto","background-attachment":"scroll","background-type":"","background-media":"","overlay-type":"","overlay-color":"","overlay-opacity":"","overlay-gradient":""},"tablet":{"background-color":"var(--ast-global-color-5)","background-image":"","background-repeat":"repeat","background-position":"center center","background-size":"auto","background-attachment":"scroll","background-type":"","background-media":"","overlay-type":"","overlay-color":"","overlay-opacity":"","overlay-gradient":""},"mobile":{"background-color":"var(--ast-global-color-5)","background-image":"","background-repeat":"repeat","background-position":"center center","background-size":"auto","background-attachment":"scroll","background-type":"","background-media":"","overlay-type":"","overlay-color":"","overlay-opacity":"","overlay-gradient":""}},"footnotes":""},"categories":[68,1,69,29],"tags":[284,172,179,226,371],"class_list":["post-9635","post","type-post","status-publish","format-standard","hentry","category-se_elic","category-general","category-llenguesestrangeres","category-portada","tag-dinamitzacio","tag-educacio-primaria","tag-educacio-secundaria","tag-formacio","tag-plurilinguisme"],"post_mailing_queue_ids":[],"_links":{"self":[{"href":"https:\/\/serveiseducatius.xtec.cat\/baixllobregat3\/wp-json\/wp\/v2\/posts\/9635","targetHints":{"allow":["GET"]}}],"collection":[{"href":"https:\/\/serveiseducatius.xtec.cat\/baixllobregat3\/wp-json\/wp\/v2\/posts"}],"about":[{"href":"https:\/\/serveiseducatius.xtec.cat\/baixllobregat3\/wp-json\/wp\/v2\/types\/post"}],"author":[{"embeddable":true,"href":"https:\/\/serveiseducatius.xtec.cat\/baixllobregat3\/wp-json\/wp\/v2\/users\/5"}],"replies":[{"embeddable":true,"href":"https:\/\/serveiseducatius.xtec.cat\/baixllobregat3\/wp-json\/wp\/v2\/comments?post=9635"}],"version-history":[{"count":3,"href":"https:\/\/serveiseducatius.xtec.cat\/baixllobregat3\/wp-json\/wp\/v2\/posts\/9635\/revisions"}],"predecessor-version":[{"id":10196,"href":"https:\/\/serveiseducatius.xtec.cat\/baixllobregat3\/wp-json\/wp\/v2\/posts\/9635\/revisions\/10196"}],"wp:attachment":[{"href":"https:\/\/serveiseducatius.xtec.cat\/baixllobregat3\/wp-json\/wp\/v2\/media?parent=9635"}],"wp:term":[{"taxonomy":"category","embeddable":true,"href":"https:\/\/serveiseducatius.xtec.cat\/baixllobregat3\/wp-json\/wp\/v2\/categories?post=9635"},{"taxonomy":"post_tag","embeddable":true,"href":"https:\/\/serveiseducatius.xtec.cat\/baixllobregat3\/wp-json\/wp\/v2\/tags?post=9635"}],"curies":[{"name":"wp","href":"https:\/\/api.w.org\/{rel}","templated":true}]}}