{"id":9368,"date":"2018-02-22T13:06:50","date_gmt":"2018-02-22T12:06:50","guid":{"rendered":"http:\/\/serveiseducatius.xtec.cat\/baixllobregat3\/?p=9368"},"modified":"2018-02-22T13:06:50","modified_gmt":"2018-02-22T12:06:50","slug":"salo-de-lensenyament-del-14-al-18-de-marc","status":"publish","type":"post","link":"https:\/\/serveiseducatius.xtec.cat\/baixllobregat3\/general\/salo-de-lensenyament-del-14-al-18-de-marc\/","title":{"rendered":"Sal\u00f3 de l&#8217;ensenyament del 14 al 18  de Mar\u00e7"},"content":{"rendered":"<h6><a href=\"http:\/\/www.ensenyament.com\/ca\/home\" target=\"_blank\" rel=\"noopener noreferrer\">Sal\u00f3 de l&#8217;Ensenyament <\/a>presenta una completa i actualitzada oferta d&#8217;estudis de batxillerat, universitaris, altres estudis superiors, complementaris, de formaci\u00f3 professional i idiomes, aix\u00ed com de serveis a l&#8217;educaci\u00f3.<\/h6>\n<ul id=\"aui_3_2_0_1178\">\n<li><strong><a href=\"https:\/\/www.google.com\/search?safe=strict&amp;client=firefox-b-ab&amp;sa=X&amp;biw=1280&amp;bih=910&amp;dcr=0&amp;q=Recinte+de+Montju%C3%AFc+-+Palau+1,+2+i+Pl.+Univers.+Av.+Reina+Maria+Cristina,+s\/n+-+08004+Barcelona&amp;npsic=0&amp;rflfq=1&amp;rlha=0&amp;rllag=41372543,2152285,46&amp;tbm=lcl&amp;ved=0ahUKEwipp8PMparZAhVBoBQKHdRlCFYQtgMIKA&amp;tbs=lrf:!2m1!1e2!3sIAE,lf:1,lf_ui:2&amp;rldoc=1#rlfi=hd:;si:15696717899565443332;mv:!1m3!1d514.6035017469562!2d2.15228515!3d41.3728501!2m3!1f0!2f0!3f0!3m2!1i27!2i33!4f13.1\" target=\"_blank\" rel=\"noopener noreferrer\">Ubicaci\u00f3<\/a>:<\/strong>\u00a0Recinte de Montju\u00efc &#8211; Palau 1, 2 i Pl. Univers. Av. Reina Maria Cristina, s\/n &#8211; 08004 Barcelona<\/li>\n<li><strong>Dates:\u00a0<\/strong>14-18 Mar\u00e7 2018<\/li>\n<li><strong>Horaris:\u00a0<\/strong><br \/>\nDe Dimecres a Divendres: 9h &#8211; 19h<br \/>\nDissabte: 10h &#8211; 20h<br \/>\nDiumenge: 9:30h &#8211; 14:30h<\/li>\n<\/ul>\n","protected":false},"excerpt":{"rendered":"<p>Sal\u00f3 de l&#8217;Ensenyament presenta una completa i actualitzada oferta d&#8217;estudis de batxillerat, universitaris, altres estudis superiors, complementaris, de formaci\u00f3 professional i idiomes, aix\u00ed com de serveis a l&#8217;educaci\u00f3. Ubicaci\u00f3:\u00a0Recinte de Montju\u00efc &#8211; Palau 1, 2 i Pl. Univers. Av. Reina Maria Cristina, s\/n &#8211; 08004 Barcelona Dates:\u00a014-18 Mar\u00e7 2018 Horaris:\u00a0 De Dimecres a Divendres: 9h [&hellip;]<\/p>\n","protected":false},"author":26,"featured_media":9382,"comment_status":"open","ping_status":"closed","sticky":false,"template":"","format":"standard","meta":{"_bbp_topic_count":0,"_bbp_reply_count":0,"_bbp_total_topic_count":0,"_bbp_total_reply_count":0,"_bbp_voice_count":0,"_bbp_anonymous_reply_count":0,"_bbp_topic_count_hidden":0,"_bbp_reply_count_hidden":0,"_bbp_forum_subforum_count":0,"site-sidebar-layout":"default","site-content-layout":"","ast-site-content-layout":"","site-content-style":"default","site-sidebar-style":"default","ast-global-header-display":"","ast-banner-title-visibility":"","ast-main-header-display":"","ast-hfb-above-header-display":"","ast-hfb-below-header-display":"","ast-hfb-mobile-header-display":"","site-post-title":"","ast-breadcrumbs-content":"","ast-featured-img":"","footer-sml-layout":"","theme-transparent-header-meta":"","adv-header-id-meta":"","stick-header-meta":"","header-above-stick-meta":"","header-main-stick-meta":"","header-below-stick-meta":"","astra-migrate-meta-layouts":"default","ast-page-background-enabled":"default","ast-page-background-meta":{"desktop":{"background-color":"var(--ast-global-color-4)","background-image":"","background-repeat":"repeat","background-position":"center center","background-size":"auto","background-attachment":"scroll","background-type":"","background-media":"","overlay-type":"","overlay-color":"","overlay-opacity":"","overlay-gradient":""},"tablet":{"background-color":"","background-image":"","background-repeat":"repeat","background-position":"center center","background-size":"auto","background-attachment":"scroll","background-type":"","background-media":"","overlay-type":"","overlay-color":"","overlay-opacity":"","overlay-gradient":""},"mobile":{"background-color":"","background-image":"","background-repeat":"repeat","background-position":"center center","background-size":"auto","background-attachment":"scroll","background-type":"","background-media":"","overlay-type":"","overlay-color":"","overlay-opacity":"","overlay-gradient":""}},"ast-content-background-meta":{"desktop":{"background-color":"var(--ast-global-color-5)","background-image":"","background-repeat":"repeat","background-position":"center center","background-size":"auto","background-attachment":"scroll","background-type":"","background-media":"","overlay-type":"","overlay-color":"","overlay-opacity":"","overlay-gradient":""},"tablet":{"background-color":"var(--ast-global-color-5)","background-image":"","background-repeat":"repeat","background-position":"center center","background-size":"auto","background-attachment":"scroll","background-type":"","background-media":"","overlay-type":"","overlay-color":"","overlay-opacity":"","overlay-gradient":""},"mobile":{"background-color":"var(--ast-global-color-5)","background-image":"","background-repeat":"repeat","background-position":"center center","background-size":"auto","background-attachment":"scroll","background-type":"","background-media":"","overlay-type":"","overlay-color":"","overlay-opacity":"","overlay-gradient":""}},"footnotes":""},"categories":[1,366,29],"tags":[362,252,364,363],"class_list":["post-9368","post","type-post","status-publish","format-standard","has-post-thumbnail","hentry","category-general","category-orientacio","category-portada","tag-estudis-universitaris","tag-formacio-professional","tag-oferta-destudis","tag-salo-de-lensenyament"],"post_mailing_queue_ids":[],"_links":{"self":[{"href":"https:\/\/serveiseducatius.xtec.cat\/baixllobregat3\/wp-json\/wp\/v2\/posts\/9368","targetHints":{"allow":["GET"]}}],"collection":[{"href":"https:\/\/serveiseducatius.xtec.cat\/baixllobregat3\/wp-json\/wp\/v2\/posts"}],"about":[{"href":"https:\/\/serveiseducatius.xtec.cat\/baixllobregat3\/wp-json\/wp\/v2\/types\/post"}],"author":[{"embeddable":true,"href":"https:\/\/serveiseducatius.xtec.cat\/baixllobregat3\/wp-json\/wp\/v2\/users\/26"}],"replies":[{"embeddable":true,"href":"https:\/\/serveiseducatius.xtec.cat\/baixllobregat3\/wp-json\/wp\/v2\/comments?post=9368"}],"version-history":[{"count":2,"href":"https:\/\/serveiseducatius.xtec.cat\/baixllobregat3\/wp-json\/wp\/v2\/posts\/9368\/revisions"}],"predecessor-version":[{"id":9370,"href":"https:\/\/serveiseducatius.xtec.cat\/baixllobregat3\/wp-json\/wp\/v2\/posts\/9368\/revisions\/9370"}],"wp:featuredmedia":[{"embeddable":true,"href":"https:\/\/serveiseducatius.xtec.cat\/baixllobregat3\/wp-json\/wp\/v2\/media\/9382"}],"wp:attachment":[{"href":"https:\/\/serveiseducatius.xtec.cat\/baixllobregat3\/wp-json\/wp\/v2\/media?parent=9368"}],"wp:term":[{"taxonomy":"category","embeddable":true,"href":"https:\/\/serveiseducatius.xtec.cat\/baixllobregat3\/wp-json\/wp\/v2\/categories?post=9368"},{"taxonomy":"post_tag","embeddable":true,"href":"https:\/\/serveiseducatius.xtec.cat\/baixllobregat3\/wp-json\/wp\/v2\/tags?post=9368"}],"curies":[{"name":"wp","href":"https:\/\/api.w.org\/{rel}","templated":true}]}}