{"id":9263,"date":"2018-01-18T13:38:37","date_gmt":"2018-01-18T12:38:37","guid":{"rendered":"http:\/\/serveiseducatius.xtec.cat\/baixllobregat3\/?p=9263"},"modified":"2018-02-22T13:19:01","modified_gmt":"2018-02-22T12:19:01","slug":"la-falsa-tensio-entre-materies-i-competencies-en-el-treball-per-projectes-ossos-formiguers-pernils-i-rockn-roll","status":"publish","type":"post","link":"https:\/\/serveiseducatius.xtec.cat\/baixllobregat3\/general\/la-falsa-tensio-entre-materies-i-competencies-en-el-treball-per-projectes-ossos-formiguers-pernils-i-rockn-roll\/","title":{"rendered":"La (falsa) tensi\u00f3 entre mat\u00e8ries i compet\u00e8ncies en el treball per projectes. &#8220;\u00d3ssos formiguers, pernils i rock&#8217;n roll&#8221;"},"content":{"rendered":"<p style=\"text-align: justify;\"><a href=\"http:\/\/serveiseducatius.xtec.cat\/baixllobregat3\/wp-content\/uploads\/usu1182\/2017\/12\/Captura-e1516279475237.png\"><img loading=\"lazy\" decoding=\"async\" class=\"size-full wp-image-9264 alignleft\" src=\"http:\/\/serveiseducatius.xtec.cat\/baixllobregat3\/wp-content\/uploads\/usu1182\/2017\/12\/Captura-e1516279475237.png\" alt=\"\" width=\"378\" height=\"300\" \/><\/a><\/p>\n<p style=\"text-align: justify;\">Jordi\u00a0<span class=\"m_-485997936232160213gmail-hiddenSpellError\">Dom\u00e8nech<\/span>\u00a0(professor de ci\u00e8ncies a l&#8217;Institut Marta Estrada de Granollers i professor associat de la UAB) i Sergi del Moral (professor de matem\u00e0tiques i cap d&#8217;estudis a l&#8217;Institut-Escola Les Vinyes de Castellbisbal) van realitzar la confer\u00e8ncia: La (falsa) tensi\u00f3 entre mat\u00e8ries i compet\u00e8ncies en el treball per projectes. &#8220;\u00d3ssos formiguers, pernils i\u00a0<span class=\"m_-485997936232160213gmail-hiddenGrammarError\">rock&#8217;n<\/span>\u00a0roll&#8221; a les instal\u00b7lacions del Servei Educatiu.<\/p>\n<p style=\"text-align: justify;\">Els ponents van parlar de les diferents experi\u00e8ncies que han tingut a les aules a l&#8217;hora d&#8217;implementar el treball per projectes, aspectes organitzatius, did\u00e0ctics i metodol\u00f2gics, tot\u00a0explicat\u00a0amb una gran\u00a0quantitat\u00a0d&#8217;exemples i situacions que portaven a la\u00a0reflexi\u00f3\u00a0sobre l&#8217;actuaci\u00f3 docent avui dia. Tamb\u00e9, van tractar temes com els objectius, les compet\u00e8ncies i els continguts del curr\u00edculum dins del marc del treball per projectes. Van recalcar que no hi ha\u00a0una f\u00f3rmula\u00a0secreta que ajudi als docents a crear un projecte, sin\u00f3 que l&#8217;\u00e8xit est\u00e0\u00a0a\u00a0aprendre de l&#8217;assaig-error durant l&#8217;exercici docent.<\/p>\n<div class=\"yj6qo ajU\">\n<div id=\":1kh\" class=\"ajR\" tabindex=\"0\" data-tooltip=\"Mostra el contingut redu\u00eft\"><img decoding=\"async\" class=\"ajT\" src=\"https:\/\/ssl.gstatic.com\/ui\/v1\/icons\/mail\/images\/cleardot.gif\" \/><\/div>\n<\/div>\n<p>&nbsp;<\/p>\n","protected":false},"excerpt":{"rendered":"<p>Jordi\u00a0Dom\u00e8nech\u00a0(professor de ci\u00e8ncies a l&#8217;Institut Marta Estrada de Granollers i professor associat de la UAB) i Sergi del Moral (professor de matem\u00e0tiques i cap d&#8217;estudis a l&#8217;Institut-Escola Les Vinyes de Castellbisbal) van realitzar la confer\u00e8ncia: La (falsa) tensi\u00f3 entre mat\u00e8ries i compet\u00e8ncies en el treball per projectes. &#8220;\u00d3ssos formiguers, pernils i\u00a0rock&#8217;n\u00a0roll&#8221; a les instal\u00b7lacions del [&hellip;]<\/p>\n","protected":false},"author":26,"featured_media":9264,"comment_status":"closed","ping_status":"closed","sticky":false,"template":"","format":"standard","meta":{"_bbp_topic_count":0,"_bbp_reply_count":0,"_bbp_total_topic_count":0,"_bbp_total_reply_count":0,"_bbp_voice_count":0,"_bbp_anonymous_reply_count":0,"_bbp_topic_count_hidden":0,"_bbp_reply_count_hidden":0,"_bbp_forum_subforum_count":0,"site-sidebar-layout":"default","site-content-layout":"","ast-site-content-layout":"","site-content-style":"default","site-sidebar-style":"default","ast-global-header-display":"","ast-banner-title-visibility":"","ast-main-header-display":"","ast-hfb-above-header-display":"","ast-hfb-below-header-display":"","ast-hfb-mobile-header-display":"","site-post-title":"","ast-breadcrumbs-content":"","ast-featured-img":"","footer-sml-layout":"","theme-transparent-header-meta":"","adv-header-id-meta":"","stick-header-meta":"","header-above-stick-meta":"","header-main-stick-meta":"","header-below-stick-meta":"","astra-migrate-meta-layouts":"default","ast-page-background-enabled":"default","ast-page-background-meta":{"desktop":{"background-color":"var(--ast-global-color-4)","background-image":"","background-repeat":"repeat","background-position":"center center","background-size":"auto","background-attachment":"scroll","background-type":"","background-media":"","overlay-type":"","overlay-color":"","overlay-opacity":"","overlay-gradient":""},"tablet":{"background-color":"","background-image":"","background-repeat":"repeat","background-position":"center center","background-size":"auto","background-attachment":"scroll","background-type":"","background-media":"","overlay-type":"","overlay-color":"","overlay-opacity":"","overlay-gradient":""},"mobile":{"background-color":"","background-image":"","background-repeat":"repeat","background-position":"center center","background-size":"auto","background-attachment":"scroll","background-type":"","background-media":"","overlay-type":"","overlay-color":"","overlay-opacity":"","overlay-gradient":""}},"ast-content-background-meta":{"desktop":{"background-color":"var(--ast-global-color-5)","background-image":"","background-repeat":"repeat","background-position":"center center","background-size":"auto","background-attachment":"scroll","background-type":"","background-media":"","overlay-type":"","overlay-color":"","overlay-opacity":"","overlay-gradient":""},"tablet":{"background-color":"var(--ast-global-color-5)","background-image":"","background-repeat":"repeat","background-position":"center center","background-size":"auto","background-attachment":"scroll","background-type":"","background-media":"","overlay-type":"","overlay-color":"","overlay-opacity":"","overlay-gradient":""},"mobile":{"background-color":"var(--ast-global-color-5)","background-image":"","background-repeat":"repeat","background-position":"center center","background-size":"auto","background-attachment":"scroll","background-type":"","background-media":"","overlay-type":"","overlay-color":"","overlay-opacity":"","overlay-gradient":""}},"footnotes":""},"categories":[251,154,1,153,29],"tags":[295,353,172,179,226,352],"class_list":["post-9263","post","type-post","status-publish","format-standard","has-post-thumbnail","hentry","category-dinamica-educativa","category-formacio","category-general","category-pfz","category-portada","tag-competencies","tag-conferencia","tag-educacio-primaria","tag-educacio-secundaria","tag-formacio","tag-treball-globalitzat"],"post_mailing_queue_ids":[],"_links":{"self":[{"href":"https:\/\/serveiseducatius.xtec.cat\/baixllobregat3\/wp-json\/wp\/v2\/posts\/9263","targetHints":{"allow":["GET"]}}],"collection":[{"href":"https:\/\/serveiseducatius.xtec.cat\/baixllobregat3\/wp-json\/wp\/v2\/posts"}],"about":[{"href":"https:\/\/serveiseducatius.xtec.cat\/baixllobregat3\/wp-json\/wp\/v2\/types\/post"}],"author":[{"embeddable":true,"href":"https:\/\/serveiseducatius.xtec.cat\/baixllobregat3\/wp-json\/wp\/v2\/users\/26"}],"replies":[{"embeddable":true,"href":"https:\/\/serveiseducatius.xtec.cat\/baixllobregat3\/wp-json\/wp\/v2\/comments?post=9263"}],"version-history":[{"count":4,"href":"https:\/\/serveiseducatius.xtec.cat\/baixllobregat3\/wp-json\/wp\/v2\/posts\/9263\/revisions"}],"predecessor-version":[{"id":9385,"href":"https:\/\/serveiseducatius.xtec.cat\/baixllobregat3\/wp-json\/wp\/v2\/posts\/9263\/revisions\/9385"}],"wp:featuredmedia":[{"embeddable":true,"href":"https:\/\/serveiseducatius.xtec.cat\/baixllobregat3\/wp-json\/wp\/v2\/media\/9264"}],"wp:attachment":[{"href":"https:\/\/serveiseducatius.xtec.cat\/baixllobregat3\/wp-json\/wp\/v2\/media?parent=9263"}],"wp:term":[{"taxonomy":"category","embeddable":true,"href":"https:\/\/serveiseducatius.xtec.cat\/baixllobregat3\/wp-json\/wp\/v2\/categories?post=9263"},{"taxonomy":"post_tag","embeddable":true,"href":"https:\/\/serveiseducatius.xtec.cat\/baixllobregat3\/wp-json\/wp\/v2\/tags?post=9263"}],"curies":[{"name":"wp","href":"https:\/\/api.w.org\/{rel}","templated":true}]}}