{"id":9115,"date":"2017-09-25T17:22:04","date_gmt":"2017-09-25T15:22:04","guid":{"rendered":"http:\/\/serveiseducatius.xtec.cat\/baixllobregat3\/?p=9115"},"modified":"2017-09-25T17:22:04","modified_gmt":"2017-09-25T15:22:04","slug":"workshop-dinclusio-dinfants-amb-discapacitat-motriu-dorigen-neurologic-a-les-sessions-deducacio-fisica-a-lescola-ordinaria","status":"publish","type":"post","link":"https:\/\/serveiseducatius.xtec.cat\/baixllobregat3\/general\/workshop-dinclusio-dinfants-amb-discapacitat-motriu-dorigen-neurologic-a-les-sessions-deducacio-fisica-a-lescola-ordinaria\/","title":{"rendered":"Workshop d&#8217;inclusi\u00f3 d&#8217;infants amb discapacitat motriu d&#8217;origen neurol\u00f2gic a les sessions d&#8217;educaci\u00f3 f\u00edsica a l&#8217;escola ordin\u00e0ria"},"content":{"rendered":"<p style=\"text-align: justify;\">El workshop va dirigit a professionals que tenen algun alumne amb discapacitat f\u00edsica d&#8217;origen neurol\u00f2gic a les seves aules. <strong>L&#8217;objectiu d&#8217;aquesta formaci\u00f3 \u00e9s con\u00e8ixer la filosofia de l&#8217;escola inclusiva i dotar de recursos te\u00f2rics i pr\u00e0ctics per tal d&#8217;ajudar a aplicar estrat\u00e8gies metodol\u00f2giques que afavoreixin la inclusi\u00f3 de l&#8217;infant amb una discapacitat neurol\u00f2gica<\/strong>. Es tracta de modificar els jocs, els esports i les sessions d&#8217;educaci\u00f3 d\u00edsica tradicional i fer-los aptes i divertits per a tothom.<\/p>\n<p style=\"text-align: justify;\"><a href=\"http:\/\/serveiseducatius.xtec.cat\/baixllobregat3\/wp-content\/uploads\/usu1182\/2016\/09\/unnamed-1.jpg\"><img loading=\"lazy\" decoding=\"async\" class=\"aligncenter size-large wp-image-8558\" src=\"http:\/\/serveiseducatius.xtec.cat\/baixllobregat3\/wp-content\/uploads\/usu1182\/2016\/09\/unnamed-1-1024x768.jpg\" alt=\"\" width=\"1024\" height=\"768\" srcset=\"https:\/\/serveiseducatius.xtec.cat\/baixllobregat3\/wp-content\/uploads\/usu1182\/2016\/09\/unnamed-1-1024x768.jpg 1024w, https:\/\/serveiseducatius.xtec.cat\/baixllobregat3\/wp-content\/uploads\/usu1182\/2016\/09\/unnamed-1-300x225.jpg 300w, https:\/\/serveiseducatius.xtec.cat\/baixllobregat3\/wp-content\/uploads\/usu1182\/2016\/09\/unnamed-1-768x576.jpg 768w, https:\/\/serveiseducatius.xtec.cat\/baixllobregat3\/wp-content\/uploads\/usu1182\/2016\/09\/unnamed-1-200x150.jpg 200w\" sizes=\"auto, (max-width: 1024px) 100vw, 1024px\" \/><\/a><\/p>\n<p style=\"text-align: justify;\"><strong>PROFESSORAT: \u00a0<\/strong>Jordi Finestres Alberola I \u00a0Carles Yepes Bald\u00f3 (Mestres d\u2019educaci\u00f3 f\u00edsica).<\/p>\n<p style=\"text-align: justify;\"><strong>DATES:\u00a010 i 17 octubre<\/strong><\/p>\n<p style=\"text-align: justify;\"><strong>HORARI:\u00a0<\/strong>de 18:15 a 20:15 h<\/p>\n<p style=\"text-align: justify;\"><strong>LLOC: \u00a0<\/strong>Escola\u00a0Rafael Casanova. C. J. Rubi\u00f3 i Ors, 97-99. Sant Boi de Llobregat<\/p>\n<p style=\"text-align: justify;\"><strong>Per a les pr\u00e0ctiques de les dues sessions cal portar roba esportiva i sabatilles esportives.<\/strong><\/p>\n<p style=\"text-align: justify;\"><strong><a href=\"https:\/\/docs.google.com\/forms\/d\/1UhEmgp7F4QZ2M_SloI5WqcS5Ah6E5-stiZCjewQMzGw\/edit\">Formulari d&#8217;inscripci\u00f3<\/a><\/strong><\/p>\n<p style=\"text-align: justify;\"><span style=\"text-decoration: underline;\">Objectiu:<\/span><\/p>\n<p style=\"text-align: justify;\">Introduir els participants en els fonaments teoricopr\u00e0ctics que els capacitin per impartir activitat f\u00edsica inclusives en la qual pugui participar qualsevol persona, independentment de les seves habilitats motrius o cognitives i amb discapacitat o sense.<\/p>\n<ul>\n<li style=\"text-align: justify;\">Donar a con\u00e8ixer estrat\u00e8gies i estructures de sessi\u00f3 que facilitin la inclusi\u00f3 de les persones amb discapacitat en les sessions d&#8217;educaci\u00f3 f\u00edsica en grups ordinaris.<\/li>\n<li style=\"text-align: justify;\">Crear unitats did\u00e0ctiques on tos els estudiants tinguin cabuda.<\/li>\n<li style=\"text-align: justify;\">Facilitar un marc de reflexi\u00f3 sobre la inclusi\u00f3 i normalitzaci\u00f3 social mitjan\u00e7ant l&#8217;educaci\u00f3 f\u00edsica.<\/li>\n<\/ul>\n<p><span style=\"text-decoration: underline;\">Continguts:<\/span><\/p>\n<ol>\n<li>Coneixement de la discapacitat motriu.<\/li>\n<li>Coneixement de diferents metodologies per facilitar la inclusi\u00f3.<\/li>\n<\/ol>\n<p><span style=\"text-decoration: underline;\">Estructura del curs:<\/span><\/p>\n<p>Constar\u00e0 de dues sessions de dues hores que es distribuiran en part pr\u00e0ctica (90%) i part te\u00f2rica (10%).<\/p>\n<p>Prat pr\u00e0ctica<\/p>\n<ul>\n<li>Estrat\u00e8gies i recursos en les sessions d&#8217;educaci\u00f3 f\u00edsica.<\/li>\n<li>Estructura d&#8217;una sessi\u00f3 d&#8217;un grup\/classe per arribar a tots els infants segons la diversitat de capacitats i el seu desenvolupament motor.<\/li>\n<li>Realitzaci\u00f3 de transfer\u00e8ncies terap\u00e8utiques usu\u00e0ries de cadira de rodes i altres ortesis.<\/li>\n<li>Estructura d&#8217;una programaci\u00f3 d&#8217;educaci\u00f3 f\u00edsica inclusiva.<\/li>\n<\/ul>\n<p>Part te\u00f2rica<\/p>\n<ul>\n<li>Reflexi\u00f3 i posada en com\u00fa de la pr\u00e0ctica realitzada amb tots els participants.<\/li>\n<\/ul>\n","protected":false},"excerpt":{"rendered":"<p>El workshop va dirigit a professionals que tenen algun alumne amb discapacitat f\u00edsica d&#8217;origen neurol\u00f2gic a les seves aules. L&#8217;objectiu d&#8217;aquesta formaci\u00f3 \u00e9s con\u00e8ixer la filosofia de l&#8217;escola inclusiva i dotar de recursos te\u00f2rics i pr\u00e0ctics per tal d&#8217;ajudar a aplicar estrat\u00e8gies metodol\u00f2giques que afavoreixin la inclusi\u00f3 de l&#8217;infant amb una discapacitat neurol\u00f2gica. Es tracta [&hellip;]<\/p>\n","protected":false},"author":5,"featured_media":8560,"comment_status":"open","ping_status":"closed","sticky":false,"template":"","format":"standard","meta":{"_bbp_topic_count":0,"_bbp_reply_count":0,"_bbp_total_topic_count":0,"_bbp_total_reply_count":0,"_bbp_voice_count":0,"_bbp_anonymous_reply_count":0,"_bbp_topic_count_hidden":0,"_bbp_reply_count_hidden":0,"_bbp_forum_subforum_count":0,"site-sidebar-layout":"default","site-content-layout":"","ast-site-content-layout":"","site-content-style":"default","site-sidebar-style":"default","ast-global-header-display":"","ast-banner-title-visibility":"","ast-main-header-display":"","ast-hfb-above-header-display":"","ast-hfb-below-header-display":"","ast-hfb-mobile-header-display":"","site-post-title":"","ast-breadcrumbs-content":"","ast-featured-img":"","footer-sml-layout":"","theme-transparent-header-meta":"","adv-header-id-meta":"","stick-header-meta":"","header-above-stick-meta":"","header-main-stick-meta":"","header-below-stick-meta":"","astra-migrate-meta-layouts":"default","ast-page-background-enabled":"default","ast-page-background-meta":{"desktop":{"background-color":"var(--ast-global-color-4)","background-image":"","background-repeat":"repeat","background-position":"center center","background-size":"auto","background-attachment":"scroll","background-type":"","background-media":"","overlay-type":"","overlay-color":"","overlay-opacity":"","overlay-gradient":""},"tablet":{"background-color":"","background-image":"","background-repeat":"repeat","background-position":"center center","background-size":"auto","background-attachment":"scroll","background-type":"","background-media":"","overlay-type":"","overlay-color":"","overlay-opacity":"","overlay-gradient":""},"mobile":{"background-color":"","background-image":"","background-repeat":"repeat","background-position":"center center","background-size":"auto","background-attachment":"scroll","background-type":"","background-media":"","overlay-type":"","overlay-color":"","overlay-opacity":"","overlay-gradient":""}},"ast-content-background-meta":{"desktop":{"background-color":"var(--ast-global-color-5)","background-image":"","background-repeat":"repeat","background-position":"center center","background-size":"auto","background-attachment":"scroll","background-type":"","background-media":"","overlay-type":"","overlay-color":"","overlay-opacity":"","overlay-gradient":""},"tablet":{"background-color":"var(--ast-global-color-5)","background-image":"","background-repeat":"repeat","background-position":"center center","background-size":"auto","background-attachment":"scroll","background-type":"","background-media":"","overlay-type":"","overlay-color":"","overlay-opacity":"","overlay-gradient":""},"mobile":{"background-color":"var(--ast-global-color-5)","background-image":"","background-repeat":"repeat","background-position":"center center","background-size":"auto","background-attachment":"scroll","background-type":"","background-media":"","overlay-type":"","overlay-color":"","overlay-opacity":"","overlay-gradient":""}},"footnotes":""},"categories":[66,67,1,29],"tags":[88,215],"class_list":["post-9115","post","type-post","status-publish","format-standard","has-post-thumbnail","hentry","category-dinamitzacio","category-se_eap","category-general","category-portada","tag-discapacitat","tag-formacio-permanent-del-professorat"],"post_mailing_queue_ids":[],"_links":{"self":[{"href":"https:\/\/serveiseducatius.xtec.cat\/baixllobregat3\/wp-json\/wp\/v2\/posts\/9115","targetHints":{"allow":["GET"]}}],"collection":[{"href":"https:\/\/serveiseducatius.xtec.cat\/baixllobregat3\/wp-json\/wp\/v2\/posts"}],"about":[{"href":"https:\/\/serveiseducatius.xtec.cat\/baixllobregat3\/wp-json\/wp\/v2\/types\/post"}],"author":[{"embeddable":true,"href":"https:\/\/serveiseducatius.xtec.cat\/baixllobregat3\/wp-json\/wp\/v2\/users\/5"}],"replies":[{"embeddable":true,"href":"https:\/\/serveiseducatius.xtec.cat\/baixllobregat3\/wp-json\/wp\/v2\/comments?post=9115"}],"version-history":[{"count":3,"href":"https:\/\/serveiseducatius.xtec.cat\/baixllobregat3\/wp-json\/wp\/v2\/posts\/9115\/revisions"}],"predecessor-version":[{"id":9118,"href":"https:\/\/serveiseducatius.xtec.cat\/baixllobregat3\/wp-json\/wp\/v2\/posts\/9115\/revisions\/9118"}],"wp:featuredmedia":[{"embeddable":true,"href":"https:\/\/serveiseducatius.xtec.cat\/baixllobregat3\/wp-json\/wp\/v2\/media\/8560"}],"wp:attachment":[{"href":"https:\/\/serveiseducatius.xtec.cat\/baixllobregat3\/wp-json\/wp\/v2\/media?parent=9115"}],"wp:term":[{"taxonomy":"category","embeddable":true,"href":"https:\/\/serveiseducatius.xtec.cat\/baixllobregat3\/wp-json\/wp\/v2\/categories?post=9115"},{"taxonomy":"post_tag","embeddable":true,"href":"https:\/\/serveiseducatius.xtec.cat\/baixllobregat3\/wp-json\/wp\/v2\/tags?post=9115"}],"curies":[{"name":"wp","href":"https:\/\/api.w.org\/{rel}","templated":true}]}}