{"id":6536,"date":"2016-10-19T10:00:30","date_gmt":"2016-10-19T09:00:30","guid":{"rendered":"http:\/\/serveiseducatius.xtec.cat\/se-baixllobregat6\/?p=6536"},"modified":"2016-11-14T13:42:15","modified_gmt":"2016-11-14T12:42:15","slug":"workshop-dinclusio","status":"publish","type":"post","link":"https:\/\/serveiseducatius.xtec.cat\/baixllobregat3\/sebll3\/se_eap\/workshop-dinclusio\/","title":{"rendered":"Workshop d\u2019inclusi\u00f3 d\u2019infants: taller a Sant Boi"},"content":{"rendered":"<p><strong><a href=\"http:\/\/serveiseducatius.xtec.cat\/baixllobregat3\/wp-content\/uploads\/usu1182\/2016\/09\/unnamed-1.jpg\"><img loading=\"lazy\" decoding=\"async\" class=\"alignnone wp-image-8558\" src=\"http:\/\/serveiseducatius.xtec.cat\/baixllobregat3\/wp-content\/uploads\/usu1182\/2016\/09\/unnamed-1-1024x768.jpg\" alt=\"unnamed-1\" width=\"539\" height=\"404\" srcset=\"https:\/\/serveiseducatius.xtec.cat\/baixllobregat3\/wp-content\/uploads\/usu1182\/2016\/09\/unnamed-1-1024x768.jpg 1024w, https:\/\/serveiseducatius.xtec.cat\/baixllobregat3\/wp-content\/uploads\/usu1182\/2016\/09\/unnamed-1-300x225.jpg 300w, https:\/\/serveiseducatius.xtec.cat\/baixllobregat3\/wp-content\/uploads\/usu1182\/2016\/09\/unnamed-1-768x576.jpg 768w, https:\/\/serveiseducatius.xtec.cat\/baixllobregat3\/wp-content\/uploads\/usu1182\/2016\/09\/unnamed-1-200x150.jpg 200w\" sizes=\"auto, (max-width: 539px) 100vw, 539px\" \/><\/a> <a href=\"http:\/\/serveiseducatius.xtec.cat\/baixllobregat3\/wp-content\/uploads\/usu1182\/2016\/09\/unnamed-3.jpg\"><img loading=\"lazy\" decoding=\"async\" class=\"alignnone wp-image-8559\" src=\"http:\/\/serveiseducatius.xtec.cat\/baixllobregat3\/wp-content\/uploads\/usu1182\/2016\/09\/unnamed-3-1024x768.jpg\" alt=\"unnamed-3\" width=\"547\" height=\"410\" srcset=\"https:\/\/serveiseducatius.xtec.cat\/baixllobregat3\/wp-content\/uploads\/usu1182\/2016\/09\/unnamed-3-1024x768.jpg 1024w, https:\/\/serveiseducatius.xtec.cat\/baixllobregat3\/wp-content\/uploads\/usu1182\/2016\/09\/unnamed-3-300x225.jpg 300w, https:\/\/serveiseducatius.xtec.cat\/baixllobregat3\/wp-content\/uploads\/usu1182\/2016\/09\/unnamed-3-768x576.jpg 768w, https:\/\/serveiseducatius.xtec.cat\/baixllobregat3\/wp-content\/uploads\/usu1182\/2016\/09\/unnamed-3-200x150.jpg 200w\" sizes=\"auto, (max-width: 547px) 100vw, 547px\" \/><\/a> <a href=\"http:\/\/serveiseducatius.xtec.cat\/baixllobregat3\/wp-content\/uploads\/usu1182\/2016\/09\/unnamed.jpg\"><img loading=\"lazy\" decoding=\"async\" class=\"alignnone wp-image-8560\" src=\"http:\/\/serveiseducatius.xtec.cat\/baixllobregat3\/wp-content\/uploads\/usu1182\/2016\/09\/unnamed-1024x768.jpg\" alt=\"unnamed\" width=\"627\" height=\"470\" srcset=\"https:\/\/serveiseducatius.xtec.cat\/baixllobregat3\/wp-content\/uploads\/usu1182\/2016\/09\/unnamed-1024x768.jpg 1024w, https:\/\/serveiseducatius.xtec.cat\/baixllobregat3\/wp-content\/uploads\/usu1182\/2016\/09\/unnamed-300x225.jpg 300w, https:\/\/serveiseducatius.xtec.cat\/baixllobregat3\/wp-content\/uploads\/usu1182\/2016\/09\/unnamed-768x576.jpg 768w, https:\/\/serveiseducatius.xtec.cat\/baixllobregat3\/wp-content\/uploads\/usu1182\/2016\/09\/unnamed-200x150.jpg 200w\" sizes=\"auto, (max-width: 627px) 100vw, 627px\" \/><\/a><\/strong><br \/>\nEl dia 18 es va fer la segona sessi\u00f3 amb la participaci\u00f3 de diversos professionals dels nostres centres educatius.<\/p>\n<div id=\"js_z\" class=\"_5pbx userContent\" data-ft=\"{&quot;tn&quot;:&quot;K&quot;}\"><\/div>\n<div class=\"_5pbx userContent\" data-ft=\"{&quot;tn&quot;:&quot;K&quot;}\">\n<p><em><strong>(El programa <a href=\"https:\/\/www.facebook.com\/somelquefem\/\">Som el que fem<\/a> de <a href=\"https:\/\/www.facebook.com\/tv3\/\">TV3<\/a> va estar dedicat\u00a0 a &#8220;Mou-te i veur\u00e0s!&#8221; que organitza cada primavera\u00a0 l&#8217;Institut Guttmann.\u00a0<\/strong><\/em><em><strong><a href=\"http:\/\/www.ccma.cat\/tv3\/alacarta\/som-el-que-fem\/mou-te-i-veuras\/video\/5621493\/#\" target=\"_blank\">Video del programa<\/a>&#8220;.)<\/strong><\/em><\/p>\n<\/div>\n<div class=\"_5pbx userContent\" data-ft=\"{&quot;tn&quot;:&quot;K&quot;}\"><\/div>\n<div class=\"_5pbx userContent\" data-ft=\"{&quot;tn&quot;:&quot;K&quot;}\"><\/div>\n<p>Aquest taller formatiu, incl\u00f2s al seminari d&#8217;especialistes d&#8217;educaci\u00f3 f\u00edsica i obert a les persones interessades, s&#8217;adre\u00e7\u00e0 a fisioterapeutes, mestres i professors d\u2019Educaci\u00f3 F\u00edsica d\u2019escoles ordin\u00e0ries que tenen algun alumne amb discapacitat f\u00edsica d\u2019origen neurol\u00f2gic a les seves aules. L\u2019<strong>objectiu d\u2019aquesta formaci\u00f3 \u00e9s con\u00e8ixer la filosofia de l\u2019escola inclusiva<\/strong> <strong>i dotar de recursos te\u00f2rics i pr\u00e0ctics per tal d\u2019ajudar a aplicar estrat\u00e8gies metodol\u00f2giques que afavoreixin la inclusi\u00f3 de l\u2019infant<\/strong> amb una discapacitat neurol\u00f2gica o d&#8217;altres discapacitats. Es tracta de modificar els jocs, els esports i les sessions d\u2019educaci\u00f3 f\u00edsica tradicional i fer-los aptes i divertits per a tothom.<\/p>\n<p>&nbsp;<\/p>\n<p><strong>PROFESSORAT: \u00a0<\/strong>Jordi Finestres Alberola I \u00a0Carles Yepes Bald\u00f3 (Mestres d\u2019educaci\u00f3 f\u00edsica).<\/p>\n<p><strong>DATES:\u00a011 i 18 octubre<\/strong><\/p>\n<p><strong>HORARI:\u00a0<\/strong>de 18 a 20 h<\/p>\n<p><strong>LLOC: \u00a0<\/strong>Escola Ciurana, Carrer Manuel de Falla 2, Sant Boi de Llobregat<\/p>\n<p>&nbsp;<\/p>\n<p><u><\/u><strong><u>Objectiu:<\/u><\/strong><\/p>\n<p><strong>Introduir els participants en <\/strong><strong>els fonaments teoricopr\u00e0ctics que els capacitin per impartir activitat f\u00edsica \u00a0inclusives en la qual pugui participar qualsevol persona, independentment de les seves habilitats motrius o cognitives i amb discapacitat\u00a0 o sense.<\/strong><\/p>\n<ul>\n<li>Donant a con\u00e8ixer estrat\u00e8gies i estructures de sessi\u00f3 que facilitin la inclusi\u00f3 de les persones amb discapacitat en les sessions d\u2019educaci\u00f3 f\u00edsica en grups ordinaris.<\/li>\n<\/ul>\n<ul>\n<li>Creant unitats did\u00e0ctiques on tots els estudiats tinguin cabuda<\/li>\n<\/ul>\n<ul>\n<li>Facilitant un marc de reflexi\u00f3 sobre la inclusi\u00f3 i normalitzaci\u00f3 social mitjan\u00e7ant l&#8217;educaci\u00f3 f\u00edsica.<\/li>\n<\/ul>\n<p><strong><u>Continguts:<\/u><\/strong><\/p>\n<ol>\n<li>Coneixement de la discapacitat motriu<\/li>\n<li>Coneixement de diferents metodologies per facilitar la inclusi\u00f3<\/li>\n<\/ol>\n<p><strong><u>Estructura del curs<\/u><\/strong><\/p>\n<p>El curs va constar de 2 sessions de 2 hores que es distribuiran en part pr\u00e0ctica, 90% i te\u00f2ric el 10%<\/p>\n<p><strong>Part pr\u00e0ctica <\/strong><\/p>\n<ul>\n<li>Estrat\u00e8gies i recursos en les sessions d\u2019educaci\u00f3 f\u00edsica<\/li>\n<li>Estructura d\u2019una sessi\u00f3 d\u2019un grup\/classe per arribar a tots els infants segons la diversitat de capacitats i el seu desenvolupament motor.<\/li>\n<li>Realitzaci\u00f3 de transfer\u00e8ncies terap\u00e8utiques usu\u00e0ries de cadira de rodes i altres ortesis.<\/li>\n<li>Estructura d\u2019una programaci\u00f3 d\u2019educaci\u00f3 f\u00edsica inclusiva<\/li>\n<\/ul>\n<p><strong>Part te\u00f2rica <\/strong><\/p>\n<p>Reflexi\u00f3 i posada en com\u00fa de la pr\u00e0ctica realitzada amb tots els participants.<\/p>\n<p><strong>Objectius <\/strong><\/p>\n<ul>\n<li>Con\u00e8ixer la discapacitat motriu<\/li>\n<li>Con\u00e8ixer diferents transfer\u00e8ncies esportives dels infants amb discapacitat en diferents espais.<\/li>\n<li>Aprendre adaptacions i orientacions did\u00e0ctiques que facilitin la participaci\u00f3 de tothom<\/li>\n<\/ul>\n<table style=\"height: 893px;\" width=\"933\">\n<tbody>\n<tr>\n<td colspan=\"3\" width=\"576\"><strong>1a. SESSI\u00d3, \u00a0dia 11 d&#8217;octubre de 2016<\/strong><\/td>\n<\/tr>\n<tr>\n<td width=\"92\"><strong>18:00 a 18:30<\/strong><\/td>\n<td width=\"389\">Presentaci\u00f3<\/td>\n<td width=\"95\">Teoria<\/td>\n<\/tr>\n<tr>\n<td width=\"92\"><strong>18:30 a 19:00<\/strong><\/td>\n<td width=\"389\">Jocs de ritme i moviment<\/td>\n<td width=\"95\">Pr\u00e0ctica<\/td>\n<\/tr>\n<tr>\n<td width=\"92\"><strong>19:00 a 19:30<\/strong><\/td>\n<td width=\"389\">Transfer\u00e8ncies terap\u00e8utiques esportives amb alumnes amb gran discapacitat<\/td>\n<td width=\"95\">Pr\u00e0ctica<\/td>\n<\/tr>\n<tr>\n<td width=\"92\"><strong>19:30 a 20:00<\/strong><\/td>\n<td width=\"389\">Playing together (pensa, comparteix i actua)<\/td>\n<td width=\"95\"><strong>Pr\u00e0ctica<\/strong><\/td>\n<\/tr>\n<tr>\n<td colspan=\"3\" width=\"576\"><strong>2a. SESSI\u00d3, \u00a0dia 18 d&#8217;octubre de 2016<\/strong><\/td>\n<\/tr>\n<tr>\n<td width=\"92\"><strong>18:00 a 18:30<\/strong><\/td>\n<td width=\"389\">Jocs motrius per a tots<\/td>\n<td width=\"95\">Pr\u00e0ctic<\/td>\n<\/tr>\n<tr>\n<td width=\"92\"><strong>18:30 a 19:00<\/strong><\/td>\n<td width=\"389\">Atletisme col\u00b7lectiu<\/td>\n<td width=\"95\">Pr\u00e0ctic<\/td>\n<\/tr>\n<tr>\n<td width=\"92\"><strong>19:00 a 19:30 <\/strong><\/td>\n<td width=\"389\">Acrosport<\/td>\n<td width=\"95\">Pr\u00e0ctic<\/td>\n<\/tr>\n<tr>\n<td width=\"92\"><strong>19:30 a 20:00<\/strong><\/td>\n<td width=\"389\">Avaluaci\u00f3 i reflexi\u00f3 dels tallers<\/td>\n<td width=\"95\">Pr\u00e0ctic<\/td>\n<\/tr>\n<\/tbody>\n<\/table>\n<p><strong>\u00a0<\/strong><\/p>\n","protected":false},"excerpt":{"rendered":"<p>El dia 18 es va fer la segona sessi\u00f3 amb la participaci\u00f3 de diversos professionals dels nostres centres educatius. (El programa Som el que fem de TV3 va estar dedicat\u00a0 a &#8220;Mou-te i veur\u00e0s!&#8221; que organitza cada primavera\u00a0 l&#8217;Institut Guttmann.\u00a0Video del programa&#8220;.) Aquest taller formatiu, incl\u00f2s al seminari d&#8217;especialistes d&#8217;educaci\u00f3 f\u00edsica i obert a les [&hellip;]<\/p>\n","protected":false},"author":1,"featured_media":8558,"comment_status":"open","ping_status":"open","sticky":false,"template":"","format":"standard","meta":{"_bbp_topic_count":0,"_bbp_reply_count":0,"_bbp_total_topic_count":0,"_bbp_total_reply_count":0,"_bbp_voice_count":0,"_bbp_anonymous_reply_count":0,"_bbp_topic_count_hidden":0,"_bbp_reply_count_hidden":0,"_bbp_forum_subforum_count":0,"site-sidebar-layout":"default","site-content-layout":"","ast-site-content-layout":"","site-content-style":"default","site-sidebar-style":"default","ast-global-header-display":"","ast-banner-title-visibility":"","ast-main-header-display":"","ast-hfb-above-header-display":"","ast-hfb-below-header-display":"","ast-hfb-mobile-header-display":"","site-post-title":"","ast-breadcrumbs-content":"","ast-featured-img":"","footer-sml-layout":"","theme-transparent-header-meta":"","adv-header-id-meta":"","stick-header-meta":"","header-above-stick-meta":"","header-main-stick-meta":"","header-below-stick-meta":"","astra-migrate-meta-layouts":"default","ast-page-background-enabled":"default","ast-page-background-meta":{"desktop":{"background-color":"var(--ast-global-color-4)","background-image":"","background-repeat":"repeat","background-position":"center center","background-size":"auto","background-attachment":"scroll","background-type":"","background-media":"","overlay-type":"","overlay-color":"","overlay-opacity":"","overlay-gradient":""},"tablet":{"background-color":"","background-image":"","background-repeat":"repeat","background-position":"center center","background-size":"auto","background-attachment":"scroll","background-type":"","background-media":"","overlay-type":"","overlay-color":"","overlay-opacity":"","overlay-gradient":""},"mobile":{"background-color":"","background-image":"","background-repeat":"repeat","background-position":"center center","background-size":"auto","background-attachment":"scroll","background-type":"","background-media":"","overlay-type":"","overlay-color":"","overlay-opacity":"","overlay-gradient":""}},"ast-content-background-meta":{"desktop":{"background-color":"var(--ast-global-color-5)","background-image":"","background-repeat":"repeat","background-position":"center center","background-size":"auto","background-attachment":"scroll","background-type":"","background-media":"","overlay-type":"","overlay-color":"","overlay-opacity":"","overlay-gradient":""},"tablet":{"background-color":"var(--ast-global-color-5)","background-image":"","background-repeat":"repeat","background-position":"center center","background-size":"auto","background-attachment":"scroll","background-type":"","background-media":"","overlay-type":"","overlay-color":"","overlay-opacity":"","overlay-gradient":""},"mobile":{"background-color":"var(--ast-global-color-5)","background-image":"","background-repeat":"repeat","background-position":"center center","background-size":"auto","background-attachment":"scroll","background-type":"","background-media":"","overlay-type":"","overlay-color":"","overlay-opacity":"","overlay-gradient":""}},"footnotes":""},"categories":[251,67,154,153],"tags":[227,228,172,179,215],"class_list":["post-6536","post","type-post","status-publish","format-standard","has-post-thumbnail","hentry","category-dinamica-educativa","category-se_eap","category-formacio","category-pfz","tag-atencio-a-la-diversitat","tag-educacio-fisica","tag-educacio-primaria","tag-educacio-secundaria","tag-formacio-permanent-del-professorat"],"post_mailing_queue_ids":[],"_links":{"self":[{"href":"https:\/\/serveiseducatius.xtec.cat\/baixllobregat3\/wp-json\/wp\/v2\/posts\/6536","targetHints":{"allow":["GET"]}}],"collection":[{"href":"https:\/\/serveiseducatius.xtec.cat\/baixllobregat3\/wp-json\/wp\/v2\/posts"}],"about":[{"href":"https:\/\/serveiseducatius.xtec.cat\/baixllobregat3\/wp-json\/wp\/v2\/types\/post"}],"author":[{"embeddable":true,"href":"https:\/\/serveiseducatius.xtec.cat\/baixllobregat3\/wp-json\/wp\/v2\/users\/1"}],"replies":[{"embeddable":true,"href":"https:\/\/serveiseducatius.xtec.cat\/baixllobregat3\/wp-json\/wp\/v2\/comments?post=6536"}],"version-history":[{"count":4,"href":"https:\/\/serveiseducatius.xtec.cat\/baixllobregat3\/wp-json\/wp\/v2\/posts\/6536\/revisions"}],"predecessor-version":[{"id":8561,"href":"https:\/\/serveiseducatius.xtec.cat\/baixllobregat3\/wp-json\/wp\/v2\/posts\/6536\/revisions\/8561"}],"wp:featuredmedia":[{"embeddable":true,"href":"https:\/\/serveiseducatius.xtec.cat\/baixllobregat3\/wp-json\/wp\/v2\/media\/8558"}],"wp:attachment":[{"href":"https:\/\/serveiseducatius.xtec.cat\/baixllobregat3\/wp-json\/wp\/v2\/media?parent=6536"}],"wp:term":[{"taxonomy":"category","embeddable":true,"href":"https:\/\/serveiseducatius.xtec.cat\/baixllobregat3\/wp-json\/wp\/v2\/categories?post=6536"},{"taxonomy":"post_tag","embeddable":true,"href":"https:\/\/serveiseducatius.xtec.cat\/baixllobregat3\/wp-json\/wp\/v2\/tags?post=6536"}],"curies":[{"name":"wp","href":"https:\/\/api.w.org\/{rel}","templated":true}]}}