{"id":14077,"date":"2026-03-02T15:09:24","date_gmt":"2026-03-02T14:09:24","guid":{"rendered":"https:\/\/serveiseducatius.xtec.cat\/baixllobregat3\/?p=14077"},"modified":"2026-03-05T16:04:22","modified_gmt":"2026-03-05T15:04:22","slug":"salo-de-lensenyament-2026","status":"publish","type":"post","link":"https:\/\/serveiseducatius.xtec.cat\/baixllobregat3\/portada\/salo-de-lensenyament-2026\/","title":{"rendered":"Sal\u00f3 de l&#8217;ensenyament 2026"},"content":{"rendered":"\n<figure class=\"wp-block-image alignleft size-large is-resized is-style-rounded\"><img loading=\"lazy\" decoding=\"async\" width=\"600\" height=\"362\" src=\"https:\/\/serveiseducatius.xtec.cat\/baixllobregat3\/wp-content\/uploads\/usu1182\/2026\/03\/Salo-de-lEnsenyament-600x362.jpg\" alt=\"\" class=\"wp-image-14080\" style=\"width:535px;height:auto\" srcset=\"https:\/\/serveiseducatius.xtec.cat\/baixllobregat3\/wp-content\/uploads\/usu1182\/2026\/03\/Salo-de-lEnsenyament-600x362.jpg 600w, https:\/\/serveiseducatius.xtec.cat\/baixllobregat3\/wp-content\/uploads\/usu1182\/2026\/03\/Salo-de-lEnsenyament-200x121.jpg 200w, https:\/\/serveiseducatius.xtec.cat\/baixllobregat3\/wp-content\/uploads\/usu1182\/2026\/03\/Salo-de-lEnsenyament-120x72.jpg 120w, https:\/\/serveiseducatius.xtec.cat\/baixllobregat3\/wp-content\/uploads\/usu1182\/2026\/03\/Salo-de-lEnsenyament.jpg 768w\" sizes=\"auto, (max-width: 600px) 100vw, 600px\" \/><\/figure>\n\n\n\n<p>Barcelona es prepara per acollir una nova edici\u00f3 del <a href=\"https:\/\/www.ensenyament.com\/\" data-type=\"link\" data-id=\"https:\/\/www.ensenyament.com\/\" target=\"_blank\" rel=\"noreferrer noopener nofollow\">Sal\u00f3 de l&#8217;Ensenyament<\/a>, que tindr\u00e0 lloc <strong>del 18 al 22 de mar\u00e7 de 2026 al recinte de Montju\u00efc<\/strong>.<\/p>\n\n\n\n<p>Aquesta edici\u00f3 comptar\u00e0 amb la participaci\u00f3 de m\u00e9s de <strong>270 centres educatius<\/strong> i oferir\u00e0 una visi\u00f3 integral de l&#8217;oferta per al curs 2026-2027: des d&#8217;estudis universitaris i Formaci\u00f3 Professional (FP) fins a ensenyaments art\u00edstics, esportius i idiomes.<\/p>\n\n\n\n<p>Com a novetats en els serveis d&#8217;atenci\u00f3, el Sal\u00f3 refor\u00e7a les seves eines d&#8217;assessorament personalitzat, incloent-hi un servei de consultes via WhatsApp (actiu durant els dies de l&#8217;esdeveniment), visites guiades de 30 minuts i l&#8217;eina digital gamificada &#8220;Orienta Kit&#8221;.<\/p>\n\n\n\n<p>El Sal\u00f3 de l&#8217;Ensenyament no \u00e9s nom\u00e9s una fira, sin\u00f3 un espai d&#8217;orientaci\u00f3 amb tres eixos principals:<\/p>\n\n\n\n<ul class=\"wp-block-list\">\n<li><strong>Atenci\u00f3 Personalitzada:<\/strong> Durant l&#8217;esdeveniment, podr\u00e0s rebre orientaci\u00f3 individualitzada  per resoldre dubtes concrets sobre itineraris i notes de tall.<\/li>\n\n\n\n<li><strong>Tallers i Formaci\u00f3:<\/strong> S&#8217;ofereixen els <strong>Tallers Ep!<\/strong> (per a alumnes sobre acc\u00e9s a la universitat, FP o mobilitat) i les <strong>C\u00e0psules Update<\/strong> (per a professors). Recorda que cal inscripci\u00f3 pr\u00e8via al web.<\/li>\n\n\n\n<li><strong>Suport digital: <\/strong> Whastapp, Orienta Kit Fam\u00edlies, consultes en l\u00ednia, Instagram Live, Canal Universitats, Tria Edcuativa. <\/li>\n<\/ul>\n\n\n\n<p>El <a href=\"https:\/\/www.ensenyament.com\/\" data-type=\"link\" data-id=\"https:\/\/www.ensenyament.com\/\" target=\"_blank\" rel=\"noreferrer noopener nofollow\">Sal\u00f3 de l&#8217;Ensenyament<\/a> es consolida com l&#8217;espai de refer\u00e8ncia per a una orientaci\u00f3 acad\u00e8mica.<\/p>\n\n\n\n<p><\/p>\n","protected":false},"excerpt":{"rendered":"<p>Barcelona es prepara per acollir una nova edici\u00f3 del Sal\u00f3 de l&#8217;Ensenyament, que tindr\u00e0 lloc del 18 al 22 de mar\u00e7 de 2026 al recinte de Montju\u00efc. Aquesta edici\u00f3 comptar\u00e0 amb la participaci\u00f3 de m\u00e9s de 270 centres educatius i oferir\u00e0 una visi\u00f3 integral de l&#8217;oferta per al curs 2026-2027: des d&#8217;estudis universitaris i Formaci\u00f3 [&hellip;]<\/p>\n","protected":false},"author":38,"featured_media":14080,"comment_status":"closed","ping_status":"open","sticky":false,"template":"","format":"standard","meta":{"_bbp_topic_count":0,"_bbp_reply_count":0,"_bbp_total_topic_count":0,"_bbp_total_reply_count":0,"_bbp_voice_count":0,"_bbp_anonymous_reply_count":0,"_bbp_topic_count_hidden":0,"_bbp_reply_count_hidden":0,"_bbp_forum_subforum_count":0,"site-sidebar-layout":"default","site-content-layout":"","ast-site-content-layout":"default","site-content-style":"default","site-sidebar-style":"default","ast-global-header-display":"","ast-banner-title-visibility":"","ast-main-header-display":"","ast-hfb-above-header-display":"","ast-hfb-below-header-display":"","ast-hfb-mobile-header-display":"","site-post-title":"","ast-breadcrumbs-content":"","ast-featured-img":"","footer-sml-layout":"","theme-transparent-header-meta":"","adv-header-id-meta":"","stick-header-meta":"","header-above-stick-meta":"","header-main-stick-meta":"","header-below-stick-meta":"","astra-migrate-meta-layouts":"set","ast-page-background-enabled":"default","ast-page-background-meta":{"desktop":{"background-color":"var(--ast-global-color-4)","background-image":"","background-repeat":"repeat","background-position":"center center","background-size":"auto","background-attachment":"scroll","background-type":"","background-media":"","overlay-type":"","overlay-color":"","overlay-opacity":"","overlay-gradient":""},"tablet":{"background-color":"","background-image":"","background-repeat":"repeat","background-position":"center center","background-size":"auto","background-attachment":"scroll","background-type":"","background-media":"","overlay-type":"","overlay-color":"","overlay-opacity":"","overlay-gradient":""},"mobile":{"background-color":"","background-image":"","background-repeat":"repeat","background-position":"center center","background-size":"auto","background-attachment":"scroll","background-type":"","background-media":"","overlay-type":"","overlay-color":"","overlay-opacity":"","overlay-gradient":""}},"ast-content-background-meta":{"desktop":{"background-color":"var(--ast-global-color-5)","background-image":"","background-repeat":"repeat","background-position":"center center","background-size":"auto","background-attachment":"scroll","background-type":"","background-media":"","overlay-type":"","overlay-color":"","overlay-opacity":"","overlay-gradient":""},"tablet":{"background-color":"var(--ast-global-color-5)","background-image":"","background-repeat":"repeat","background-position":"center center","background-size":"auto","background-attachment":"scroll","background-type":"","background-media":"","overlay-type":"","overlay-color":"","overlay-opacity":"","overlay-gradient":""},"mobile":{"background-color":"var(--ast-global-color-5)","background-image":"","background-repeat":"repeat","background-position":"center center","background-size":"auto","background-attachment":"scroll","background-type":"","background-media":"","overlay-type":"","overlay-color":"","overlay-opacity":"","overlay-gradient":""}},"footnotes":""},"categories":[29,513],"tags":[],"class_list":["post-14077","post","type-post","status-publish","format-standard","has-post-thumbnail","hentry","category-portada","category-reconnect-es"],"post_mailing_queue_ids":[],"_links":{"self":[{"href":"https:\/\/serveiseducatius.xtec.cat\/baixllobregat3\/wp-json\/wp\/v2\/posts\/14077","targetHints":{"allow":["GET"]}}],"collection":[{"href":"https:\/\/serveiseducatius.xtec.cat\/baixllobregat3\/wp-json\/wp\/v2\/posts"}],"about":[{"href":"https:\/\/serveiseducatius.xtec.cat\/baixllobregat3\/wp-json\/wp\/v2\/types\/post"}],"author":[{"embeddable":true,"href":"https:\/\/serveiseducatius.xtec.cat\/baixllobregat3\/wp-json\/wp\/v2\/users\/38"}],"replies":[{"embeddable":true,"href":"https:\/\/serveiseducatius.xtec.cat\/baixllobregat3\/wp-json\/wp\/v2\/comments?post=14077"}],"version-history":[{"count":2,"href":"https:\/\/serveiseducatius.xtec.cat\/baixllobregat3\/wp-json\/wp\/v2\/posts\/14077\/revisions"}],"predecessor-version":[{"id":14087,"href":"https:\/\/serveiseducatius.xtec.cat\/baixllobregat3\/wp-json\/wp\/v2\/posts\/14077\/revisions\/14087"}],"wp:featuredmedia":[{"embeddable":true,"href":"https:\/\/serveiseducatius.xtec.cat\/baixllobregat3\/wp-json\/wp\/v2\/media\/14080"}],"wp:attachment":[{"href":"https:\/\/serveiseducatius.xtec.cat\/baixllobregat3\/wp-json\/wp\/v2\/media?parent=14077"}],"wp:term":[{"taxonomy":"category","embeddable":true,"href":"https:\/\/serveiseducatius.xtec.cat\/baixllobregat3\/wp-json\/wp\/v2\/categories?post=14077"},{"taxonomy":"post_tag","embeddable":true,"href":"https:\/\/serveiseducatius.xtec.cat\/baixllobregat3\/wp-json\/wp\/v2\/tags?post=14077"}],"curies":[{"name":"wp","href":"https:\/\/api.w.org\/{rel}","templated":true}]}}