{"id":13495,"date":"2025-03-12T12:10:04","date_gmt":"2025-03-12T11:10:04","guid":{"rendered":"https:\/\/serveiseducatius.xtec.cat\/baixllobregat3\/?p=13495"},"modified":"2025-03-12T12:10:05","modified_gmt":"2025-03-12T11:10:05","slug":"projecte-edtwomendays","status":"publish","type":"post","link":"https:\/\/serveiseducatius.xtec.cat\/baixllobregat3\/portada\/projecte-edtwomendays\/","title":{"rendered":"Projecte Edtwomendays"},"content":{"rendered":"\n<figure class=\"wp-block-image alignleft size-full is-resized\"><img decoding=\"async\" src=\"https:\/\/serveiseducatius.xtec.cat\/baixllobregat3\/wp-content\/uploads\/usu1182\/2025\/03\/edt.png\" alt=\"\" class=\"wp-image-13496\" style=\"width:274px;height:auto\"\/><\/figure>\n\n\n\n<p>Des del Servei de Programes i Projectes de Foment dels Ensenyaments Professionals, ens fan arribar aquesta proposta d&#8217;activitat que fa\u00a0l&#8217;Institut\u00a0Escola del Treball de Barcelona per potenciar les professions t\u00e8cniques entre les nenes de prim\u00e0ria.<\/p>\n\n\n\n<p><strong>Edtwomendays,\u00a0<\/strong>el projecte que impulsa el talent femen\u00ed des de l&#8217;Escola del Treball de Barcelona,\u00a0\u00a0ofereix tallers en les instal\u00b7lacions del centre, adre\u00e7ats a noies d\u2019entre <strong>4t i 6\u00e8 d\u2019Educaci\u00f3 Prim\u00e0ria.\u00a0<\/strong>L&#8217;horari \u00e9s de tarda, <strong>fora de l&#8217;horari escolar<\/strong>, amb la intenci\u00f3 que assisteixin les fam\u00edlies de les noies. La durada aproximada \u00e9s de 90 minuts.<\/p>\n\n\n\n<p>Consulteu els detalls als documents adjunts.<\/p>\n\n\n\n<p>Visita\u00a0<a href=\"https:\/\/edtwomendays.cat\/ca\/\" target=\"_blank\" rel=\"noreferrer noopener\">https:\/\/edtwomendays.cat\/ca\/<\/a>, i reserva la teva pla\u00e7a a\u00a0<a href=\"mailto:edtwomendays@correu.escoladeltreball.org\" target=\"_blank\" rel=\"noreferrer noopener\">edtwomendays@correu.escoladeltreball.org<\/a>\u00a0<\/p>\n\n\n\n<p><\/p>\n","protected":false},"excerpt":{"rendered":"<p>Des del Servei de Programes i Projectes de Foment dels Ensenyaments Professionals, ens fan arribar aquesta proposta d&#8217;activitat que fa\u00a0l&#8217;Institut\u00a0Escola del Treball de Barcelona per potenciar les professions t\u00e8cniques entre les nenes de prim\u00e0ria. Edtwomendays,\u00a0el projecte que impulsa el talent femen\u00ed des de l&#8217;Escola del Treball de Barcelona,\u00a0\u00a0ofereix tallers en les instal\u00b7lacions del centre, adre\u00e7ats [&hellip;]<\/p>\n","protected":false},"author":37,"featured_media":13496,"comment_status":"closed","ping_status":"open","sticky":false,"template":"","format":"standard","meta":{"_bbp_topic_count":0,"_bbp_reply_count":0,"_bbp_total_topic_count":0,"_bbp_total_reply_count":0,"_bbp_voice_count":0,"_bbp_anonymous_reply_count":0,"_bbp_topic_count_hidden":0,"_bbp_reply_count_hidden":0,"_bbp_forum_subforum_count":0,"site-sidebar-layout":"default","site-content-layout":"","ast-site-content-layout":"","site-content-style":"default","site-sidebar-style":"default","ast-global-header-display":"","ast-banner-title-visibility":"","ast-main-header-display":"","ast-hfb-above-header-display":"","ast-hfb-below-header-display":"","ast-hfb-mobile-header-display":"","site-post-title":"","ast-breadcrumbs-content":"","ast-featured-img":"","footer-sml-layout":"","theme-transparent-header-meta":"","adv-header-id-meta":"","stick-header-meta":"","header-above-stick-meta":"","header-main-stick-meta":"","header-below-stick-meta":"","astra-migrate-meta-layouts":"default","ast-page-background-enabled":"default","ast-page-background-meta":{"desktop":{"background-color":"var(--ast-global-color-4)","background-image":"","background-repeat":"repeat","background-position":"center center","background-size":"auto","background-attachment":"scroll","background-type":"","background-media":"","overlay-type":"","overlay-color":"","overlay-opacity":"","overlay-gradient":""},"tablet":{"background-color":"","background-image":"","background-repeat":"repeat","background-position":"center center","background-size":"auto","background-attachment":"scroll","background-type":"","background-media":"","overlay-type":"","overlay-color":"","overlay-opacity":"","overlay-gradient":""},"mobile":{"background-color":"","background-image":"","background-repeat":"repeat","background-position":"center center","background-size":"auto","background-attachment":"scroll","background-type":"","background-media":"","overlay-type":"","overlay-color":"","overlay-opacity":"","overlay-gradient":""}},"ast-content-background-meta":{"desktop":{"background-color":"var(--ast-global-color-5)","background-image":"","background-repeat":"repeat","background-position":"center center","background-size":"auto","background-attachment":"scroll","background-type":"","background-media":"","overlay-type":"","overlay-color":"","overlay-opacity":"","overlay-gradient":""},"tablet":{"background-color":"var(--ast-global-color-5)","background-image":"","background-repeat":"repeat","background-position":"center center","background-size":"auto","background-attachment":"scroll","background-type":"","background-media":"","overlay-type":"","overlay-color":"","overlay-opacity":"","overlay-gradient":""},"mobile":{"background-color":"var(--ast-global-color-5)","background-image":"","background-repeat":"repeat","background-position":"center center","background-size":"auto","background-attachment":"scroll","background-type":"","background-media":"","overlay-type":"","overlay-color":"","overlay-opacity":"","overlay-gradient":""}},"footnotes":""},"categories":[406,29],"tags":[],"class_list":["post-13495","post","type-post","status-publish","format-standard","has-post-thumbnail","hentry","category-coeducacio","category-portada"],"post_mailing_queue_ids":[],"_links":{"self":[{"href":"https:\/\/serveiseducatius.xtec.cat\/baixllobregat3\/wp-json\/wp\/v2\/posts\/13495","targetHints":{"allow":["GET"]}}],"collection":[{"href":"https:\/\/serveiseducatius.xtec.cat\/baixllobregat3\/wp-json\/wp\/v2\/posts"}],"about":[{"href":"https:\/\/serveiseducatius.xtec.cat\/baixllobregat3\/wp-json\/wp\/v2\/types\/post"}],"author":[{"embeddable":true,"href":"https:\/\/serveiseducatius.xtec.cat\/baixllobregat3\/wp-json\/wp\/v2\/users\/37"}],"replies":[{"embeddable":true,"href":"https:\/\/serveiseducatius.xtec.cat\/baixllobregat3\/wp-json\/wp\/v2\/comments?post=13495"}],"version-history":[{"count":1,"href":"https:\/\/serveiseducatius.xtec.cat\/baixllobregat3\/wp-json\/wp\/v2\/posts\/13495\/revisions"}],"predecessor-version":[{"id":13497,"href":"https:\/\/serveiseducatius.xtec.cat\/baixllobregat3\/wp-json\/wp\/v2\/posts\/13495\/revisions\/13497"}],"wp:featuredmedia":[{"embeddable":true,"href":"https:\/\/serveiseducatius.xtec.cat\/baixllobregat3\/wp-json\/wp\/v2\/media\/13496"}],"wp:attachment":[{"href":"https:\/\/serveiseducatius.xtec.cat\/baixllobregat3\/wp-json\/wp\/v2\/media?parent=13495"}],"wp:term":[{"taxonomy":"category","embeddable":true,"href":"https:\/\/serveiseducatius.xtec.cat\/baixllobregat3\/wp-json\/wp\/v2\/categories?post=13495"},{"taxonomy":"post_tag","embeddable":true,"href":"https:\/\/serveiseducatius.xtec.cat\/baixllobregat3\/wp-json\/wp\/v2\/tags?post=13495"}],"curies":[{"name":"wp","href":"https:\/\/api.w.org\/{rel}","templated":true}]}}