{"id":13220,"date":"2024-10-22T13:13:48","date_gmt":"2024-10-22T11:13:48","guid":{"rendered":"https:\/\/serveiseducatius.xtec.cat\/baixllobregat3\/?p=13220"},"modified":"2024-10-24T09:31:22","modified_gmt":"2024-10-24T07:31:22","slug":"2a-convocatoria-programa-florence","status":"publish","type":"post","link":"https:\/\/serveiseducatius.xtec.cat\/baixllobregat3\/portada\/2a-convocatoria-programa-florence\/","title":{"rendered":"2a Convocat\u00f2ria programa Florence"},"content":{"rendered":"\n<figure class=\"wp-block-image alignleft size-large is-resized\"><img loading=\"lazy\" decoding=\"async\" width=\"600\" height=\"449\" src=\"https:\/\/serveiseducatius.xtec.cat\/baixllobregat3\/wp-content\/uploads\/usu1182\/2024\/05\/florence-600x449.png\" alt=\"\" class=\"wp-image-13159\" style=\"width:327px;height:auto\"\/><\/figure>\n\n\n\n<p>S&#8217;ha publicat la convocat\u00f2ria per formar part del programa Florence. <strong>Programa\u00a0Florence\u00a0per a la millora de la compet\u00e8ncia matem\u00e0tica de l&#8217;alumnat<\/strong> \u00e9s un programa<strong>\u00a0a tres anys<\/strong>\u00a0que pret\u00e9n donar eines als centres i als seus docents per aconseguir invertir la davallada en el rendiment en compet\u00e8ncia matem\u00e0tica de l&#8217;alumnat. <a href=\"https:\/\/espai.educacio.gencat.cat\/Centres\/Innovacio-pedagogica\/Suport-Innovacio\/Programa-Florence\/Pagines\/default.aspx\">Portal de centres<\/a> <em>(Inscripcions fins al 19 de novembre)<\/em>.<\/p>\n\n\n\n<p>El programa ofereix&nbsp;<strong>acompanyament als centres<\/strong>&nbsp;de forma diferenciada per prim\u00e0ria i per secund\u00e0ria, aix\u00ed com la dotaci\u00f3 de&nbsp;<strong>recursos did\u00e0ctics i materials manipulatius<\/strong>&nbsp;que ajudin a dur a terme les activitats proposades a l&#8217;aula. A l&#8217;<strong>Educaci\u00f3 Prim\u00e0ria&nbsp;<\/strong>es&nbsp;comptar\u00e0 amb l&#8217;acompanyament i formaci\u00f3 d&#8217;un referent&nbsp;Florence. <\/p>\n\n\n\n<p>Els centres que han entrat&nbsp;en la primera&nbsp;convocat\u00f2ria (juny de 2024) i els centres que entrin en la segona convocat\u00f2ria (d&#8217;aqu\u00ed a pocs dies s&#8217;obriran inscripcions),&nbsp;comen\u00e7aran de forma intensiva amb intervencions de la referent al centre d&#8217;un dia cada dues setmanes. Cada una d&#8217;aquestes visites tindr\u00e0 tres actuacions: sessions amb alumnes de 4t i 5\u00e8 com a model per als docents, que hi assistiran fent codoc\u00e8ncia, reuni\u00f3 amb la comissi\u00f3 de matem\u00e0tiques del centre i formaci\u00f3 a tot el claustre en horari d&#8217;exclusiva.&nbsp;<\/p>\n\n\n\n<p>Pel que fa a l&#8217;<strong>Educaci\u00f3 Secund\u00e0ria<\/strong>, els centres disposaran de l&#8217;<strong>acompanyament individualitzat<\/strong>&nbsp;per part d&#8217;un professor, amb visites peri\u00f2diques al centre (entre 6 i 8), i de&nbsp;<strong>paquets formatius<\/strong>&nbsp;de 10 h per trimestre en grups de quatre centres propers entre ells, fora de l&#8217;horari lectiu, pels equips de docents que imparteixen matem\u00e0tiques (siguin o no de l&#8217;especialitat):<\/p>\n\n\n\n<p>&#8211; El primer al voltant d&#8217;un bloc de sabers, posant el focus en la gesti\u00f3 d&#8217;aula i en el disseny d&#8217;activitats;<\/p>\n\n\n\n<p>&#8211; El segon, centrat en el desplegament curricular de l&#8217;\u00e0rea&nbsp;al llarg de l&#8217;etapa; i<\/p>\n\n\n\n<p>&#8211; El tercer, on es dur\u00e0 a terme un taller de pr\u00e0ctica docent compartida.<\/p>\n\n\n\n<p>Aquesta formaci\u00f3 ja est\u00e0 oberta i comen\u00e7ar\u00e0 a finals d&#8217;octubre, aqu\u00ed teniu el detall de l&#8217;activitat i l&#8217;enlla\u00e7 a la inscripci\u00f3:<\/p>\n\n\n\n<figure class=\"wp-block-table\"><table><tbody><tr><td>3003610557&nbsp;<strong><a href=\"https:\/\/aplicacions.gestioeducativa.gencat.cat\/pls\/soloas\/pk_for_mod_ins.p_for_detall_activitat?p_codi=3003610557&amp;p_curs=2024-2025&amp;p_es_inscr=S\" target=\"_blank\" rel=\"noreferrer noopener\">Programa de Matem\u00e0tiques&nbsp;Florence: Secund\u00e0ria<\/a><\/strong><\/td><\/tr><tr><td>INS El Cairat&nbsp;(Esparraguera).&nbsp;Del 4\/11\/2024 al 26\/6\/2025 (&nbsp;30 hores &#8211; 9 sessions&nbsp;)&nbsp;de 17:00h a 20:00h<\/td><\/tr><\/tbody><\/table><\/figure>\n\n\n\n<p>S&#8217;anir\u00e0 actualitzant la informaci\u00f3 al&nbsp;<a href=\"https:\/\/educacio.gencat.cat\/ca\/departament\/linies-estrategiques\/programaflorence\/index.html\" target=\"_blank\" rel=\"noreferrer noopener\">web del programa<\/a><\/p>\n","protected":false},"excerpt":{"rendered":"<p>S&#8217;ha publicat la convocat\u00f2ria per formar part del programa Florence. Programa\u00a0Florence\u00a0per a la millora de la compet\u00e8ncia matem\u00e0tica de l&#8217;alumnat \u00e9s un programa\u00a0a tres anys\u00a0que pret\u00e9n donar eines als centres i als seus docents per aconseguir invertir la davallada en el rendiment en compet\u00e8ncia matem\u00e0tica de l&#8217;alumnat. Portal de centres (Inscripcions fins al 19 de [&hellip;]<\/p>\n","protected":false},"author":37,"featured_media":13159,"comment_status":"closed","ping_status":"open","sticky":false,"template":"","format":"standard","meta":{"_bbp_topic_count":0,"_bbp_reply_count":0,"_bbp_total_topic_count":0,"_bbp_total_reply_count":0,"_bbp_voice_count":0,"_bbp_anonymous_reply_count":0,"_bbp_topic_count_hidden":0,"_bbp_reply_count_hidden":0,"_bbp_forum_subforum_count":0,"site-sidebar-layout":"default","site-content-layout":"","ast-site-content-layout":"","site-content-style":"default","site-sidebar-style":"default","ast-global-header-display":"","ast-banner-title-visibility":"","ast-main-header-display":"","ast-hfb-above-header-display":"","ast-hfb-below-header-display":"","ast-hfb-mobile-header-display":"","site-post-title":"","ast-breadcrumbs-content":"","ast-featured-img":"","footer-sml-layout":"","theme-transparent-header-meta":"","adv-header-id-meta":"","stick-header-meta":"","header-above-stick-meta":"","header-main-stick-meta":"","header-below-stick-meta":"","astra-migrate-meta-layouts":"default","ast-page-background-enabled":"default","ast-page-background-meta":{"desktop":{"background-color":"var(--ast-global-color-4)","background-image":"","background-repeat":"repeat","background-position":"center center","background-size":"auto","background-attachment":"scroll","background-type":"","background-media":"","overlay-type":"","overlay-color":"","overlay-opacity":"","overlay-gradient":""},"tablet":{"background-color":"","background-image":"","background-repeat":"repeat","background-position":"center center","background-size":"auto","background-attachment":"scroll","background-type":"","background-media":"","overlay-type":"","overlay-color":"","overlay-opacity":"","overlay-gradient":""},"mobile":{"background-color":"","background-image":"","background-repeat":"repeat","background-position":"center center","background-size":"auto","background-attachment":"scroll","background-type":"","background-media":"","overlay-type":"","overlay-color":"","overlay-opacity":"","overlay-gradient":""}},"ast-content-background-meta":{"desktop":{"background-color":"var(--ast-global-color-5)","background-image":"","background-repeat":"repeat","background-position":"center center","background-size":"auto","background-attachment":"scroll","background-type":"","background-media":"","overlay-type":"","overlay-color":"","overlay-opacity":"","overlay-gradient":""},"tablet":{"background-color":"var(--ast-global-color-5)","background-image":"","background-repeat":"repeat","background-position":"center center","background-size":"auto","background-attachment":"scroll","background-type":"","background-media":"","overlay-type":"","overlay-color":"","overlay-opacity":"","overlay-gradient":""},"mobile":{"background-color":"var(--ast-global-color-5)","background-image":"","background-repeat":"repeat","background-position":"center center","background-size":"auto","background-attachment":"scroll","background-type":"","background-media":"","overlay-type":"","overlay-color":"","overlay-opacity":"","overlay-gradient":""}},"footnotes":""},"categories":[379,251,455,29],"tags":[],"class_list":["post-13220","post","type-post","status-publish","format-standard","has-post-thumbnail","hentry","category-steam","category-dinamica-educativa","category-matematic","category-portada"],"post_mailing_queue_ids":[],"_links":{"self":[{"href":"https:\/\/serveiseducatius.xtec.cat\/baixllobregat3\/wp-json\/wp\/v2\/posts\/13220","targetHints":{"allow":["GET"]}}],"collection":[{"href":"https:\/\/serveiseducatius.xtec.cat\/baixllobregat3\/wp-json\/wp\/v2\/posts"}],"about":[{"href":"https:\/\/serveiseducatius.xtec.cat\/baixllobregat3\/wp-json\/wp\/v2\/types\/post"}],"author":[{"embeddable":true,"href":"https:\/\/serveiseducatius.xtec.cat\/baixllobregat3\/wp-json\/wp\/v2\/users\/37"}],"replies":[{"embeddable":true,"href":"https:\/\/serveiseducatius.xtec.cat\/baixllobregat3\/wp-json\/wp\/v2\/comments?post=13220"}],"version-history":[{"count":3,"href":"https:\/\/serveiseducatius.xtec.cat\/baixllobregat3\/wp-json\/wp\/v2\/posts\/13220\/revisions"}],"predecessor-version":[{"id":13247,"href":"https:\/\/serveiseducatius.xtec.cat\/baixllobregat3\/wp-json\/wp\/v2\/posts\/13220\/revisions\/13247"}],"wp:featuredmedia":[{"embeddable":true,"href":"https:\/\/serveiseducatius.xtec.cat\/baixllobregat3\/wp-json\/wp\/v2\/media\/13159"}],"wp:attachment":[{"href":"https:\/\/serveiseducatius.xtec.cat\/baixllobregat3\/wp-json\/wp\/v2\/media?parent=13220"}],"wp:term":[{"taxonomy":"category","embeddable":true,"href":"https:\/\/serveiseducatius.xtec.cat\/baixllobregat3\/wp-json\/wp\/v2\/categories?post=13220"},{"taxonomy":"post_tag","embeddable":true,"href":"https:\/\/serveiseducatius.xtec.cat\/baixllobregat3\/wp-json\/wp\/v2\/tags?post=13220"}],"curies":[{"name":"wp","href":"https:\/\/api.w.org\/{rel}","templated":true}]}}