{"id":13176,"date":"2024-09-10T16:02:17","date_gmt":"2024-09-10T14:02:17","guid":{"rendered":"https:\/\/serveiseducatius.xtec.cat\/baixllobregat3\/?p=13176"},"modified":"2024-09-10T16:02:18","modified_gmt":"2024-09-10T14:02:18","slug":"oferta-formativa-dua","status":"publish","type":"post","link":"https:\/\/serveiseducatius.xtec.cat\/baixllobregat3\/portada\/oferta-formativa-dua\/","title":{"rendered":"Oferta formativa DUA"},"content":{"rendered":"\n<blockquote class=\"wp-block-quote is-layout-flow wp-block-quote-is-layout-flow\">\n<p> Des de la Direcci\u00f3 General d&#8217;Educaci\u00f3 inclusiva ens fan arribar el<a href=\"https:\/\/xtec.gencat.cat\/ca\/formacio\/formaciogeneralprofessorat\/atencio_diversitat_inclusio\/suport-inclusio\/\"> Pla de formaci\u00f3 DUA<\/a> que pret\u00e9n donar a con\u00e8ixer el coneixement del Disseny Universal per a l&#8217;Aprenentatge, orientat a proporcionar elements introductoris a DUA per al desenvolupament professional, per mitj\u00e0 d&#8217;experi\u00e8ncies d&#8217;aprenentatge que afavoreixin els primers passos per a la implementaci\u00f3 de l&#8217;DUA i d&#8217;altres elements rellevants per a l&#8217;Educaci\u00f3 Inclusiva.<\/p>\n<\/blockquote>\n\n\n\n<p>Programa formatiu que acredita perfil de Diversitat, amb un total de 60 hores repartides en<br>tres nivells de 20h cadasc\u00fa, que cal assolir per accedir al nivell superior.<br>o DUA B\u00e0sic.\u00a0<a href=\"https:\/\/aplicacions.gestioeducativa.gencat.cat\/pls\/soloas\/pk_for_mod_ins.p_for_cons_activitats?p_any=&amp;p_tipus_act=DUAB&amp;p_totes=N\" target=\"_blank\" rel=\"noreferrer noopener\">Acc\u00e9s a l&#8217;oferta formativa<\/a><br>o DUA Intermedi.\u00a0<a href=\"https:\/\/aplicacions.gestioeducativa.gencat.cat\/pls\/soloas\/pk_for_mod_ins.p_for_cons_activitats?p_any=&amp;p_tipus_act=DUAI&amp;p_totes=N\" target=\"_blank\" rel=\"noreferrer noopener\">Acc\u00e9s a l&#8217;oferta formativa<\/a><br>o DUA Avan\u00e7at.\u00a0<a href=\"https:\/\/aplicacions.gestioeducativa.gencat.cat\/pls\/soloas\/pk_for_mod_ins.p_for_cons_activitats?p_any=&amp;p_tipus_act=DUAA&amp;p_totes=N\" target=\"_blank\" rel=\"noreferrer noopener\">Acc\u00e9s a l&#8217;oferta formativa<\/a><\/p>\n\n\n\n<p>Formaci\u00f3 telem\u00e0tica amb sessions s\u00edncrones obligat\u00f2ries.<\/p>\n\n\n\n<blockquote class=\"wp-block-quote is-layout-flow wp-block-quote-is-layout-flow\">\n<p>Per fer l&#8217;auto inscripci\u00f3 cal tenir present que l&#8217;oferta dels cursos es diversifica en diferents dies<\/p>\n\n\n\n<p>de la setmana, cal llegir la descripci\u00f3 de cada activitat per visualitzar el dia de la setmana de<\/p>\n\n\n\n<p>les sessions s\u00edncrones<\/p>\n<\/blockquote>\n","protected":false},"excerpt":{"rendered":"<p>Des de la Direcci\u00f3 General d&#8217;Educaci\u00f3 inclusiva ens fan arribar el Pla de formaci\u00f3 DUA que pret\u00e9n donar a con\u00e8ixer el coneixement del Disseny Universal per a l&#8217;Aprenentatge, orientat a proporcionar elements introductoris a DUA per al desenvolupament professional, per mitj\u00e0 d&#8217;experi\u00e8ncies d&#8217;aprenentatge que afavoreixin els primers passos per a la implementaci\u00f3 de l&#8217;DUA i [&hellip;]<\/p>\n","protected":false},"author":37,"featured_media":0,"comment_status":"closed","ping_status":"open","sticky":false,"template":"","format":"standard","meta":{"_bbp_topic_count":0,"_bbp_reply_count":0,"_bbp_total_topic_count":0,"_bbp_total_reply_count":0,"_bbp_voice_count":0,"_bbp_anonymous_reply_count":0,"_bbp_topic_count_hidden":0,"_bbp_reply_count_hidden":0,"_bbp_forum_subforum_count":0,"site-sidebar-layout":"default","site-content-layout":"","ast-site-content-layout":"","site-content-style":"default","site-sidebar-style":"default","ast-global-header-display":"","ast-banner-title-visibility":"","ast-main-header-display":"","ast-hfb-above-header-display":"","ast-hfb-below-header-display":"","ast-hfb-mobile-header-display":"","site-post-title":"","ast-breadcrumbs-content":"","ast-featured-img":"","footer-sml-layout":"","theme-transparent-header-meta":"","adv-header-id-meta":"","stick-header-meta":"","header-above-stick-meta":"","header-main-stick-meta":"","header-below-stick-meta":"","astra-migrate-meta-layouts":"default","ast-page-background-enabled":"default","ast-page-background-meta":{"desktop":{"background-color":"var(--ast-global-color-4)","background-image":"","background-repeat":"repeat","background-position":"center center","background-size":"auto","background-attachment":"scroll","background-type":"","background-media":"","overlay-type":"","overlay-color":"","overlay-opacity":"","overlay-gradient":""},"tablet":{"background-color":"","background-image":"","background-repeat":"repeat","background-position":"center center","background-size":"auto","background-attachment":"scroll","background-type":"","background-media":"","overlay-type":"","overlay-color":"","overlay-opacity":"","overlay-gradient":""},"mobile":{"background-color":"","background-image":"","background-repeat":"repeat","background-position":"center center","background-size":"auto","background-attachment":"scroll","background-type":"","background-media":"","overlay-type":"","overlay-color":"","overlay-opacity":"","overlay-gradient":""}},"ast-content-background-meta":{"desktop":{"background-color":"var(--ast-global-color-5)","background-image":"","background-repeat":"repeat","background-position":"center center","background-size":"auto","background-attachment":"scroll","background-type":"","background-media":"","overlay-type":"","overlay-color":"","overlay-opacity":"","overlay-gradient":""},"tablet":{"background-color":"var(--ast-global-color-5)","background-image":"","background-repeat":"repeat","background-position":"center center","background-size":"auto","background-attachment":"scroll","background-type":"","background-media":"","overlay-type":"","overlay-color":"","overlay-opacity":"","overlay-gradient":""},"mobile":{"background-color":"var(--ast-global-color-5)","background-image":"","background-repeat":"repeat","background-position":"center center","background-size":"auto","background-attachment":"scroll","background-type":"","background-media":"","overlay-type":"","overlay-color":"","overlay-opacity":"","overlay-gradient":""}},"footnotes":""},"categories":[154,29],"tags":[],"class_list":["post-13176","post","type-post","status-publish","format-standard","hentry","category-formacio","category-portada"],"post_mailing_queue_ids":[],"_links":{"self":[{"href":"https:\/\/serveiseducatius.xtec.cat\/baixllobregat3\/wp-json\/wp\/v2\/posts\/13176","targetHints":{"allow":["GET"]}}],"collection":[{"href":"https:\/\/serveiseducatius.xtec.cat\/baixllobregat3\/wp-json\/wp\/v2\/posts"}],"about":[{"href":"https:\/\/serveiseducatius.xtec.cat\/baixllobregat3\/wp-json\/wp\/v2\/types\/post"}],"author":[{"embeddable":true,"href":"https:\/\/serveiseducatius.xtec.cat\/baixllobregat3\/wp-json\/wp\/v2\/users\/37"}],"replies":[{"embeddable":true,"href":"https:\/\/serveiseducatius.xtec.cat\/baixllobregat3\/wp-json\/wp\/v2\/comments?post=13176"}],"version-history":[{"count":1,"href":"https:\/\/serveiseducatius.xtec.cat\/baixllobregat3\/wp-json\/wp\/v2\/posts\/13176\/revisions"}],"predecessor-version":[{"id":13177,"href":"https:\/\/serveiseducatius.xtec.cat\/baixllobregat3\/wp-json\/wp\/v2\/posts\/13176\/revisions\/13177"}],"wp:attachment":[{"href":"https:\/\/serveiseducatius.xtec.cat\/baixllobregat3\/wp-json\/wp\/v2\/media?parent=13176"}],"wp:term":[{"taxonomy":"category","embeddable":true,"href":"https:\/\/serveiseducatius.xtec.cat\/baixllobregat3\/wp-json\/wp\/v2\/categories?post=13176"},{"taxonomy":"post_tag","embeddable":true,"href":"https:\/\/serveiseducatius.xtec.cat\/baixllobregat3\/wp-json\/wp\/v2\/tags?post=13176"}],"curies":[{"name":"wp","href":"https:\/\/api.w.org\/{rel}","templated":true}]}}