{"id":13146,"date":"2024-05-14T10:06:11","date_gmt":"2024-05-14T08:06:11","guid":{"rendered":"https:\/\/serveiseducatius.xtec.cat\/baixllobregat3\/?p=13146"},"modified":"2024-05-14T10:06:11","modified_gmt":"2024-05-14T08:06:11","slug":"experiencia-didactica-els-ulls-de-la-historia-portem-el-patrimoni-a-laula","status":"publish","type":"post","link":"https:\/\/serveiseducatius.xtec.cat\/baixllobregat3\/general\/experiencia-didactica-els-ulls-de-la-historia-portem-el-patrimoni-a-laula\/","title":{"rendered":"Experi\u00e8ncia Did\u00e0ctica Els Ulls de la Hist\u00f2ria: Portem el patrimoni a l\u2019aula"},"content":{"rendered":"<p><span style=\"font-family: arial, sans-serif;\"><img loading=\"lazy\" decoding=\"async\" class=\" wp-image-13148 alignleft\" src=\"https:\/\/serveiseducatius.xtec.cat\/baixllobregat3\/wp-content\/uploads\/usu1182\/2024\/05\/Agenda-els-ulls-de-la-historia.png_1637373458-e1715673921870.png\" alt=\"\" width=\"366\" height=\"245\" \/>Des de l\u2019Ag\u00e8ncia Catalana del Patrimoni Cultural, ens complau presentar-vos \u201c<a href=\"https:\/\/www.youtube.com\/watch?v=1vEkJindsrE\" target=\"_blank\" rel=\"noopener\" data-saferedirecturl=\"https:\/\/www.google.com\/url?q=https:\/\/www.youtube.com\/watch?v%3D1vEkJindsrE&amp;source=gmail&amp;ust=1715756229440000&amp;usg=AOvVaw0DikcOzpTgGpCZTM5k0Kzm\">Els Ulls de la Hist\u00f2ria<\/a>\u201d.\u00a0<\/span><\/p>\n<p><span style=\"font-family: arial, sans-serif;\"><b>Aquest projecte innovador vol ser l\u2019oportunitat de fer arribar el patrimoni a tothom gr\u00e0cies al binomi entre noves tecnologies i nous relats cuidats que transmeten l\u2019estima pel nostre llegat i ens ajuden a reflexionar sobre el futur.\u00a0<\/b>\u00a0<\/span><\/p>\n<div><span style=\"font-family: arial, sans-serif;\">\u00a0<\/span><\/div>\n<div>Per fer-ho possible, se centra la mirada en quatre grans l\u00ednies de treball que trobem essencials:<\/div>\n<p>&nbsp;<\/p>\n<div><span style=\"font-family: arial, sans-serif;\">\u00b7\u00a0\u00a0\u00a0\u00a0\u00a0\u00a0\u00a0<b>el relat:\u00a0<\/b>una mirada contempor\u00e0nia a trav\u00e9s de microrelats i amb estil proper.<\/span><\/div>\n<div><\/div>\n<div><span style=\"font-family: arial, sans-serif;\">\u00b7\u00a0\u00a0\u00a0\u00a0\u00a0\u00a0\u00a0<b>l\u2019entorn digital immersiu:\u00a0<\/b>un salt al metavers gr\u00e0cies a la RV per crear una experi\u00e8ncia sensorial, suggestiva i participativa.<\/span><\/div>\n<div><span style=\"font-family: arial, sans-serif;\">\u00a0\u00a0<\/span><\/div>\n<div><span style=\"font-family: arial, sans-serif;\">\u00b7\u00a0\u00a0\u00a0\u00a0\u00a0\u00a0\u00a0<b>la museografia:\u00a0<\/b>la renovaci\u00f3 de les museografies a cinc monuments catalans de refer\u00e8ncia, per promoure experi\u00e8ncies de visita renovades i engrescadores, i assegurar l\u2019accessibilitat universal i la inclusi\u00f3 a tots nivells.\u00a0<\/span><\/div>\n<div><\/div>\n<div><span style=\"font-family: arial, sans-serif;\">\u00b7\u00a0\u00a0\u00a0\u00a0\u00a0\u00a0\u00a0<b>la pedagogia:\u00a0<\/b>una experi\u00e8ncia did\u00e0ctica itinerant centrada a treballar el nou curr\u00edculum educatiu a trav\u00e9s de l\u2019experi\u00e8ncia RV, per a l&#8217;alumnat\u00a0de\u00a0<b>primer cicle de secund\u00e0ria.\u00a0<\/b>\u00a0<\/span><\/div>\n<p>&nbsp;<\/p>\n<div><span style=\"font-family: arial, sans-serif;\">\u00a0<\/span><\/div>\n<div><b>Aquest darrer punt, la pedagogia, \u00e9s una de les prioritats.<\/b><\/div>\n<div><\/div>\n<div>Per aix\u00f2 s&#8217;ha creat <b>l&#8217;Experi\u00e8ncia Did\u00e0ctica Els Ulls de la Hist\u00f2ria<\/b>, una proposta immersiva que vol arribar a tots els centres de Catalunya. En aquesta aventura l\u2019alumnat podr\u00e0 con\u00e8ixer\u00a0<b>cinc<\/b><\/div>\n<div><\/div>\n<div><b> equipaments del territori\u00a0<\/b>gr\u00e0cies a la Realitat Virtual, sempre acompanyat de l\u2019equip de mediaci\u00f3. A m\u00e9s a m\u00e9s, l\u2019experi\u00e8ncia anir\u00e0 acompanyada de diverses\u00a0<b>unitats did\u00e0ctiques<\/b>\u00a0per treballar<\/div>\n<div><\/div>\n<div>la part pr\u00e8via i posterior. Tot amb l\u2019objectiu de consolidar coneixements i presentar, amb un llenguatge proper, el patrimoni com un element essencial per entendre d\u2019on venim i cap a on anem.<\/div>\n<div>\nPer tal que el professorat pugui con\u00e8ixer millor aquest projecte, des de l\u2019ACPC organitza la presentaci\u00f3 de l\u2019Experi\u00e8ncia Educativa Els Ulls de la Hist\u00f2ria. Un acte programat pel<b> pr\u00f2xim dijous 13<\/b><\/div>\n<div><\/div>\n<div><b> de juny, al Palau Moja (Barcelona).<\/b><\/div>\n<div><\/div>\n<div><b><br \/>\n<em>A qui est\u00e0 adre\u00e7ada aquesta jornada?<\/em><\/b><\/div>\n<div>\nAquest acte dirigit a professionals dels\u00a0<b>centres educatius de secund\u00e0ria<\/b>\u00a0de Catalunya, vol ser un espai de trobada on el professorat pugui con\u00e8ixer com la tecnologia immersiva pot transformar<\/div>\n<div><\/div>\n<div>l\u2019<b>experi\u00e8ncia d\u2019aprenentatge<\/b>\u00a0vers el patrimoni.<\/div>\n<div>\nA l\u2019acte\u00a0 acompanyaran representants de l\u2019Ag\u00e8ncia Catalana del Patrimoni de Catalunya, el coordinador general del projecte i membres del servei educatiu i de l\u2019equip t\u00e8cnic, per resoldre<\/div>\n<div><\/div>\n<div>qualsevol dubte.<\/div>\n<div>\n<em><b>En qu\u00e8 consistir\u00e0?<\/b><\/em><\/div>\n<div>\nAquesta jornada informativa ser\u00e0 un espai on:<\/div>\n<div>\n\uf0b7 Poder de\u00a0<b>con\u00e8ixer\u00a0<\/b>el projecte i descobrir les\u00a0<b>potencialitats<\/b>, els\u00a0<b>continguts<\/b>\u00a0del microrelat i els objectius pedag\u00f2gics del programa educatiu \u201cEls Ulls de la Hist\u00f2ria\u201d.<\/div>\n<div>\n\uf0b7 Parlar directament amb l\u2019equip de mediaci\u00f3 per con\u00e8ixer el\u00a0<b>sistema de reserves<\/b>, les\u00a0<b>itiner\u00e0ncies<\/b>\u00a0i tamb\u00e9 descobrir tot el\u00a0<b>material<\/b>\u00a0complementari de \u201cEls Ulls de la Hist\u00f2ria\u201d.<\/div>\n<div><\/div>\n<div>\nA m\u00e9s a m\u00e9s, la jornada tamb\u00e9 comptar\u00e0 amb una petita\u00a0<b>demostraci\u00f3 de l\u2019experi\u00e8ncia immersiva\u00a0<\/b>per tots els docents que assisteixin. Aquest tast permetr\u00e0 comprendre com l\u2019alumne viur\u00e0<\/div>\n<div><\/div>\n<div>l\u2019activitat i descobrir com la uni\u00f3 del contingut educatiu i la realitat virtual creen una experi\u00e8ncia educativa \u00fanica.<\/div>\n<div>\nDespr\u00e9s d\u2019aquesta breu part vivencial, el professorat podr\u00e0 informar-se sobre tot el\u00a0<b>contingut\u00a0<\/b>educatiu del programa, el\u00a0<b>sistema de reserves<\/b>\u00a0i tamb\u00e9 con\u00e8ixer les\u00a0<b>necessitats t\u00e8cniques<\/b>\u00a0dels<\/div>\n<div><\/div>\n<div>espais on instal\u00b7lar aquestes aules immersives.<\/div>\n<div>\nEn acabar, els professionals docents hauran conegut les\u00a0<b>accions, l\u2019impacte i els beneficis\u00a0<\/b>d\u2019aquest nou programa educatiu itinerant creat per posar en valor el patrimoni catal\u00e0 mentre l\u2019alumnat<\/div>\n<div><\/div>\n<div>gaudeix i apr\u00e8n.<\/div>\n<div><\/div>\n<div>\nInscriviu-vos a la jornada a trav\u00e9s\u00a0<a href=\"https:\/\/forms.office.com\/pages\/responsepage.aspx?id=3CeUOw7TvEOMBv9yU2dv7D-JGZxhh2REtRcyOlioFnVURFZFMVVOVVFYM1RaQ1g2RkJEQTBWMEdZSy4u\" target=\"_blank\" rel=\"noopener\" data-saferedirecturl=\"https:\/\/www.google.com\/url?q=https:\/\/forms.office.com\/pages\/responsepage.aspx?id%3D3CeUOw7TvEOMBv9yU2dv7D-JGZxhh2REtRcyOlioFnVURFZFMVVOVVFYM1RaQ1g2RkJEQTBWMEdZSy4u&amp;source=gmail&amp;ust=1715756229440000&amp;usg=AOvVaw3V2Z_yvaFqO5t--pxcatuX\">d\u2019aquest enlla\u00e7<\/a>.<\/p>\n<\/div>\n<div><a href=\"https:\/\/xtec.gencat.cat\/ca\/agenda\/Els-ulls-de-la-historia.-Una-mirada-immersiva-sobre-el-patrimoni-catala\">M\u00e9s informaci\u00f3 aqu\u00ed<\/a><\/div>\n<div><\/div>\n<p><span style=\"font-family: arial, sans-serif;\"><i>Per a qualsevol dubte o q\u00fcesti\u00f3, podeu adre\u00e7ar-vos a\u00a0<\/i><i><u><span lang=\"ES\"><a href=\"mailto:ullsdelahistoria.cultura@gencat.cat\" target=\"_blank\" rel=\"noopener\">ullsdelahistoria.cultura@<wbr \/>gencat.cat<\/a><\/span><\/u><\/i><\/span><\/p>\n","protected":false},"excerpt":{"rendered":"<p>Des de l\u2019Ag\u00e8ncia Catalana del Patrimoni Cultural, ens complau presentar-vos \u201cEls Ulls de la Hist\u00f2ria\u201d.\u00a0 Aquest projecte innovador vol ser l\u2019oportunitat de fer arribar el patrimoni a tothom gr\u00e0cies al binomi entre noves tecnologies i nous relats cuidats que transmeten l\u2019estima pel nostre llegat i ens ajuden a reflexionar sobre el futur.\u00a0\u00a0 \u00a0 Per fer-ho [&hellip;]<\/p>\n","protected":false},"author":37,"featured_media":13148,"comment_status":"closed","ping_status":"closed","sticky":false,"template":"","format":"standard","meta":{"_bbp_topic_count":0,"_bbp_reply_count":0,"_bbp_total_topic_count":0,"_bbp_total_reply_count":0,"_bbp_voice_count":0,"_bbp_anonymous_reply_count":0,"_bbp_topic_count_hidden":0,"_bbp_reply_count_hidden":0,"_bbp_forum_subforum_count":0,"site-sidebar-layout":"default","site-content-layout":"","ast-site-content-layout":"","site-content-style":"default","site-sidebar-style":"default","ast-global-header-display":"","ast-banner-title-visibility":"","ast-main-header-display":"","ast-hfb-above-header-display":"","ast-hfb-below-header-display":"","ast-hfb-mobile-header-display":"","site-post-title":"","ast-breadcrumbs-content":"","ast-featured-img":"","footer-sml-layout":"","theme-transparent-header-meta":"","adv-header-id-meta":"","stick-header-meta":"","header-above-stick-meta":"","header-main-stick-meta":"","header-below-stick-meta":"","astra-migrate-meta-layouts":"default","ast-page-background-enabled":"default","ast-page-background-meta":{"desktop":{"background-color":"var(--ast-global-color-4)","background-image":"","background-repeat":"repeat","background-position":"center center","background-size":"auto","background-attachment":"scroll","background-type":"","background-media":"","overlay-type":"","overlay-color":"","overlay-opacity":"","overlay-gradient":""},"tablet":{"background-color":"","background-image":"","background-repeat":"repeat","background-position":"center center","background-size":"auto","background-attachment":"scroll","background-type":"","background-media":"","overlay-type":"","overlay-color":"","overlay-opacity":"","overlay-gradient":""},"mobile":{"background-color":"","background-image":"","background-repeat":"repeat","background-position":"center center","background-size":"auto","background-attachment":"scroll","background-type":"","background-media":"","overlay-type":"","overlay-color":"","overlay-opacity":"","overlay-gradient":""}},"ast-content-background-meta":{"desktop":{"background-color":"var(--ast-global-color-5)","background-image":"","background-repeat":"repeat","background-position":"center center","background-size":"auto","background-attachment":"scroll","background-type":"","background-media":"","overlay-type":"","overlay-color":"","overlay-opacity":"","overlay-gradient":""},"tablet":{"background-color":"var(--ast-global-color-5)","background-image":"","background-repeat":"repeat","background-position":"center center","background-size":"auto","background-attachment":"scroll","background-type":"","background-media":"","overlay-type":"","overlay-color":"","overlay-opacity":"","overlay-gradient":""},"mobile":{"background-color":"var(--ast-global-color-5)","background-image":"","background-repeat":"repeat","background-position":"center center","background-size":"auto","background-attachment":"scroll","background-type":"","background-media":"","overlay-type":"","overlay-color":"","overlay-opacity":"","overlay-gradient":""}},"footnotes":""},"categories":[1,29],"tags":[],"class_list":["post-13146","post","type-post","status-publish","format-standard","has-post-thumbnail","hentry","category-general","category-portada"],"post_mailing_queue_ids":[],"_links":{"self":[{"href":"https:\/\/serveiseducatius.xtec.cat\/baixllobregat3\/wp-json\/wp\/v2\/posts\/13146","targetHints":{"allow":["GET"]}}],"collection":[{"href":"https:\/\/serveiseducatius.xtec.cat\/baixllobregat3\/wp-json\/wp\/v2\/posts"}],"about":[{"href":"https:\/\/serveiseducatius.xtec.cat\/baixllobregat3\/wp-json\/wp\/v2\/types\/post"}],"author":[{"embeddable":true,"href":"https:\/\/serveiseducatius.xtec.cat\/baixllobregat3\/wp-json\/wp\/v2\/users\/37"}],"replies":[{"embeddable":true,"href":"https:\/\/serveiseducatius.xtec.cat\/baixllobregat3\/wp-json\/wp\/v2\/comments?post=13146"}],"version-history":[{"count":2,"href":"https:\/\/serveiseducatius.xtec.cat\/baixllobregat3\/wp-json\/wp\/v2\/posts\/13146\/revisions"}],"predecessor-version":[{"id":13149,"href":"https:\/\/serveiseducatius.xtec.cat\/baixllobregat3\/wp-json\/wp\/v2\/posts\/13146\/revisions\/13149"}],"wp:featuredmedia":[{"embeddable":true,"href":"https:\/\/serveiseducatius.xtec.cat\/baixllobregat3\/wp-json\/wp\/v2\/media\/13148"}],"wp:attachment":[{"href":"https:\/\/serveiseducatius.xtec.cat\/baixllobregat3\/wp-json\/wp\/v2\/media?parent=13146"}],"wp:term":[{"taxonomy":"category","embeddable":true,"href":"https:\/\/serveiseducatius.xtec.cat\/baixllobregat3\/wp-json\/wp\/v2\/categories?post=13146"},{"taxonomy":"post_tag","embeddable":true,"href":"https:\/\/serveiseducatius.xtec.cat\/baixllobregat3\/wp-json\/wp\/v2\/tags?post=13146"}],"curies":[{"name":"wp","href":"https:\/\/api.w.org\/{rel}","templated":true}]}}