{"id":12958,"date":"2024-02-13T10:43:44","date_gmt":"2024-02-13T09:43:44","guid":{"rendered":"https:\/\/serveiseducatius.xtec.cat\/baixllobregat3\/?p=12958"},"modified":"2024-02-13T10:43:44","modified_gmt":"2024-02-13T09:43:44","slug":"concurs-descriptura-critica-teresa-barba-fundacio-antoni-tapies","status":"publish","type":"post","link":"https:\/\/serveiseducatius.xtec.cat\/baixllobregat3\/portada\/concurs-descriptura-critica-teresa-barba-fundacio-antoni-tapies\/","title":{"rendered":"Concurs d\u2019escriptura cr\u00edtica \u201cTeresa Barba\u201d . Fundaci\u00f3 Antoni T\u00e0pies"},"content":{"rendered":"<p style=\"font-weight: 400;\"><img loading=\"lazy\" decoding=\"async\" class=\"alignleft\" src=\"https:\/\/fundaciotapies.org\/wp-content\/uploads\/2023\/11\/Antoni-Tapies-Cartes-per-a-la-Teresa-1974.jpg\" width=\"449\" height=\"273\" \/>Per primera vegada la Fundaci\u00f3 Antoni T\u00e0pies organitza el <strong>Concurs d\u2019escriptura cr\u00edtica \u201cTeresa Barba\u201d<\/strong>. \u00c9s una de les iniciatives lligada a l\u2019Any T\u00e0pies i volen mantenir-la per als pr\u00f2xims cursos.<\/p>\n<p style=\"font-weight: 400;\">El concurs s\u2019adre\u00e7a a alumnes d\u2019<strong>\u00faltim cicle de Prim\u00e0ria, ESO, Batxillerat i cicles formatius de grau mitj\u00e0.<\/strong><\/p>\n<p>L\u2019objectiu principal de la proposta \u00e9s estimular el di\u00e0leg dels joves amb l\u2019art des d\u2019una perspectiva contempor\u00e0nia i des d\u2019una visi\u00f3 cr\u00edtica envers la realitat que ens envolta.<\/p>\n<p style=\"font-weight: 400;\">A continuaci\u00f3 podreu trobar m\u00e9s informaci\u00f3 i les bases del concurs:<\/p>\n<p><a href=\"https:\/\/fundaciotapies.org\/servei-educatiu\/i-concurs-descriptura-critica-teresa-barba\/\" data-saferedirecturl=\"https:\/\/www.google.com\/url?q=https:\/\/fundaciotapies.org\/servei-educatiu\/i-concurs-descriptura-critica-teresa-barba\/&amp;source=gmail&amp;ust=1707903194854000&amp;usg=AOvVaw0zyVPw14dzMykZ5oAiohnJ\">https:\/\/fundaciotapies.org\/servei-educatiu\/i-concurs-descriptura-critica-teresa-barba\/<\/a><\/p>\n<p>&nbsp;<\/p>\n<p>&nbsp;<\/p>\n","protected":false},"excerpt":{"rendered":"<p>Per primera vegada la Fundaci\u00f3 Antoni T\u00e0pies organitza el Concurs d\u2019escriptura cr\u00edtica \u201cTeresa Barba\u201d. \u00c9s una de les iniciatives lligada a l\u2019Any T\u00e0pies i volen mantenir-la per als pr\u00f2xims cursos. El concurs s\u2019adre\u00e7a a alumnes d\u2019\u00faltim cicle de Prim\u00e0ria, ESO, Batxillerat i cicles formatius de grau mitj\u00e0. L\u2019objectiu principal de la proposta \u00e9s estimular el [&hellip;]<\/p>\n","protected":false},"author":37,"featured_media":0,"comment_status":"closed","ping_status":"closed","sticky":false,"template":"","format":"standard","meta":{"_bbp_topic_count":0,"_bbp_reply_count":0,"_bbp_total_topic_count":0,"_bbp_total_reply_count":0,"_bbp_voice_count":0,"_bbp_anonymous_reply_count":0,"_bbp_topic_count_hidden":0,"_bbp_reply_count_hidden":0,"_bbp_forum_subforum_count":0,"site-sidebar-layout":"default","site-content-layout":"","ast-site-content-layout":"","site-content-style":"default","site-sidebar-style":"default","ast-global-header-display":"","ast-banner-title-visibility":"","ast-main-header-display":"","ast-hfb-above-header-display":"","ast-hfb-below-header-display":"","ast-hfb-mobile-header-display":"","site-post-title":"","ast-breadcrumbs-content":"","ast-featured-img":"","footer-sml-layout":"","theme-transparent-header-meta":"","adv-header-id-meta":"","stick-header-meta":"","header-above-stick-meta":"","header-main-stick-meta":"","header-below-stick-meta":"","astra-migrate-meta-layouts":"default","ast-page-background-enabled":"default","ast-page-background-meta":{"desktop":{"background-color":"var(--ast-global-color-4)","background-image":"","background-repeat":"repeat","background-position":"center center","background-size":"auto","background-attachment":"scroll","background-type":"","background-media":"","overlay-type":"","overlay-color":"","overlay-opacity":"","overlay-gradient":""},"tablet":{"background-color":"","background-image":"","background-repeat":"repeat","background-position":"center center","background-size":"auto","background-attachment":"scroll","background-type":"","background-media":"","overlay-type":"","overlay-color":"","overlay-opacity":"","overlay-gradient":""},"mobile":{"background-color":"","background-image":"","background-repeat":"repeat","background-position":"center center","background-size":"auto","background-attachment":"scroll","background-type":"","background-media":"","overlay-type":"","overlay-color":"","overlay-opacity":"","overlay-gradient":""}},"ast-content-background-meta":{"desktop":{"background-color":"var(--ast-global-color-5)","background-image":"","background-repeat":"repeat","background-position":"center center","background-size":"auto","background-attachment":"scroll","background-type":"","background-media":"","overlay-type":"","overlay-color":"","overlay-opacity":"","overlay-gradient":""},"tablet":{"background-color":"var(--ast-global-color-5)","background-image":"","background-repeat":"repeat","background-position":"center center","background-size":"auto","background-attachment":"scroll","background-type":"","background-media":"","overlay-type":"","overlay-color":"","overlay-opacity":"","overlay-gradient":""},"mobile":{"background-color":"var(--ast-global-color-5)","background-image":"","background-repeat":"repeat","background-position":"center center","background-size":"auto","background-attachment":"scroll","background-type":"","background-media":"","overlay-type":"","overlay-color":"","overlay-opacity":"","overlay-gradient":""}},"footnotes":""},"categories":[29,458],"tags":[],"class_list":["post-12958","post","type-post","status-publish","format-standard","hentry","category-portada","category-premis-i-concursos"],"post_mailing_queue_ids":[],"_links":{"self":[{"href":"https:\/\/serveiseducatius.xtec.cat\/baixllobregat3\/wp-json\/wp\/v2\/posts\/12958","targetHints":{"allow":["GET"]}}],"collection":[{"href":"https:\/\/serveiseducatius.xtec.cat\/baixllobregat3\/wp-json\/wp\/v2\/posts"}],"about":[{"href":"https:\/\/serveiseducatius.xtec.cat\/baixllobregat3\/wp-json\/wp\/v2\/types\/post"}],"author":[{"embeddable":true,"href":"https:\/\/serveiseducatius.xtec.cat\/baixllobregat3\/wp-json\/wp\/v2\/users\/37"}],"replies":[{"embeddable":true,"href":"https:\/\/serveiseducatius.xtec.cat\/baixllobregat3\/wp-json\/wp\/v2\/comments?post=12958"}],"version-history":[{"count":1,"href":"https:\/\/serveiseducatius.xtec.cat\/baixllobregat3\/wp-json\/wp\/v2\/posts\/12958\/revisions"}],"predecessor-version":[{"id":12959,"href":"https:\/\/serveiseducatius.xtec.cat\/baixllobregat3\/wp-json\/wp\/v2\/posts\/12958\/revisions\/12959"}],"wp:attachment":[{"href":"https:\/\/serveiseducatius.xtec.cat\/baixllobregat3\/wp-json\/wp\/v2\/media?parent=12958"}],"wp:term":[{"taxonomy":"category","embeddable":true,"href":"https:\/\/serveiseducatius.xtec.cat\/baixllobregat3\/wp-json\/wp\/v2\/categories?post=12958"},{"taxonomy":"post_tag","embeddable":true,"href":"https:\/\/serveiseducatius.xtec.cat\/baixllobregat3\/wp-json\/wp\/v2\/tags?post=12958"}],"curies":[{"name":"wp","href":"https:\/\/api.w.org\/{rel}","templated":true}]}}