{"id":12681,"date":"2023-04-11T10:46:18","date_gmt":"2023-04-11T08:46:18","guid":{"rendered":"https:\/\/serveiseducatius.xtec.cat\/baixllobregat3\/?p=12681"},"modified":"2023-04-11T10:46:27","modified_gmt":"2023-04-11T08:46:27","slug":"conferencia-conversar-per-a-aprendre-aprendre-a-conversar","status":"publish","type":"post","link":"https:\/\/serveiseducatius.xtec.cat\/baixllobregat3\/portada\/conferencia-conversar-per-a-aprendre-aprendre-a-conversar\/","title":{"rendered":"Confer\u00e8ncia:\u00a0Conversar per a aprendre. Aprendre a conversar"},"content":{"rendered":"<p><img loading=\"lazy\" decoding=\"async\" class=\"size-full wp-image-12682 alignleft\" src=\"https:\/\/serveiseducatius.xtec.cat\/baixllobregat3\/wp-content\/uploads\/usu1182\/2023\/04\/conferencia-juli-palou.png\" alt=\"\" width=\"293\" height=\"220\" srcset=\"https:\/\/serveiseducatius.xtec.cat\/baixllobregat3\/wp-content\/uploads\/usu1182\/2023\/04\/conferencia-juli-palou.png 293w, https:\/\/serveiseducatius.xtec.cat\/baixllobregat3\/wp-content\/uploads\/usu1182\/2023\/04\/conferencia-juli-palou-200x150.png 200w, https:\/\/serveiseducatius.xtec.cat\/baixllobregat3\/wp-content\/uploads\/usu1182\/2023\/04\/conferencia-juli-palou-120x90.png 120w\" sizes=\"auto, (max-width: 293px) 100vw, 293px\" \/>Us convidem a participar en la Confer\u00e8ncia\u00a0<b><i>Conversar per a aprendre. Aprendre a conversar<\/i><\/b>\u00a0a c\u00e0rrec del professor de la UB\u00a0<b>Juli Palou<\/b>\u00a0el dijous 4 de maig a les 17:15 h a l\u2019institut Mart\u00ed Dot de Sant Feliu de Llobregat. Aquesta confer\u00e8ncia s\u2019emmarca en el programa de comunicaci\u00f3 oral\u00a0<strong><a href=\"https:\/\/xtec.gencat.cat\/ca\/projectes\/llengua-oral\/tenim-la-paraula\/\" target=\"_blank\" rel=\"noopener\" data-saferedirecturl=\"https:\/\/www.google.com\/url?q=https:\/\/xtec.gencat.cat\/ca\/projectes\/llengua-oral\/tenim-la-paraula\/&amp;source=gmail&amp;ust=1681286339268000&amp;usg=AOvVaw0MDfKEUszZ0OwyjeNc9XsB\">Tenim la Paraula<\/a><\/strong>\u00a0que impulsa el Departament d\u2019Educaci\u00f3 i que es duu a terme als serveis educatius del Baix Llobregat I i IV.<\/p>\n<p>Aquesta activitat formativa\u00a0<b>presencial\u00a0<\/b>est\u00e0 oberta\u00a0a\u00a0<b>tots els docents del Baix Llobregat<\/b>\u00a0de totes les etapes educatives a fi d\u2019oferir una mirada reflexiva sobre l\u2019oralitat als centres i, en concret, sobre les converses que generen aprenentatge.<\/p>\n<p>A m\u00e9s de la participaci\u00f3 del conferenciant, s\u2019ha organitzat una mostra de concrecions pr\u00e0ctiques de car\u00e0cter did\u00e0ctic i formatiu per a complementar la reflexi\u00f3. Per a obrir boca, us facilitem en aquest\u00a0<a href=\"https:\/\/repositori.educacio.gencat.cat\/handle\/20.500.12694\/2878\" target=\"_blank\" rel=\"noopener\" data-saferedirecturl=\"https:\/\/www.google.com\/url?q=https:\/\/repositori.educacio.gencat.cat\/handle\/20.500.12694\/2878&amp;source=gmail&amp;ust=1681286339268000&amp;usg=AOvVaw1iKFId7yJ4s_PpSTbv4U1Y\">enlla\u00e7\u00a0<\/a>l\u2019article del Juli Palou que forma part del marc conceptual del programa Tenim la paraula.<\/p>\n<p>Cliqueu\u00a0<a href=\"https:\/\/aplicacions.gestioeducativa.gencat.cat\/pls\/soloas\/pk_for_mod_ins.p_for_pre_cons_activitats?p_any=2022-2023&amp;p_codi=3001440555\" target=\"_blank\" rel=\"noopener\" data-saferedirecturl=\"https:\/\/www.google.com\/url?q=https:\/\/aplicacions.gestioeducativa.gencat.cat\/pls\/soloas\/pk_for_mod_ins.p_for_pre_cons_activitats?p_any%3D2022-2023%26p_codi%3D3001440555&amp;source=gmail&amp;ust=1681286339268000&amp;usg=AOvVaw0KuRdTzthupVT3mZbfE8MI\">aqu\u00ed<\/a>\u00a0per a inscriure-us a l\u2019activitat.<\/p>\n","protected":false},"excerpt":{"rendered":"<p>Us convidem a participar en la Confer\u00e8ncia\u00a0Conversar per a aprendre. Aprendre a conversar\u00a0a c\u00e0rrec del professor de la UB\u00a0Juli Palou\u00a0el dijous 4 de maig a les 17:15 h a l\u2019institut Mart\u00ed Dot de Sant Feliu de Llobregat. Aquesta confer\u00e8ncia s\u2019emmarca en el programa de comunicaci\u00f3 oral\u00a0Tenim la Paraula\u00a0que impulsa el Departament d\u2019Educaci\u00f3 i que es [&hellip;]<\/p>\n","protected":false},"author":5,"featured_media":12682,"comment_status":"closed","ping_status":"closed","sticky":false,"template":"","format":"standard","meta":{"_bbp_topic_count":0,"_bbp_reply_count":0,"_bbp_total_topic_count":0,"_bbp_total_reply_count":0,"_bbp_voice_count":0,"_bbp_anonymous_reply_count":0,"_bbp_topic_count_hidden":0,"_bbp_reply_count_hidden":0,"_bbp_forum_subforum_count":0,"site-sidebar-layout":"default","site-content-layout":"","ast-site-content-layout":"","site-content-style":"default","site-sidebar-style":"default","ast-global-header-display":"","ast-banner-title-visibility":"","ast-main-header-display":"","ast-hfb-above-header-display":"","ast-hfb-below-header-display":"","ast-hfb-mobile-header-display":"","site-post-title":"","ast-breadcrumbs-content":"","ast-featured-img":"","footer-sml-layout":"","theme-transparent-header-meta":"","adv-header-id-meta":"","stick-header-meta":"","header-above-stick-meta":"","header-main-stick-meta":"","header-below-stick-meta":"","astra-migrate-meta-layouts":"default","ast-page-background-enabled":"default","ast-page-background-meta":{"desktop":{"background-color":"var(--ast-global-color-4)","background-image":"","background-repeat":"repeat","background-position":"center center","background-size":"auto","background-attachment":"scroll","background-type":"","background-media":"","overlay-type":"","overlay-color":"","overlay-opacity":"","overlay-gradient":""},"tablet":{"background-color":"","background-image":"","background-repeat":"repeat","background-position":"center center","background-size":"auto","background-attachment":"scroll","background-type":"","background-media":"","overlay-type":"","overlay-color":"","overlay-opacity":"","overlay-gradient":""},"mobile":{"background-color":"","background-image":"","background-repeat":"repeat","background-position":"center center","background-size":"auto","background-attachment":"scroll","background-type":"","background-media":"","overlay-type":"","overlay-color":"","overlay-opacity":"","overlay-gradient":""}},"ast-content-background-meta":{"desktop":{"background-color":"var(--ast-global-color-5)","background-image":"","background-repeat":"repeat","background-position":"center center","background-size":"auto","background-attachment":"scroll","background-type":"","background-media":"","overlay-type":"","overlay-color":"","overlay-opacity":"","overlay-gradient":""},"tablet":{"background-color":"var(--ast-global-color-5)","background-image":"","background-repeat":"repeat","background-position":"center center","background-size":"auto","background-attachment":"scroll","background-type":"","background-media":"","overlay-type":"","overlay-color":"","overlay-opacity":"","overlay-gradient":""},"mobile":{"background-color":"var(--ast-global-color-5)","background-image":"","background-repeat":"repeat","background-position":"center center","background-size":"auto","background-attachment":"scroll","background-type":"","background-media":"","overlay-type":"","overlay-color":"","overlay-opacity":"","overlay-gradient":""}},"footnotes":""},"categories":[65,68,154,29],"tags":[172,179],"class_list":["post-12681","post","type-post","status-publish","format-standard","has-post-thumbnail","hentry","category-se_crp","category-se_elic","category-formacio","category-portada","tag-educacio-primaria","tag-educacio-secundaria"],"post_mailing_queue_ids":[],"_links":{"self":[{"href":"https:\/\/serveiseducatius.xtec.cat\/baixllobregat3\/wp-json\/wp\/v2\/posts\/12681","targetHints":{"allow":["GET"]}}],"collection":[{"href":"https:\/\/serveiseducatius.xtec.cat\/baixllobregat3\/wp-json\/wp\/v2\/posts"}],"about":[{"href":"https:\/\/serveiseducatius.xtec.cat\/baixllobregat3\/wp-json\/wp\/v2\/types\/post"}],"author":[{"embeddable":true,"href":"https:\/\/serveiseducatius.xtec.cat\/baixllobregat3\/wp-json\/wp\/v2\/users\/5"}],"replies":[{"embeddable":true,"href":"https:\/\/serveiseducatius.xtec.cat\/baixllobregat3\/wp-json\/wp\/v2\/comments?post=12681"}],"version-history":[{"count":2,"href":"https:\/\/serveiseducatius.xtec.cat\/baixllobregat3\/wp-json\/wp\/v2\/posts\/12681\/revisions"}],"predecessor-version":[{"id":12684,"href":"https:\/\/serveiseducatius.xtec.cat\/baixllobregat3\/wp-json\/wp\/v2\/posts\/12681\/revisions\/12684"}],"wp:featuredmedia":[{"embeddable":true,"href":"https:\/\/serveiseducatius.xtec.cat\/baixllobregat3\/wp-json\/wp\/v2\/media\/12682"}],"wp:attachment":[{"href":"https:\/\/serveiseducatius.xtec.cat\/baixllobregat3\/wp-json\/wp\/v2\/media?parent=12681"}],"wp:term":[{"taxonomy":"category","embeddable":true,"href":"https:\/\/serveiseducatius.xtec.cat\/baixllobregat3\/wp-json\/wp\/v2\/categories?post=12681"},{"taxonomy":"post_tag","embeddable":true,"href":"https:\/\/serveiseducatius.xtec.cat\/baixllobregat3\/wp-json\/wp\/v2\/tags?post=12681"}],"curies":[{"name":"wp","href":"https:\/\/api.w.org\/{rel}","templated":true}]}}