{"id":12528,"date":"2022-10-27T10:10:31","date_gmt":"2022-10-27T08:10:31","guid":{"rendered":"https:\/\/serveiseducatius.xtec.cat\/baixllobregat3\/?p=12528"},"modified":"2022-10-27T10:10:31","modified_gmt":"2022-10-27T08:10:31","slug":"formacio-inicial-escoles-verdes","status":"publish","type":"post","link":"https:\/\/serveiseducatius.xtec.cat\/baixllobregat3\/general\/formacio-inicial-escoles-verdes\/","title":{"rendered":"Formaci\u00f3 inicial Escoles Verdes"},"content":{"rendered":"<p style=\"font-weight: 400;\"><img loading=\"lazy\" decoding=\"async\" class=\"size-full wp-image-12529 alignleft\" src=\"https:\/\/serveiseducatius.xtec.cat\/baixllobregat3\/wp-content\/uploads\/usu1182\/2022\/10\/escola-verda.png\" alt=\"\" width=\"236\" height=\"213\" srcset=\"https:\/\/serveiseducatius.xtec.cat\/baixllobregat3\/wp-content\/uploads\/usu1182\/2022\/10\/escola-verda.png 236w, https:\/\/serveiseducatius.xtec.cat\/baixllobregat3\/wp-content\/uploads\/usu1182\/2022\/10\/escola-verda-200x181.png 200w, https:\/\/serveiseducatius.xtec.cat\/baixllobregat3\/wp-content\/uploads\/usu1182\/2022\/10\/escola-verda-120x108.png 120w\" sizes=\"auto, (max-width: 236px) 100vw, 236px\" \/>Ja s\u00f3n obertes les inscripcions a la formaci\u00f3 inicial d\u2019escoles verdes!<\/p>\n<p style=\"font-weight: 400;\">Aquesta formaci\u00f3 \u00e9s d\u2019equips de centres i l\u2019han de realitzar entre <strong>3-4 persones del centre, una d\u2019elles de l\u2019equip directiu\u00a0<\/strong>(a excepci\u00f3 de les ZER que s\u2019acordar\u00e0 amb elles en funci\u00f3 dels docents disponibles).<\/p>\n<p style=\"font-weight: 400;\">Les sessions formatives comencen al gener, per\u00f2 entre novembre i desembre es dur\u00e0 a terme una sessi\u00f3 inicial amb el claustre del centre per con\u00e8ixer el punt de partida del centre, els interessos i motivacions i informar del proc\u00e9s i del que vol dir incorporar-se a la xarxa d\u2019escoles verdes i els compromisos que el centre assumeix.<\/p>\n<p>Us facilitem l&#8217;enlla\u00e7 a la inscripci\u00f3:<\/p>\n<p style=\"font-weight: 400;\"><a href=\"https:\/\/aplicacions.gestioeducativa.gencat.cat\/pls\/soloas\/pk_for_mod_ins.p_for_pre_cons_activitats?p_any=2022-2023&amp;p_codi=3005000545\" data-saferedirecturl=\"https:\/\/www.google.com\/url?q=https:\/\/aplicacions.gestioeducativa.gencat.cat\/pls\/soloas\/pk_for_mod_ins.p_for_pre_cons_activitats?p_any%3D2022-2023%26p_codi%3D3005000545&amp;source=gmail&amp;ust=1666939452093000&amp;usg=AOvVaw0ZErRHH7UNnloMNM0ZCTAK\"><strong>Iniciaci\u00f3 a l&#8217;educaci\u00f3 per a la sostenibilitat. Formaci\u00f3 inicial\u00a0escoles\u00a0verdes \u00a0<\/strong><\/a>Del dijous 26\/1\/2023 al 22\/6\/2023 de 17:30h a 20:00h<\/p>\n<p style=\"font-weight: 400;\"><strong><u>A banda de la inscripci\u00f3<\/u><\/strong> des de l&#8217;organitzaci\u00f3, es demana que empleneu el seg\u00fcent <a href=\"https:\/\/forms.gle\/L9WrNAX8rE6ELSA78\" data-saferedirecturl=\"https:\/\/www.google.com\/url?q=https:\/\/forms.gle\/L9WrNAX8rE6ELSA78&amp;source=gmail&amp;ust=1666939452093000&amp;usg=AOvVaw1HAfwN7uXAPNeytbkaL-ht\"><strong>formulari<\/strong><\/a> (un per centre).<\/p>\n","protected":false},"excerpt":{"rendered":"<p>Ja s\u00f3n obertes les inscripcions a la formaci\u00f3 inicial d\u2019escoles verdes! Aquesta formaci\u00f3 \u00e9s d\u2019equips de centres i l\u2019han de realitzar entre 3-4 persones del centre, una d\u2019elles de l\u2019equip directiu\u00a0(a excepci\u00f3 de les ZER que s\u2019acordar\u00e0 amb elles en funci\u00f3 dels docents disponibles). Les sessions formatives comencen al gener, per\u00f2 entre novembre i desembre [&hellip;]<\/p>\n","protected":false},"author":5,"featured_media":12529,"comment_status":"closed","ping_status":"closed","sticky":false,"template":"","format":"standard","meta":{"_bbp_topic_count":0,"_bbp_reply_count":0,"_bbp_total_topic_count":0,"_bbp_total_reply_count":0,"_bbp_voice_count":0,"_bbp_anonymous_reply_count":0,"_bbp_topic_count_hidden":0,"_bbp_reply_count_hidden":0,"_bbp_forum_subforum_count":0,"site-sidebar-layout":"default","site-content-layout":"","ast-site-content-layout":"","site-content-style":"default","site-sidebar-style":"default","ast-global-header-display":"","ast-banner-title-visibility":"","ast-main-header-display":"","ast-hfb-above-header-display":"","ast-hfb-below-header-display":"","ast-hfb-mobile-header-display":"","site-post-title":"","ast-breadcrumbs-content":"","ast-featured-img":"","footer-sml-layout":"","theme-transparent-header-meta":"","adv-header-id-meta":"","stick-header-meta":"","header-above-stick-meta":"","header-main-stick-meta":"","header-below-stick-meta":"","astra-migrate-meta-layouts":"default","ast-page-background-enabled":"default","ast-page-background-meta":{"desktop":{"background-color":"var(--ast-global-color-4)","background-image":"","background-repeat":"repeat","background-position":"center center","background-size":"auto","background-attachment":"scroll","background-type":"","background-media":"","overlay-type":"","overlay-color":"","overlay-opacity":"","overlay-gradient":""},"tablet":{"background-color":"","background-image":"","background-repeat":"repeat","background-position":"center center","background-size":"auto","background-attachment":"scroll","background-type":"","background-media":"","overlay-type":"","overlay-color":"","overlay-opacity":"","overlay-gradient":""},"mobile":{"background-color":"","background-image":"","background-repeat":"repeat","background-position":"center center","background-size":"auto","background-attachment":"scroll","background-type":"","background-media":"","overlay-type":"","overlay-color":"","overlay-opacity":"","overlay-gradient":""}},"ast-content-background-meta":{"desktop":{"background-color":"var(--ast-global-color-5)","background-image":"","background-repeat":"repeat","background-position":"center center","background-size":"auto","background-attachment":"scroll","background-type":"","background-media":"","overlay-type":"","overlay-color":"","overlay-opacity":"","overlay-gradient":""},"tablet":{"background-color":"var(--ast-global-color-5)","background-image":"","background-repeat":"repeat","background-position":"center center","background-size":"auto","background-attachment":"scroll","background-type":"","background-media":"","overlay-type":"","overlay-color":"","overlay-opacity":"","overlay-gradient":""},"mobile":{"background-color":"var(--ast-global-color-5)","background-image":"","background-repeat":"repeat","background-position":"center center","background-size":"auto","background-attachment":"scroll","background-type":"","background-media":"","overlay-type":"","overlay-color":"","overlay-opacity":"","overlay-gradient":""}},"footnotes":""},"categories":[64,65,66,1,29],"tags":[476],"class_list":["post-12528","post","type-post","status-publish","format-standard","has-post-thumbnail","hentry","category-comunitat","category-se_crp","category-dinamitzacio","category-general","category-portada","tag-escolaverda"],"post_mailing_queue_ids":[],"_links":{"self":[{"href":"https:\/\/serveiseducatius.xtec.cat\/baixllobregat3\/wp-json\/wp\/v2\/posts\/12528","targetHints":{"allow":["GET"]}}],"collection":[{"href":"https:\/\/serveiseducatius.xtec.cat\/baixllobregat3\/wp-json\/wp\/v2\/posts"}],"about":[{"href":"https:\/\/serveiseducatius.xtec.cat\/baixllobregat3\/wp-json\/wp\/v2\/types\/post"}],"author":[{"embeddable":true,"href":"https:\/\/serveiseducatius.xtec.cat\/baixllobregat3\/wp-json\/wp\/v2\/users\/5"}],"replies":[{"embeddable":true,"href":"https:\/\/serveiseducatius.xtec.cat\/baixllobregat3\/wp-json\/wp\/v2\/comments?post=12528"}],"version-history":[{"count":1,"href":"https:\/\/serveiseducatius.xtec.cat\/baixllobregat3\/wp-json\/wp\/v2\/posts\/12528\/revisions"}],"predecessor-version":[{"id":12530,"href":"https:\/\/serveiseducatius.xtec.cat\/baixllobregat3\/wp-json\/wp\/v2\/posts\/12528\/revisions\/12530"}],"wp:featuredmedia":[{"embeddable":true,"href":"https:\/\/serveiseducatius.xtec.cat\/baixllobregat3\/wp-json\/wp\/v2\/media\/12529"}],"wp:attachment":[{"href":"https:\/\/serveiseducatius.xtec.cat\/baixllobregat3\/wp-json\/wp\/v2\/media?parent=12528"}],"wp:term":[{"taxonomy":"category","embeddable":true,"href":"https:\/\/serveiseducatius.xtec.cat\/baixllobregat3\/wp-json\/wp\/v2\/categories?post=12528"},{"taxonomy":"post_tag","embeddable":true,"href":"https:\/\/serveiseducatius.xtec.cat\/baixllobregat3\/wp-json\/wp\/v2\/tags?post=12528"}],"curies":[{"name":"wp","href":"https:\/\/api.w.org\/{rel}","templated":true}]}}