{"id":12519,"date":"2022-10-13T13:23:29","date_gmt":"2022-10-13T11:23:29","guid":{"rendered":"https:\/\/serveiseducatius.xtec.cat\/baixllobregat3\/?p=12519"},"modified":"2022-10-13T13:23:29","modified_gmt":"2022-10-13T11:23:29","slug":"xix-certamen-de-lectura-en-veu-alta","status":"publish","type":"post","link":"https:\/\/serveiseducatius.xtec.cat\/baixllobregat3\/general\/xix-certamen-de-lectura-en-veu-alta\/","title":{"rendered":"XIX Certamen de Lectura en Veu Alta"},"content":{"rendered":"<p><img loading=\"lazy\" decoding=\"async\" class=\"alignnone size-full wp-image-12520\" src=\"https:\/\/serveiseducatius.xtec.cat\/baixllobregat3\/wp-content\/uploads\/usu1182\/2022\/10\/Captura-1.jpg\" alt=\"\" width=\"308\" height=\"133\" srcset=\"https:\/\/serveiseducatius.xtec.cat\/baixllobregat3\/wp-content\/uploads\/usu1182\/2022\/10\/Captura-1.jpg 308w, https:\/\/serveiseducatius.xtec.cat\/baixllobregat3\/wp-content\/uploads\/usu1182\/2022\/10\/Captura-1-200x86.jpg 200w, https:\/\/serveiseducatius.xtec.cat\/baixllobregat3\/wp-content\/uploads\/usu1182\/2022\/10\/Captura-1-120x52.jpg 120w\" sizes=\"auto, (max-width: 308px) 100vw, 308px\" \/><\/p>\n<p>Arriba el <strong>XIX Certamen de Lectura en Veu Alta!<\/strong><\/p>\n<p>Aquest curs el certamen ser\u00e0 en format presencial i el <a href=\"https:\/\/www.lecturaenveualta.cat\/certamen-de-lectura-en-veu-alta-escolar\/formulari-inscripcio\/\">formulari d&#8217;inscripci\u00f3<\/a> estar\u00e0 actiu fins el dia <strong>8 de novembre de 2022.<\/strong><\/p>\n<p>Les places s\u00f3n limitades i l\u2019organitzaci\u00f3 es reserva el dret de tancar la inscripci\u00f3 abans de la data l\u00edmit.<\/p>\n<p>Consulteu l\u2019<a href=\"https:\/\/www.lecturaenveualta.cat\/esdeveniments\/\" target=\"_blank\" rel=\"noopener noreferrer\">agenda<\/a>\u00a0i els\u00a0<a href=\"https:\/\/www.lecturaenveualta.cat\/certamen-de-lectura-en-veu-alta-escolar\/llibres\/\" target=\"_blank\" rel=\"noopener noreferrer\">llibres<\/a>\u00a0del Certamen a\u00a0<a href=\"https:\/\/www.lecturaenveualta.cat\/certamen-de-lectura-en-veu-alta-escolar\/\" target=\"_blank\" rel=\"noopener noreferrer\">www.lecturaenveualta.cat<\/a><\/p>\n<p>&nbsp;<\/p>\n","protected":false},"excerpt":{"rendered":"<p>Arriba el XIX Certamen de Lectura en Veu Alta! Aquest curs el certamen ser\u00e0 en format presencial i el formulari d&#8217;inscripci\u00f3 estar\u00e0 actiu fins el dia 8 de novembre de 2022. Les places s\u00f3n limitades i l\u2019organitzaci\u00f3 es reserva el dret de tancar la inscripci\u00f3 abans de la data l\u00edmit. Consulteu l\u2019agenda\u00a0i els\u00a0llibres\u00a0del Certamen a\u00a0www.lecturaenveualta.cat [&hellip;]<\/p>\n","protected":false},"author":35,"featured_media":12520,"comment_status":"closed","ping_status":"closed","sticky":false,"template":"","format":"standard","meta":{"_bbp_topic_count":0,"_bbp_reply_count":0,"_bbp_total_topic_count":0,"_bbp_total_reply_count":0,"_bbp_voice_count":0,"_bbp_anonymous_reply_count":0,"_bbp_topic_count_hidden":0,"_bbp_reply_count_hidden":0,"_bbp_forum_subforum_count":0,"site-sidebar-layout":"default","site-content-layout":"","ast-site-content-layout":"","site-content-style":"default","site-sidebar-style":"default","ast-global-header-display":"","ast-banner-title-visibility":"","ast-main-header-display":"","ast-hfb-above-header-display":"","ast-hfb-below-header-display":"","ast-hfb-mobile-header-display":"","site-post-title":"","ast-breadcrumbs-content":"","ast-featured-img":"","footer-sml-layout":"","theme-transparent-header-meta":"","adv-header-id-meta":"","stick-header-meta":"","header-above-stick-meta":"","header-main-stick-meta":"","header-below-stick-meta":"","astra-migrate-meta-layouts":"default","ast-page-background-enabled":"default","ast-page-background-meta":{"desktop":{"background-color":"var(--ast-global-color-4)","background-image":"","background-repeat":"repeat","background-position":"center center","background-size":"auto","background-attachment":"scroll","background-type":"","background-media":"","overlay-type":"","overlay-color":"","overlay-opacity":"","overlay-gradient":""},"tablet":{"background-color":"","background-image":"","background-repeat":"repeat","background-position":"center center","background-size":"auto","background-attachment":"scroll","background-type":"","background-media":"","overlay-type":"","overlay-color":"","overlay-opacity":"","overlay-gradient":""},"mobile":{"background-color":"","background-image":"","background-repeat":"repeat","background-position":"center center","background-size":"auto","background-attachment":"scroll","background-type":"","background-media":"","overlay-type":"","overlay-color":"","overlay-opacity":"","overlay-gradient":""}},"ast-content-background-meta":{"desktop":{"background-color":"var(--ast-global-color-5)","background-image":"","background-repeat":"repeat","background-position":"center center","background-size":"auto","background-attachment":"scroll","background-type":"","background-media":"","overlay-type":"","overlay-color":"","overlay-opacity":"","overlay-gradient":""},"tablet":{"background-color":"var(--ast-global-color-5)","background-image":"","background-repeat":"repeat","background-position":"center center","background-size":"auto","background-attachment":"scroll","background-type":"","background-media":"","overlay-type":"","overlay-color":"","overlay-opacity":"","overlay-gradient":""},"mobile":{"background-color":"var(--ast-global-color-5)","background-image":"","background-repeat":"repeat","background-position":"center center","background-size":"auto","background-attachment":"scroll","background-type":"","background-media":"","overlay-type":"","overlay-color":"","overlay-opacity":"","overlay-gradient":""}},"footnotes":""},"categories":[323,456,81,65,66,68,1,72,29,395],"tags":[],"class_list":["post-12519","post","type-post","status-publish","format-standard","has-post-thumbnail","hentry","category-activitats-de-centre","category-ambitlinguistic","category-biblioteca-escolar","category-se_crp","category-dinamitzacio","category-se_elic","category-general","category-lectura-en-veu-alta","category-portada","category-sebll3"],"post_mailing_queue_ids":[],"_links":{"self":[{"href":"https:\/\/serveiseducatius.xtec.cat\/baixllobregat3\/wp-json\/wp\/v2\/posts\/12519","targetHints":{"allow":["GET"]}}],"collection":[{"href":"https:\/\/serveiseducatius.xtec.cat\/baixllobregat3\/wp-json\/wp\/v2\/posts"}],"about":[{"href":"https:\/\/serveiseducatius.xtec.cat\/baixllobregat3\/wp-json\/wp\/v2\/types\/post"}],"author":[{"embeddable":true,"href":"https:\/\/serveiseducatius.xtec.cat\/baixllobregat3\/wp-json\/wp\/v2\/users\/35"}],"replies":[{"embeddable":true,"href":"https:\/\/serveiseducatius.xtec.cat\/baixllobregat3\/wp-json\/wp\/v2\/comments?post=12519"}],"version-history":[{"count":1,"href":"https:\/\/serveiseducatius.xtec.cat\/baixllobregat3\/wp-json\/wp\/v2\/posts\/12519\/revisions"}],"predecessor-version":[{"id":12521,"href":"https:\/\/serveiseducatius.xtec.cat\/baixllobregat3\/wp-json\/wp\/v2\/posts\/12519\/revisions\/12521"}],"wp:featuredmedia":[{"embeddable":true,"href":"https:\/\/serveiseducatius.xtec.cat\/baixllobregat3\/wp-json\/wp\/v2\/media\/12520"}],"wp:attachment":[{"href":"https:\/\/serveiseducatius.xtec.cat\/baixllobregat3\/wp-json\/wp\/v2\/media?parent=12519"}],"wp:term":[{"taxonomy":"category","embeddable":true,"href":"https:\/\/serveiseducatius.xtec.cat\/baixllobregat3\/wp-json\/wp\/v2\/categories?post=12519"},{"taxonomy":"post_tag","embeddable":true,"href":"https:\/\/serveiseducatius.xtec.cat\/baixllobregat3\/wp-json\/wp\/v2\/tags?post=12519"}],"curies":[{"name":"wp","href":"https:\/\/api.w.org\/{rel}","templated":true}]}}