{"id":12345,"date":"2022-03-31T14:40:49","date_gmt":"2022-03-31T12:40:49","guid":{"rendered":"https:\/\/serveiseducatius.xtec.cat\/baixllobregat3\/?p=12345"},"modified":"2023-11-18T22:55:57","modified_gmt":"2023-11-18T21:55:57","slug":"iniciem-el-curs-destrategia-digital-de-centre-fic-a-linstitut-joaquim-rubio-i-ors","status":"publish","type":"post","link":"https:\/\/serveiseducatius.xtec.cat\/baixllobregat3\/portada\/iniciem-el-curs-destrategia-digital-de-centre-fic-a-linstitut-joaquim-rubio-i-ors\/","title":{"rendered":"Curs d&#8217;estrat\u00e8gia digital de centre (FIC) a l&#8217;Institut Joaquim Rubi\u00f3 i Ors"},"content":{"rendered":"<p style=\"text-align: center;\">En el marc del Pla d&#8217;Educaci\u00f3 Digital de Catalunya 20-23 (PEDC) per a l&#8217;elaboraci\u00f3 de l&#8217;Estrat\u00e8gia Digital de Centre (EDC), a l&#8217;institut Joaquim Rubi\u00f3 i Ors de Sant Boi de Llobregat, s&#8217;ha iniciat el<strong> curs d&#8217;estrat\u00e8gia digital de centre (FIC) per conjunt del claustre de professores i professors.<\/strong><\/p>\n<p style=\"text-align: center;\">Gr\u00e0cies a l&#8217;impuls de l&#8217;equip directiu del centre i dels cinc membres de la comissi\u00f3 d&#8217;estrat\u00e8gia digital de centre que fan de formadors la participaci\u00f3 est\u00e0 sent tot un \u00e8xit d&#8217;assist\u00e8ncia.<\/p>\n<p style=\"text-align: center;\">Actualment, ja s&#8217;han realitzat tres de les onze sessions previstes en aquesta formaci\u00f3.<\/p>\n<p style=\"text-align: center;\">Per saber-ne m\u00e9s, podeu consultar els objectius <a href=\"https:\/\/serveiseducatius.xtec.cat\/baixllobregat3\/categoria\/ambit-digital\/mentoria-digital\/\" target=\"_blank\" rel=\"noopener\">fent clic en el seg\u00fcent enlla\u00e7<\/a> dins la pestanya &#8220;Activitats Formatives en Centre&#8221;.<\/p>\n<div id='gallery-1' class='gallery galleryid-12345 gallery-columns-2 gallery-size-large'><figure class='gallery-item'>\n\t\t\t<div class='gallery-icon landscape'>\n\t\t\t\t<a href='https:\/\/serveiseducatius.xtec.cat\/baixllobregat3\/portada\/iniciem-el-curs-destrategia-digital-de-centre-fic-a-linstitut-joaquim-rubio-i-ors\/attachment\/img_20220308_154250\/'><img loading=\"lazy\" decoding=\"async\" width=\"600\" height=\"338\" src=\"https:\/\/serveiseducatius.xtec.cat\/baixllobregat3\/wp-content\/uploads\/usu1182\/2022\/03\/IMG_20220308_154250-600x338.jpg\" class=\"attachment-large size-large\" alt=\"\" srcset=\"https:\/\/serveiseducatius.xtec.cat\/baixllobregat3\/wp-content\/uploads\/usu1182\/2022\/03\/IMG_20220308_154250-600x338.jpg 600w, https:\/\/serveiseducatius.xtec.cat\/baixllobregat3\/wp-content\/uploads\/usu1182\/2022\/03\/IMG_20220308_154250-200x113.jpg 200w, https:\/\/serveiseducatius.xtec.cat\/baixllobregat3\/wp-content\/uploads\/usu1182\/2022\/03\/IMG_20220308_154250-120x68.jpg 120w, https:\/\/serveiseducatius.xtec.cat\/baixllobregat3\/wp-content\/uploads\/usu1182\/2022\/03\/IMG_20220308_154250-768x432.jpg 768w, https:\/\/serveiseducatius.xtec.cat\/baixllobregat3\/wp-content\/uploads\/usu1182\/2022\/03\/IMG_20220308_154250.jpg 1024w\" sizes=\"auto, (max-width: 600px) 100vw, 600px\" \/><\/a>\n\t\t\t<\/div><\/figure><figure class='gallery-item'>\n\t\t\t<div class='gallery-icon landscape'>\n\t\t\t\t<a href='https:\/\/serveiseducatius.xtec.cat\/baixllobregat3\/portada\/iniciem-el-curs-destrategia-digital-de-centre-fic-a-linstitut-joaquim-rubio-i-ors\/attachment\/img_20220308_154325\/'><img loading=\"lazy\" decoding=\"async\" width=\"600\" height=\"338\" src=\"https:\/\/serveiseducatius.xtec.cat\/baixllobregat3\/wp-content\/uploads\/usu1182\/2022\/03\/IMG_20220308_154325-600x338.jpg\" class=\"attachment-large size-large\" alt=\"\" srcset=\"https:\/\/serveiseducatius.xtec.cat\/baixllobregat3\/wp-content\/uploads\/usu1182\/2022\/03\/IMG_20220308_154325-600x338.jpg 600w, https:\/\/serveiseducatius.xtec.cat\/baixllobregat3\/wp-content\/uploads\/usu1182\/2022\/03\/IMG_20220308_154325-200x113.jpg 200w, https:\/\/serveiseducatius.xtec.cat\/baixllobregat3\/wp-content\/uploads\/usu1182\/2022\/03\/IMG_20220308_154325-120x68.jpg 120w, https:\/\/serveiseducatius.xtec.cat\/baixllobregat3\/wp-content\/uploads\/usu1182\/2022\/03\/IMG_20220308_154325-768x432.jpg 768w, https:\/\/serveiseducatius.xtec.cat\/baixllobregat3\/wp-content\/uploads\/usu1182\/2022\/03\/IMG_20220308_154325.jpg 1024w\" sizes=\"auto, (max-width: 600px) 100vw, 600px\" \/><\/a>\n\t\t\t<\/div><\/figure><figure class='gallery-item'>\n\t\t\t<div class='gallery-icon landscape'>\n\t\t\t\t<a href='https:\/\/serveiseducatius.xtec.cat\/baixllobregat3\/portada\/iniciem-el-curs-destrategia-digital-de-centre-fic-a-linstitut-joaquim-rubio-i-ors\/attachment\/img_20220308_154348\/'><img loading=\"lazy\" decoding=\"async\" width=\"600\" height=\"338\" src=\"https:\/\/serveiseducatius.xtec.cat\/baixllobregat3\/wp-content\/uploads\/usu1182\/2022\/03\/IMG_20220308_154348-600x338.jpg\" class=\"attachment-large size-large\" alt=\"\" srcset=\"https:\/\/serveiseducatius.xtec.cat\/baixllobregat3\/wp-content\/uploads\/usu1182\/2022\/03\/IMG_20220308_154348-600x338.jpg 600w, https:\/\/serveiseducatius.xtec.cat\/baixllobregat3\/wp-content\/uploads\/usu1182\/2022\/03\/IMG_20220308_154348-200x113.jpg 200w, https:\/\/serveiseducatius.xtec.cat\/baixllobregat3\/wp-content\/uploads\/usu1182\/2022\/03\/IMG_20220308_154348-120x68.jpg 120w, https:\/\/serveiseducatius.xtec.cat\/baixllobregat3\/wp-content\/uploads\/usu1182\/2022\/03\/IMG_20220308_154348-768x432.jpg 768w, https:\/\/serveiseducatius.xtec.cat\/baixllobregat3\/wp-content\/uploads\/usu1182\/2022\/03\/IMG_20220308_154348.jpg 1024w\" sizes=\"auto, (max-width: 600px) 100vw, 600px\" \/><\/a>\n\t\t\t<\/div><\/figure><figure class='gallery-item'>\n\t\t\t<div class='gallery-icon landscape'>\n\t\t\t\t<a href='https:\/\/serveiseducatius.xtec.cat\/baixllobregat3\/portada\/iniciem-el-curs-destrategia-digital-de-centre-fic-a-linstitut-joaquim-rubio-i-ors\/attachment\/img_20220308_154930\/'><img loading=\"lazy\" decoding=\"async\" width=\"600\" height=\"338\" src=\"https:\/\/serveiseducatius.xtec.cat\/baixllobregat3\/wp-content\/uploads\/usu1182\/2022\/03\/IMG_20220308_154930-600x338.jpg\" class=\"attachment-large size-large\" alt=\"\" srcset=\"https:\/\/serveiseducatius.xtec.cat\/baixllobregat3\/wp-content\/uploads\/usu1182\/2022\/03\/IMG_20220308_154930-600x338.jpg 600w, https:\/\/serveiseducatius.xtec.cat\/baixllobregat3\/wp-content\/uploads\/usu1182\/2022\/03\/IMG_20220308_154930-200x113.jpg 200w, https:\/\/serveiseducatius.xtec.cat\/baixllobregat3\/wp-content\/uploads\/usu1182\/2022\/03\/IMG_20220308_154930-120x68.jpg 120w, https:\/\/serveiseducatius.xtec.cat\/baixllobregat3\/wp-content\/uploads\/usu1182\/2022\/03\/IMG_20220308_154930-768x432.jpg 768w, https:\/\/serveiseducatius.xtec.cat\/baixllobregat3\/wp-content\/uploads\/usu1182\/2022\/03\/IMG_20220308_154930.jpg 1024w\" sizes=\"auto, (max-width: 600px) 100vw, 600px\" \/><\/a>\n\t\t\t<\/div><\/figure><figure class='gallery-item'>\n\t\t\t<div class='gallery-icon landscape'>\n\t\t\t\t<a href='https:\/\/serveiseducatius.xtec.cat\/baixllobregat3\/portada\/iniciem-el-curs-destrategia-digital-de-centre-fic-a-linstitut-joaquim-rubio-i-ors\/attachment\/img_20220308_163000\/'><img loading=\"lazy\" decoding=\"async\" width=\"600\" height=\"338\" src=\"https:\/\/serveiseducatius.xtec.cat\/baixllobregat3\/wp-content\/uploads\/usu1182\/2022\/03\/IMG_20220308_163000-600x338.jpg\" class=\"attachment-large size-large\" alt=\"\" srcset=\"https:\/\/serveiseducatius.xtec.cat\/baixllobregat3\/wp-content\/uploads\/usu1182\/2022\/03\/IMG_20220308_163000-600x338.jpg 600w, https:\/\/serveiseducatius.xtec.cat\/baixllobregat3\/wp-content\/uploads\/usu1182\/2022\/03\/IMG_20220308_163000-200x113.jpg 200w, https:\/\/serveiseducatius.xtec.cat\/baixllobregat3\/wp-content\/uploads\/usu1182\/2022\/03\/IMG_20220308_163000-120x68.jpg 120w, https:\/\/serveiseducatius.xtec.cat\/baixllobregat3\/wp-content\/uploads\/usu1182\/2022\/03\/IMG_20220308_163000-768x432.jpg 768w, https:\/\/serveiseducatius.xtec.cat\/baixllobregat3\/wp-content\/uploads\/usu1182\/2022\/03\/IMG_20220308_163000.jpg 1024w\" sizes=\"auto, (max-width: 600px) 100vw, 600px\" \/><\/a>\n\t\t\t<\/div><\/figure><figure class='gallery-item'>\n\t\t\t<div class='gallery-icon landscape'>\n\t\t\t\t<a href='https:\/\/serveiseducatius.xtec.cat\/baixllobregat3\/portada\/iniciem-el-curs-destrategia-digital-de-centre-fic-a-linstitut-joaquim-rubio-i-ors\/attachment\/img_20220308_163231\/'><img loading=\"lazy\" decoding=\"async\" width=\"600\" height=\"338\" src=\"https:\/\/serveiseducatius.xtec.cat\/baixllobregat3\/wp-content\/uploads\/usu1182\/2022\/03\/IMG_20220308_163231-600x338.jpg\" class=\"attachment-large size-large\" alt=\"\" srcset=\"https:\/\/serveiseducatius.xtec.cat\/baixllobregat3\/wp-content\/uploads\/usu1182\/2022\/03\/IMG_20220308_163231-600x338.jpg 600w, https:\/\/serveiseducatius.xtec.cat\/baixllobregat3\/wp-content\/uploads\/usu1182\/2022\/03\/IMG_20220308_163231-200x113.jpg 200w, https:\/\/serveiseducatius.xtec.cat\/baixllobregat3\/wp-content\/uploads\/usu1182\/2022\/03\/IMG_20220308_163231-120x68.jpg 120w, https:\/\/serveiseducatius.xtec.cat\/baixllobregat3\/wp-content\/uploads\/usu1182\/2022\/03\/IMG_20220308_163231-768x432.jpg 768w, https:\/\/serveiseducatius.xtec.cat\/baixllobregat3\/wp-content\/uploads\/usu1182\/2022\/03\/IMG_20220308_163231.jpg 1024w\" sizes=\"auto, (max-width: 600px) 100vw, 600px\" \/><\/a>\n\t\t\t<\/div><\/figure>\n\t\t<\/div>\n\n","protected":false},"excerpt":{"rendered":"<p>En el marc del Pla d&#8217;Educaci\u00f3 Digital de Catalunya 20-23 (PEDC) per a l&#8217;elaboraci\u00f3 de l&#8217;Estrat\u00e8gia Digital de Centre (EDC), a l&#8217;institut Joaquim Rubi\u00f3 i Ors de Sant Boi de Llobregat, s&#8217;ha iniciat el curs d&#8217;estrat\u00e8gia digital de centre (FIC) per conjunt del claustre de professores i professors. Gr\u00e0cies a l&#8217;impuls de l&#8217;equip directiu del [&hellip;]<\/p>\n","protected":false},"author":36,"featured_media":12347,"comment_status":"closed","ping_status":"closed","sticky":false,"template":"","format":"standard","meta":{"_bbp_topic_count":0,"_bbp_reply_count":0,"_bbp_total_topic_count":0,"_bbp_total_reply_count":0,"_bbp_voice_count":0,"_bbp_anonymous_reply_count":0,"_bbp_topic_count_hidden":0,"_bbp_reply_count_hidden":0,"_bbp_forum_subforum_count":0,"site-sidebar-layout":"default","site-content-layout":"","ast-site-content-layout":"","site-content-style":"default","site-sidebar-style":"default","ast-global-header-display":"","ast-banner-title-visibility":"","ast-main-header-display":"","ast-hfb-above-header-display":"","ast-hfb-below-header-display":"","ast-hfb-mobile-header-display":"","site-post-title":"","ast-breadcrumbs-content":"","ast-featured-img":"","footer-sml-layout":"","theme-transparent-header-meta":"","adv-header-id-meta":"","stick-header-meta":"","header-above-stick-meta":"","header-main-stick-meta":"","header-below-stick-meta":"","astra-migrate-meta-layouts":"default","ast-page-background-enabled":"default","ast-page-background-meta":{"desktop":{"background-color":"var(--ast-global-color-4)","background-image":"","background-repeat":"repeat","background-position":"center center","background-size":"auto","background-attachment":"scroll","background-type":"","background-media":"","overlay-type":"","overlay-color":"","overlay-opacity":"","overlay-gradient":""},"tablet":{"background-color":"","background-image":"","background-repeat":"repeat","background-position":"center center","background-size":"auto","background-attachment":"scroll","background-type":"","background-media":"","overlay-type":"","overlay-color":"","overlay-opacity":"","overlay-gradient":""},"mobile":{"background-color":"","background-image":"","background-repeat":"repeat","background-position":"center center","background-size":"auto","background-attachment":"scroll","background-type":"","background-media":"","overlay-type":"","overlay-color":"","overlay-opacity":"","overlay-gradient":""}},"ast-content-background-meta":{"desktop":{"background-color":"var(--ast-global-color-5)","background-image":"","background-repeat":"repeat","background-position":"center center","background-size":"auto","background-attachment":"scroll","background-type":"","background-media":"","overlay-type":"","overlay-color":"","overlay-opacity":"","overlay-gradient":""},"tablet":{"background-color":"var(--ast-global-color-5)","background-image":"","background-repeat":"repeat","background-position":"center center","background-size":"auto","background-attachment":"scroll","background-type":"","background-media":"","overlay-type":"","overlay-color":"","overlay-opacity":"","overlay-gradient":""},"mobile":{"background-color":"var(--ast-global-color-5)","background-image":"","background-repeat":"repeat","background-position":"center center","background-size":"auto","background-attachment":"scroll","background-type":"","background-media":"","overlay-type":"","overlay-color":"","overlay-opacity":"","overlay-gradient":""}},"footnotes":""},"categories":[78,457,402,29],"tags":[],"class_list":["post-12345","post","type-post","status-publish","format-standard","has-post-thumbnail","hentry","category-ambit-digital","category-mentoria-digital","category-pla-deducacio-digital-de-catalunya","category-portada"],"post_mailing_queue_ids":[],"_links":{"self":[{"href":"https:\/\/serveiseducatius.xtec.cat\/baixllobregat3\/wp-json\/wp\/v2\/posts\/12345","targetHints":{"allow":["GET"]}}],"collection":[{"href":"https:\/\/serveiseducatius.xtec.cat\/baixllobregat3\/wp-json\/wp\/v2\/posts"}],"about":[{"href":"https:\/\/serveiseducatius.xtec.cat\/baixllobregat3\/wp-json\/wp\/v2\/types\/post"}],"author":[{"embeddable":true,"href":"https:\/\/serveiseducatius.xtec.cat\/baixllobregat3\/wp-json\/wp\/v2\/users\/36"}],"replies":[{"embeddable":true,"href":"https:\/\/serveiseducatius.xtec.cat\/baixllobregat3\/wp-json\/wp\/v2\/comments?post=12345"}],"version-history":[{"count":3,"href":"https:\/\/serveiseducatius.xtec.cat\/baixllobregat3\/wp-json\/wp\/v2\/posts\/12345\/revisions"}],"predecessor-version":[{"id":12361,"href":"https:\/\/serveiseducatius.xtec.cat\/baixllobregat3\/wp-json\/wp\/v2\/posts\/12345\/revisions\/12361"}],"wp:featuredmedia":[{"embeddable":true,"href":"https:\/\/serveiseducatius.xtec.cat\/baixllobregat3\/wp-json\/wp\/v2\/media\/12347"}],"wp:attachment":[{"href":"https:\/\/serveiseducatius.xtec.cat\/baixllobregat3\/wp-json\/wp\/v2\/media?parent=12345"}],"wp:term":[{"taxonomy":"category","embeddable":true,"href":"https:\/\/serveiseducatius.xtec.cat\/baixllobregat3\/wp-json\/wp\/v2\/categories?post=12345"},{"taxonomy":"post_tag","embeddable":true,"href":"https:\/\/serveiseducatius.xtec.cat\/baixllobregat3\/wp-json\/wp\/v2\/tags?post=12345"}],"curies":[{"name":"wp","href":"https:\/\/api.w.org\/{rel}","templated":true}]}}