{"id":12118,"date":"2022-01-18T12:32:59","date_gmt":"2022-01-18T11:32:59","guid":{"rendered":"https:\/\/serveiseducatius.xtec.cat\/baixllobregat3\/?p=12118"},"modified":"2022-01-18T12:33:44","modified_gmt":"2022-01-18T11:33:44","slug":"projecte-medutarraco-2","status":"publish","type":"post","link":"https:\/\/serveiseducatius.xtec.cat\/baixllobregat3\/general\/projecte-medutarraco-2\/","title":{"rendered":"Projecte mEduTarraco"},"content":{"rendered":"<p><img loading=\"lazy\" decoding=\"async\" class=\" wp-image-12119 aligncenter\" src=\"https:\/\/serveiseducatius.xtec.cat\/baixllobregat3\/wp-content\/uploads\/usu1182\/2022\/01\/tarraco-600x71.jpg\" alt=\"\" width=\"1268\" height=\"150\" srcset=\"https:\/\/serveiseducatius.xtec.cat\/baixllobregat3\/wp-content\/uploads\/usu1182\/2022\/01\/tarraco-600x71.jpg 600w, https:\/\/serveiseducatius.xtec.cat\/baixllobregat3\/wp-content\/uploads\/usu1182\/2022\/01\/tarraco-200x24.jpg 200w, https:\/\/serveiseducatius.xtec.cat\/baixllobregat3\/wp-content\/uploads\/usu1182\/2022\/01\/tarraco-120x14.jpg 120w, https:\/\/serveiseducatius.xtec.cat\/baixllobregat3\/wp-content\/uploads\/usu1182\/2022\/01\/tarraco-768x91.jpg 768w, https:\/\/serveiseducatius.xtec.cat\/baixllobregat3\/wp-content\/uploads\/usu1182\/2022\/01\/tarraco.jpg 1465w\" sizes=\"auto, (max-width: 1268px) 100vw, 1268px\" \/><\/p>\n<p>El <strong>Projecte mEduTarraco<\/strong> \u00e9s una iniciativa d\u2019un equip de 15 docents i est\u00e0 coorganitzat pels Serveis Territorials d\u2019Educaci\u00f3 a Tarragona, l\u2019Ajuntament de Tarragona. Compta amb la col\u00b7laboraci\u00f3 del programa mSchools, una iniciativa que impulsa la fundaci\u00f3 Mobile World Capital Foundation en col\u00b7laboraci\u00f3 amb la Generalitat de Catalunya, l\u2019Ajuntament de Barcelona i GSMA. El projecte compta tamb\u00e9 amb el suport d\u2019Itinerarium, Universitat Rovira i Virgili i l\u2019Autoritat Portu\u00e0ria de Tarragona.<\/p>\n<p>El projecte mEduTarraco<strong> proposa con\u00e8ixer i gaudir de la ciutat de Tarragona a trav\u00e9s de tecnologies m\u00f2bils i d\u2019un joc de pistes geolocalitzat<\/strong> i contribuir a la sensibilitzaci\u00f3 i la recerca mitjan\u00e7ant la Fundaci\u00f3 La Marat\u00f3 de TV3. Coneix la ciutat, juga amb el\u00a0teu m\u00f2bil i guanya punts que els sponsors del projecte convertiran aportant una quantitat determinada per a La Marat\u00f3.<\/p>\n<p><!--more--><\/p>\n<p><strong>Quan?<\/strong><\/p>\n<p>De l\u20191 de febrer al 31 de mar\u00e7 de 2022<\/p>\n<p><strong>Qui hi pot participar?<\/strong><\/p>\n<p>Adre\u00e7at a tothom qui vulgui jugar i con\u00e8ixer la ciutat de Tarragona de forma l\u00fadica, educativa i solid\u00e0ria. D\u2019inter\u00e8s per a grups d\u2019alumnes, amics, fam\u00edlies i visitants.<\/p>\n<p>Us fem arribar la informaci\u00f3 del projecte educatiu: <a href=\"https:\/\/projectes.xtec.cat\/met\/\">https:\/\/projectes.xtec.cat\/met\/<\/a><\/p>\n<p><strong>Per a m\u00e9s informaci\u00f3:<\/strong><\/p>\n<p>El projecte es far\u00e0 de forma asincr\u00f2nica. S\u2019obrir\u00e0 un per\u00edode dos mesos, des de l\u20191 de febrer fins al 31 de mar\u00e7 de 2022, perqu\u00e8 els usuaris i usu\u00e0ries tri\u00efn la data m\u00e9s convenient per fer l\u2019activitat<br \/>\nPoden participar en el projecte totes les persones interessades a con\u00e8ixer la ciutat. Els centres educatius poden seguir fent l\u2019activitat amb grups d\u2019alumnes. Se\u2019ls convida a engrescar la comunitat educativa, fam\u00edlies i ciutadania en general, per dur a terme l\u2019activitat.<br \/>\nLa participaci\u00f3 consistir\u00e0 en visitar punts emblem\u00e0tics de la ciutat de Tarragona i contestar les preguntes que planteja l\u2019aplicaci\u00f3 MHM.<br \/>\nLa puntuaci\u00f3 obtinguda en funci\u00f3 de les respostes encertades, es visibilitzar\u00e0 en un r\u00e0nquing.<br \/>\nEs definir\u00e0 una puntuaci\u00f3 m\u00ednima, per considerar-se que la persona ha fet l\u2019activitat.<br \/>\nEls esp\u00f2nsors faran la donaci\u00f3 de la quantitat acordada a La Marat\u00f3 de TV3 d\u2019acord amb el nombre de persones que hagin completat l\u2019activitat.<\/p>\n","protected":false},"excerpt":{"rendered":"<p>El Projecte mEduTarraco \u00e9s una iniciativa d\u2019un equip de 15 docents i est\u00e0 coorganitzat pels Serveis Territorials d\u2019Educaci\u00f3 a Tarragona, l\u2019Ajuntament de Tarragona. Compta amb la col\u00b7laboraci\u00f3 del programa mSchools, una iniciativa que impulsa la fundaci\u00f3 Mobile World Capital Foundation en col\u00b7laboraci\u00f3 amb la Generalitat de Catalunya, l\u2019Ajuntament de Barcelona i GSMA. El projecte compta [&hellip;]<\/p>\n","protected":false},"author":35,"featured_media":12119,"comment_status":"closed","ping_status":"closed","sticky":false,"template":"","format":"standard","meta":{"_bbp_topic_count":0,"_bbp_reply_count":0,"_bbp_total_topic_count":0,"_bbp_total_reply_count":0,"_bbp_voice_count":0,"_bbp_anonymous_reply_count":0,"_bbp_topic_count_hidden":0,"_bbp_reply_count_hidden":0,"_bbp_forum_subforum_count":0,"site-sidebar-layout":"default","site-content-layout":"","ast-site-content-layout":"","site-content-style":"default","site-sidebar-style":"default","ast-global-header-display":"","ast-banner-title-visibility":"","ast-main-header-display":"","ast-hfb-above-header-display":"","ast-hfb-below-header-display":"","ast-hfb-mobile-header-display":"","site-post-title":"","ast-breadcrumbs-content":"","ast-featured-img":"","footer-sml-layout":"","theme-transparent-header-meta":"","adv-header-id-meta":"","stick-header-meta":"","header-above-stick-meta":"","header-main-stick-meta":"","header-below-stick-meta":"","astra-migrate-meta-layouts":"default","ast-page-background-enabled":"default","ast-page-background-meta":{"desktop":{"background-color":"var(--ast-global-color-4)","background-image":"","background-repeat":"repeat","background-position":"center center","background-size":"auto","background-attachment":"scroll","background-type":"","background-media":"","overlay-type":"","overlay-color":"","overlay-opacity":"","overlay-gradient":""},"tablet":{"background-color":"","background-image":"","background-repeat":"repeat","background-position":"center center","background-size":"auto","background-attachment":"scroll","background-type":"","background-media":"","overlay-type":"","overlay-color":"","overlay-opacity":"","overlay-gradient":""},"mobile":{"background-color":"","background-image":"","background-repeat":"repeat","background-position":"center center","background-size":"auto","background-attachment":"scroll","background-type":"","background-media":"","overlay-type":"","overlay-color":"","overlay-opacity":"","overlay-gradient":""}},"ast-content-background-meta":{"desktop":{"background-color":"var(--ast-global-color-5)","background-image":"","background-repeat":"repeat","background-position":"center center","background-size":"auto","background-attachment":"scroll","background-type":"","background-media":"","overlay-type":"","overlay-color":"","overlay-opacity":"","overlay-gradient":""},"tablet":{"background-color":"var(--ast-global-color-5)","background-image":"","background-repeat":"repeat","background-position":"center center","background-size":"auto","background-attachment":"scroll","background-type":"","background-media":"","overlay-type":"","overlay-color":"","overlay-opacity":"","overlay-gradient":""},"mobile":{"background-color":"var(--ast-global-color-5)","background-image":"","background-repeat":"repeat","background-position":"center center","background-size":"auto","background-attachment":"scroll","background-type":"","background-media":"","overlay-type":"","overlay-color":"","overlay-opacity":"","overlay-gradient":""}},"footnotes":""},"categories":[323,65,1,395],"tags":[],"class_list":["post-12118","post","type-post","status-publish","format-standard","has-post-thumbnail","hentry","category-activitats-de-centre","category-se_crp","category-general","category-sebll3"],"post_mailing_queue_ids":[],"_links":{"self":[{"href":"https:\/\/serveiseducatius.xtec.cat\/baixllobregat3\/wp-json\/wp\/v2\/posts\/12118","targetHints":{"allow":["GET"]}}],"collection":[{"href":"https:\/\/serveiseducatius.xtec.cat\/baixllobregat3\/wp-json\/wp\/v2\/posts"}],"about":[{"href":"https:\/\/serveiseducatius.xtec.cat\/baixllobregat3\/wp-json\/wp\/v2\/types\/post"}],"author":[{"embeddable":true,"href":"https:\/\/serveiseducatius.xtec.cat\/baixllobregat3\/wp-json\/wp\/v2\/users\/35"}],"replies":[{"embeddable":true,"href":"https:\/\/serveiseducatius.xtec.cat\/baixllobregat3\/wp-json\/wp\/v2\/comments?post=12118"}],"version-history":[{"count":3,"href":"https:\/\/serveiseducatius.xtec.cat\/baixllobregat3\/wp-json\/wp\/v2\/posts\/12118\/revisions"}],"predecessor-version":[{"id":12123,"href":"https:\/\/serveiseducatius.xtec.cat\/baixllobregat3\/wp-json\/wp\/v2\/posts\/12118\/revisions\/12123"}],"wp:featuredmedia":[{"embeddable":true,"href":"https:\/\/serveiseducatius.xtec.cat\/baixllobregat3\/wp-json\/wp\/v2\/media\/12119"}],"wp:attachment":[{"href":"https:\/\/serveiseducatius.xtec.cat\/baixllobregat3\/wp-json\/wp\/v2\/media?parent=12118"}],"wp:term":[{"taxonomy":"category","embeddable":true,"href":"https:\/\/serveiseducatius.xtec.cat\/baixllobregat3\/wp-json\/wp\/v2\/categories?post=12118"},{"taxonomy":"post_tag","embeddable":true,"href":"https:\/\/serveiseducatius.xtec.cat\/baixllobregat3\/wp-json\/wp\/v2\/tags?post=12118"}],"curies":[{"name":"wp","href":"https:\/\/api.w.org\/{rel}","templated":true}]}}