{"id":11480,"date":"2021-04-12T14:08:12","date_gmt":"2021-04-12T12:08:12","guid":{"rendered":"http:\/\/serveiseducatius.xtec.cat\/baixllobregat3\/?p=11480"},"modified":"2021-04-13T10:38:28","modified_gmt":"2021-04-13T08:38:28","slug":"presentacio-del-seminari-estrategias-educativas-hacia-la-sostenibilidad-caminos-de-futuro","status":"publish","type":"post","link":"https:\/\/serveiseducatius.xtec.cat\/baixllobregat3\/general\/presentacio-del-seminari-estrategias-educativas-hacia-la-sostenibilidad-caminos-de-futuro\/","title":{"rendered":"\u201cEstrategias educativas hacia la sostenibilidad. Caminos de futuro\u201d"},"content":{"rendered":"<p style=\"text-align: justify;\"><img loading=\"lazy\" decoding=\"async\" class=\"wp-image-11482 alignleft\" src=\"https:\/\/serveiseducatius.xtec.cat\/baixllobregat3\/wp-content\/uploads\/usu1182\/2021\/04\/EyhUSCoXEAIe-eG-470x600.jpg\" alt=\"\" width=\"186\" height=\"238\" \/>El Ministeri d\u2019Educaci\u00f3 i Formaci\u00f3 Professional (MEFP), ha organitzat el seminari web sobre Educaci\u00f3 per al Desenvolupament Sostenible, \u201cEstrategias educativas hacia la sostenibilidad. Caminos de futuro\u201d. Aquest seminari web se celebrar\u00e0 els dies 22, 27 i 29 d\u2019abril de 2021, de 17 a 19 hores. El format ser\u00e0 per videoconfer\u00e8ncia, a trav\u00e9s de la plataforma Zoom.<!--more--><\/p>\n<p style=\"text-align: left;\">Us compartim l\u2019enlla\u00e7 a la inscripci\u00f3:\u00a0<a href=\"https:\/\/www.educacionyfp.gob.es\/servicios-al-ciudadano\/catalogo\/profesorado\/profesorado-no-universitario\/cursos-y-jornadas\/estrategias-sostenibilidad.html\">https:\/\/www.educacionyfp.gob.es\/servicios-al-ciudadano\/catalogo\/profesorado\/profesorado-no-universitario\/cursos-y-jornadas\/estrategias-sostenibilidad.html<\/a><\/p>\n<p style=\"text-align: left;\">Trobareu tota la informaci\u00f3 a la p\u00e0gina web:\u00a0<a href=\"http:\/\/www.educacionyfp.gob.es\/mc\/sgctie\/comunicacion\/blog\/marzo2021\/seminario-sostenibilidad.html\">http:\/\/www.educacionyfp.gob.es\/mc\/sgctie\/comunicacion\/blog\/marzo2021\/seminario-sostenibilidad.html<\/a><\/p>\n","protected":false},"excerpt":{"rendered":"<p>El Ministeri d\u2019Educaci\u00f3 i Formaci\u00f3 Professional (MEFP), ha organitzat el seminari web sobre Educaci\u00f3 per al Desenvolupament Sostenible, \u201cEstrategias educativas hacia la sostenibilidad. Caminos de futuro\u201d. Aquest seminari web se celebrar\u00e0 els dies 22, 27 i 29 d\u2019abril de 2021, de 17 a 19 hores. El format ser\u00e0 per videoconfer\u00e8ncia, a trav\u00e9s de la plataforma [&hellip;]<\/p>\n","protected":false},"author":35,"featured_media":11482,"comment_status":"closed","ping_status":"closed","sticky":false,"template":"","format":"standard","meta":{"_bbp_topic_count":0,"_bbp_reply_count":0,"_bbp_total_topic_count":0,"_bbp_total_reply_count":0,"_bbp_voice_count":0,"_bbp_anonymous_reply_count":0,"_bbp_topic_count_hidden":0,"_bbp_reply_count_hidden":0,"_bbp_forum_subforum_count":0,"site-sidebar-layout":"default","site-content-layout":"","ast-site-content-layout":"","site-content-style":"default","site-sidebar-style":"default","ast-global-header-display":"","ast-banner-title-visibility":"","ast-main-header-display":"","ast-hfb-above-header-display":"","ast-hfb-below-header-display":"","ast-hfb-mobile-header-display":"","site-post-title":"","ast-breadcrumbs-content":"","ast-featured-img":"","footer-sml-layout":"","theme-transparent-header-meta":"","adv-header-id-meta":"","stick-header-meta":"","header-above-stick-meta":"","header-main-stick-meta":"","header-below-stick-meta":"","astra-migrate-meta-layouts":"default","ast-page-background-enabled":"default","ast-page-background-meta":{"desktop":{"background-color":"var(--ast-global-color-4)","background-image":"","background-repeat":"repeat","background-position":"center center","background-size":"auto","background-attachment":"scroll","background-type":"","background-media":"","overlay-type":"","overlay-color":"","overlay-opacity":"","overlay-gradient":""},"tablet":{"background-color":"","background-image":"","background-repeat":"repeat","background-position":"center center","background-size":"auto","background-attachment":"scroll","background-type":"","background-media":"","overlay-type":"","overlay-color":"","overlay-opacity":"","overlay-gradient":""},"mobile":{"background-color":"","background-image":"","background-repeat":"repeat","background-position":"center center","background-size":"auto","background-attachment":"scroll","background-type":"","background-media":"","overlay-type":"","overlay-color":"","overlay-opacity":"","overlay-gradient":""}},"ast-content-background-meta":{"desktop":{"background-color":"var(--ast-global-color-5)","background-image":"","background-repeat":"repeat","background-position":"center center","background-size":"auto","background-attachment":"scroll","background-type":"","background-media":"","overlay-type":"","overlay-color":"","overlay-opacity":"","overlay-gradient":""},"tablet":{"background-color":"var(--ast-global-color-5)","background-image":"","background-repeat":"repeat","background-position":"center center","background-size":"auto","background-attachment":"scroll","background-type":"","background-media":"","overlay-type":"","overlay-color":"","overlay-opacity":"","overlay-gradient":""},"mobile":{"background-color":"var(--ast-global-color-5)","background-image":"","background-repeat":"repeat","background-position":"center center","background-size":"auto","background-attachment":"scroll","background-type":"","background-media":"","overlay-type":"","overlay-color":"","overlay-opacity":"","overlay-gradient":""}},"footnotes":""},"categories":[65,1,29],"tags":[],"class_list":["post-11480","post","type-post","status-publish","format-standard","has-post-thumbnail","hentry","category-se_crp","category-general","category-portada"],"post_mailing_queue_ids":[],"_links":{"self":[{"href":"https:\/\/serveiseducatius.xtec.cat\/baixllobregat3\/wp-json\/wp\/v2\/posts\/11480","targetHints":{"allow":["GET"]}}],"collection":[{"href":"https:\/\/serveiseducatius.xtec.cat\/baixllobregat3\/wp-json\/wp\/v2\/posts"}],"about":[{"href":"https:\/\/serveiseducatius.xtec.cat\/baixllobregat3\/wp-json\/wp\/v2\/types\/post"}],"author":[{"embeddable":true,"href":"https:\/\/serveiseducatius.xtec.cat\/baixllobregat3\/wp-json\/wp\/v2\/users\/35"}],"replies":[{"embeddable":true,"href":"https:\/\/serveiseducatius.xtec.cat\/baixllobregat3\/wp-json\/wp\/v2\/comments?post=11480"}],"version-history":[{"count":3,"href":"https:\/\/serveiseducatius.xtec.cat\/baixllobregat3\/wp-json\/wp\/v2\/posts\/11480\/revisions"}],"predecessor-version":[{"id":11501,"href":"https:\/\/serveiseducatius.xtec.cat\/baixllobregat3\/wp-json\/wp\/v2\/posts\/11480\/revisions\/11501"}],"wp:featuredmedia":[{"embeddable":true,"href":"https:\/\/serveiseducatius.xtec.cat\/baixllobregat3\/wp-json\/wp\/v2\/media\/11482"}],"wp:attachment":[{"href":"https:\/\/serveiseducatius.xtec.cat\/baixllobregat3\/wp-json\/wp\/v2\/media?parent=11480"}],"wp:term":[{"taxonomy":"category","embeddable":true,"href":"https:\/\/serveiseducatius.xtec.cat\/baixllobregat3\/wp-json\/wp\/v2\/categories?post=11480"},{"taxonomy":"post_tag","embeddable":true,"href":"https:\/\/serveiseducatius.xtec.cat\/baixllobregat3\/wp-json\/wp\/v2\/tags?post=11480"}],"curies":[{"name":"wp","href":"https:\/\/api.w.org\/{rel}","templated":true}]}}