{"id":11348,"date":"2021-02-17T10:19:00","date_gmt":"2021-02-17T09:19:00","guid":{"rendered":"http:\/\/serveiseducatius.xtec.cat\/baixllobregat3\/?p=11348"},"modified":"2021-03-09T15:43:57","modified_gmt":"2021-03-09T14:43:57","slug":"8es-jornades-del-centre-promotor-daprenentatge-i-servei","status":"publish","type":"post","link":"https:\/\/serveiseducatius.xtec.cat\/baixllobregat3\/general\/8es-jornades-del-centre-promotor-daprenentatge-i-servei\/","title":{"rendered":"8es Jornades del Centre Promotor d&#8217;Aprenentatge i Servei"},"content":{"rendered":"<p style=\"text-align: justify;\"><img loading=\"lazy\" decoding=\"async\" class=\"wp-image-11349 aligncenter\" style=\"text-align: justify;\" src=\"https:\/\/serveiseducatius.xtec.cat\/baixllobregat3\/wp-content\/uploads\/usu1182\/2021\/02\/ApS-Jornada.jpg\" alt=\"\" width=\"429\" height=\"160\" \/><\/p>\n<p style=\"text-align: justify;\">El Centre\u00a0Promotor d&#8217;A<span style=\"font-family: inherit; font-size: 1em; text-align: justify;\">prenentatge Servei i l&#8217;Institut de Desenvolupament Professional\u00a0\u00a0(ICE-UB) organitzen le <\/span><strong style=\"font-family: inherit; font-size: 1em; text-align: justify;\">8<\/strong><strong style=\"font-family: inherit; font-size: 1em; text-align: justify;\">enes Jornades d&#8217;ApS.\u00a0<\/strong><span style=\"font-family: inherit; font-size: 1em; text-align: justify;\">Seran els dies 3 i 4 de mar\u00e7 i en format virtual. A aquests dos enlla\u00e7os podeu trobar <\/span><span style=\"font-family: inherit; font-size: 1em; text-align: justify;\">el <a href=\"https:\/\/aprenentatgeservei.cat\/wp-content\/uploads\/Jornades-Aps-2021.pdf\" data-saferedirecturl=\"https:\/\/www.google.com\/url?q=https:\/\/aprenentatgeservei.cat\/wp-content\/uploads\/Jornades-Aps-2021.pdf&amp;source=gmail&amp;ust=1613636564945000&amp;usg=AFQjCNGXbqBWVkpESQdrr5VautwNOFu_0w\">programa<\/a> i<\/span>\u00a0<a href=\"https:\/\/www.ub.edu\/gidp-matice\/faces\/formatice?curs=43073\" data-saferedirecturl=\"https:\/\/www.google.com\/url?q=https:\/\/www.ub.edu\/gidp-matice\/faces\/formatice?curs%3D43073&amp;source=gmail&amp;ust=1613636564945000&amp;usg=AFQjCNE4EhJxXggXYgUe9zmq3yQH8m4wcw\">l&#8217;aplicatiu d&#8217;inscripci\u00f3<\/a>.<!--more--><\/p>\n<p style=\"font-weight: 400; text-align: justify;\">El lema que encap\u00e7ala les Jornades, \u00abApS, educar per a la transformaci\u00f3 social\u00bb, expressa un convenciment profund: l\u2019aprenentatge servei \u00e9s una eina que serveix perqu\u00e8 els nois i noies es formin com a persones i com a ciutadans tot enfrontar-se de veritat a reptes c\u00edvics rellevants, i ho facin col\u00b7laborant en la recerca del b\u00e9 com\u00fa.<\/p>\n<p style=\"text-align: justify;\">El programa de les Jornades recull la participaci\u00f3 de persones reconegudes que ens ajudaran a pensar millor la for\u00e7a educativa de l\u2019aprenentatge servei. A m\u00e9s, els tallers presentaran els resultats de les recerques que han impulsat i mostraran les iniciatives que diferents actors educatius, socials i de l\u2019administraci\u00f3 estan promovent per arrelar l\u2019aprenentatge servei i el servei<br \/>\ncomunitari.<\/p>\n<p style=\"text-align: justify;\"><strong>Dimecres 3 de mar\u00e7 de 2021, de 17.30 a 18.45 h: Presentaci\u00f3 de les Jornades<\/strong><\/p>\n<p style=\"text-align: justify;\">Sovint diem que l\u2019aprenentatge servei \u00e9s una proposta transformadora. Per\u00f2, qu\u00e8 transforma? Amb una mirada complement\u00e0ria, entre les persones expertes s&#8217;abordar\u00e0 de quina manera l\u2019aprenentatge servei transforma els municipis, les institucions i tamb\u00e9 les persones.<\/p>\n<p style=\"font-weight: 400;\"><strong>Taula de di\u00e0leg<\/strong> \u00a0ApS: educar per a la transformaci\u00f3 social\u00a0 \u00a0<a href=\"https:\/\/youtu.be\/GiLqdimV8o8\" target=\"_blank\" rel=\"noopener noreferrer\" data-saferedirecturl=\"https:\/\/www.google.com\/url?q=https:\/\/youtu.be\/GiLqdimV8o8&amp;source=gmail&amp;ust=1615386321104000&amp;usg=AFQjCNEZees4AAvUUvzFQfHOhI94escvTA\">https:\/\/youtu.be\/GiLqdimV8o8<\/a><\/p>\n<p><strong>Dijous 4 de mar\u00e7 de 2021: Tallers<\/strong><\/p>\n<p style=\"text-align: justify;\">De 17.30 a 18.45 h<\/p>\n<ul style=\"text-align: justify;\">\n<li>Taller 1. Per qu\u00e8 recomanaries l\u2019aprenentatge servei a prim\u00e0ria? Conducci\u00f3: Mariona Graell (Universitat Internacional de Catalunya).\u00a0 <a href=\"https:\/\/youtu.be\/V5N07yGwUBQ\" target=\"_blank\" rel=\"noopener noreferrer\">https:\/\/youtu.be\/V5N07yGwUBQ<\/a><\/li>\n<li>Taller 2. Com fer ApS amb estrat\u00e8gies virtuals? Conducci\u00f3: F\u00e1tima Avil\u00e9s (Fundaci\u00f3 Bofill &#8211; Facultat d\u2019Educaci\u00f3, Universitat de Barcelona)\u00a0 <a href=\"https:\/\/youtu.be\/vq_VTbsUtE8\" target=\"_blank\" rel=\"noopener noreferrer\">https:\/\/youtu.be\/vq_VTbsUtE8<\/a><\/li>\n<li>Taller 3. Com avaluar l\u2019impacte social dels projectes ApS? Conducci\u00f3: Pilar Folgueiras (Facultat d\u2019Educaci\u00f3, Universitat de Barcelona) i Laura Rubio (Facultat d\u2019Educaci\u00f3, Universitat de<br \/>\nBarcelona)\u00a0 <a href=\"https:\/\/youtu.be\/LpbAZZ_q6jc\" target=\"_blank\" rel=\"noopener noreferrer\">https:\/\/youtu.be\/LpbAZZ_q6jc<\/a><\/li>\n<\/ul>\n<p style=\"text-align: justify;\">De 19.00 h a 20.15 h<\/p>\n<ul>\n<li style=\"text-align: justify;\">Taller 4. Com fem ApS des de la universitat? Conducci\u00f3: Mireia Esparza (Facultat d\u2019Educaci\u00f3, Universitat de Barcelona)\u00a0 <a href=\"https:\/\/youtu.be\/En2evxOnon8\" target=\"_blank\" rel=\"noopener noreferrer\">https:\/\/youtu.be\/En2evxOnon8<\/a><\/li>\n<li style=\"text-align: justify;\">Taller 5. Com multiplicar els projectes d\u2019ApS? Conducci\u00f3: Carles Xifra Cirah (Fundaci\u00f3 Catalana de l\u2019Esplai)\u00a0 <a href=\"https:\/\/youtu.be\/ZXIdblz_z4I\" target=\"_blank\" rel=\"noopener noreferrer\">https:\/\/youtu.be\/ZXIdblz_z4I<\/a><\/li>\n<\/ul>\n","protected":false},"excerpt":{"rendered":"<p>El Centre\u00a0Promotor d&#8217;Aprenentatge Servei i l&#8217;Institut de Desenvolupament Professional\u00a0\u00a0(ICE-UB) organitzen le 8enes Jornades d&#8217;ApS.\u00a0Seran els dies 3 i 4 de mar\u00e7 i en format virtual. A aquests dos enlla\u00e7os podeu trobar el programa i\u00a0l&#8217;aplicatiu d&#8217;inscripci\u00f3.<\/p>\n","protected":false},"author":35,"featured_media":11349,"comment_status":"closed","ping_status":"closed","sticky":false,"template":"","format":"standard","meta":{"_bbp_topic_count":0,"_bbp_reply_count":0,"_bbp_total_topic_count":0,"_bbp_total_reply_count":0,"_bbp_voice_count":0,"_bbp_anonymous_reply_count":0,"_bbp_topic_count_hidden":0,"_bbp_reply_count_hidden":0,"_bbp_forum_subforum_count":0,"site-sidebar-layout":"default","site-content-layout":"","ast-site-content-layout":"","site-content-style":"default","site-sidebar-style":"default","ast-global-header-display":"","ast-banner-title-visibility":"","ast-main-header-display":"","ast-hfb-above-header-display":"","ast-hfb-below-header-display":"","ast-hfb-mobile-header-display":"","site-post-title":"","ast-breadcrumbs-content":"","ast-featured-img":"","footer-sml-layout":"","theme-transparent-header-meta":"","adv-header-id-meta":"","stick-header-meta":"","header-above-stick-meta":"","header-main-stick-meta":"","header-below-stick-meta":"","astra-migrate-meta-layouts":"default","ast-page-background-enabled":"default","ast-page-background-meta":{"desktop":{"background-color":"var(--ast-global-color-4)","background-image":"","background-repeat":"repeat","background-position":"center center","background-size":"auto","background-attachment":"scroll","background-type":"","background-media":"","overlay-type":"","overlay-color":"","overlay-opacity":"","overlay-gradient":""},"tablet":{"background-color":"","background-image":"","background-repeat":"repeat","background-position":"center center","background-size":"auto","background-attachment":"scroll","background-type":"","background-media":"","overlay-type":"","overlay-color":"","overlay-opacity":"","overlay-gradient":""},"mobile":{"background-color":"","background-image":"","background-repeat":"repeat","background-position":"center center","background-size":"auto","background-attachment":"scroll","background-type":"","background-media":"","overlay-type":"","overlay-color":"","overlay-opacity":"","overlay-gradient":""}},"ast-content-background-meta":{"desktop":{"background-color":"var(--ast-global-color-5)","background-image":"","background-repeat":"repeat","background-position":"center center","background-size":"auto","background-attachment":"scroll","background-type":"","background-media":"","overlay-type":"","overlay-color":"","overlay-opacity":"","overlay-gradient":""},"tablet":{"background-color":"var(--ast-global-color-5)","background-image":"","background-repeat":"repeat","background-position":"center center","background-size":"auto","background-attachment":"scroll","background-type":"","background-media":"","overlay-type":"","overlay-color":"","overlay-opacity":"","overlay-gradient":""},"mobile":{"background-color":"var(--ast-global-color-5)","background-image":"","background-repeat":"repeat","background-position":"center center","background-size":"auto","background-attachment":"scroll","background-type":"","background-media":"","overlay-type":"","overlay-color":"","overlay-opacity":"","overlay-gradient":""}},"footnotes":""},"categories":[65,1,29,77],"tags":[111],"class_list":["post-11348","post","type-post","status-publish","format-standard","has-post-thumbnail","hentry","category-se_crp","category-general","category-portada","category-servei-comunitari","tag-servei-comunitari"],"post_mailing_queue_ids":[],"_links":{"self":[{"href":"https:\/\/serveiseducatius.xtec.cat\/baixllobregat3\/wp-json\/wp\/v2\/posts\/11348","targetHints":{"allow":["GET"]}}],"collection":[{"href":"https:\/\/serveiseducatius.xtec.cat\/baixllobregat3\/wp-json\/wp\/v2\/posts"}],"about":[{"href":"https:\/\/serveiseducatius.xtec.cat\/baixllobregat3\/wp-json\/wp\/v2\/types\/post"}],"author":[{"embeddable":true,"href":"https:\/\/serveiseducatius.xtec.cat\/baixllobregat3\/wp-json\/wp\/v2\/users\/35"}],"replies":[{"embeddable":true,"href":"https:\/\/serveiseducatius.xtec.cat\/baixllobregat3\/wp-json\/wp\/v2\/comments?post=11348"}],"version-history":[{"count":5,"href":"https:\/\/serveiseducatius.xtec.cat\/baixllobregat3\/wp-json\/wp\/v2\/posts\/11348\/revisions"}],"predecessor-version":[{"id":11392,"href":"https:\/\/serveiseducatius.xtec.cat\/baixllobregat3\/wp-json\/wp\/v2\/posts\/11348\/revisions\/11392"}],"wp:featuredmedia":[{"embeddable":true,"href":"https:\/\/serveiseducatius.xtec.cat\/baixllobregat3\/wp-json\/wp\/v2\/media\/11349"}],"wp:attachment":[{"href":"https:\/\/serveiseducatius.xtec.cat\/baixllobregat3\/wp-json\/wp\/v2\/media?parent=11348"}],"wp:term":[{"taxonomy":"category","embeddable":true,"href":"https:\/\/serveiseducatius.xtec.cat\/baixllobregat3\/wp-json\/wp\/v2\/categories?post=11348"},{"taxonomy":"post_tag","embeddable":true,"href":"https:\/\/serveiseducatius.xtec.cat\/baixllobregat3\/wp-json\/wp\/v2\/tags?post=11348"}],"curies":[{"name":"wp","href":"https:\/\/api.w.org\/{rel}","templated":true}]}}