{"id":10969,"date":"2021-10-05T14:06:11","date_gmt":"2021-10-05T12:06:11","guid":{"rendered":"http:\/\/serveiseducatius.xtec.cat\/baixllobregat3\/?p=10969"},"modified":"2021-10-05T14:19:59","modified_gmt":"2021-10-05T12:19:59","slug":"xvii-certamen-de-lectura-en-veu-alta","status":"publish","type":"post","link":"https:\/\/serveiseducatius.xtec.cat\/baixllobregat3\/general\/xvii-certamen-de-lectura-en-veu-alta\/","title":{"rendered":"XVIII Certamen de Lectura en veu alta"},"content":{"rendered":"<p style=\"text-align: justify;\"><img loading=\"lazy\" decoding=\"async\" class=\" wp-image-10970 alignleft\" src=\"https:\/\/serveiseducatius.xtec.cat\/baixllobregat3\/wp-content\/uploads\/usu1182\/2020\/09\/descarga-1-e1599757305758.jpg\" alt=\"\" width=\"248\" height=\"108\" \/>S&#8217;engega la 18a edici\u00f3 del Certamen de Lectura en veu alta, com sempre amb l&#8217; objectiu de promoure la lectura entre els infants i els\/les joves.<\/p>\n<p>Encara no es pot assegurar si es far\u00e0 en format telem\u00e0tic o presencial. M\u00e9s endavant rebrem instruccions en funci\u00f3 de la situaci\u00f3 sanit\u00e0ria.<\/p>\n<p><!--more--><\/p>\n<p style=\"text-align: justify;\">Des del Grup Enciclop\u00e8dia i el Departament d\u2019Educaci\u00f3 us convidem a participar\u00a0en\u00a0el XVIII Certamen de\u00a0<span class=\"il\">lectura<\/span>\u00a0en\u00a0<span class=\"il\">veu<\/span>\u00a0<span class=\"il\">alta<\/span>\u00a0perqu\u00e8, malgrat les dificultats, creiem que val la pena insistir\u00a0en\u00a0la promoci\u00f3 de la\u00a0<span class=\"il\">lectura<\/span>. Si voleu participar, podeu fer la <a href=\"https:\/\/www.lecturaenveualta.cat\/inscripcioxviii\/\" target=\"_blank\" rel=\"noopener\" data-saferedirecturl=\"https:\/\/www.google.com\/url?q=https:\/\/www.lecturaenveualta.cat\/inscripcioxviii\/&amp;source=gmail&amp;ust=1633521200349000&amp;usg=AFQjCNFZBCJvZes7o-llxzy8Wbv8WrCD5Q\">inscripci\u00f3 <\/a><b>abans del 3 de novembre<\/b>\u00a0al\u00a0<a href=\"https:\/\/www.lecturaenveualta.cat\/\" target=\"_blank\" rel=\"noopener\" data-saferedirecturl=\"https:\/\/www.google.com\/url?q=https:\/\/www.lecturaenveualta.cat\/&amp;source=gmail&amp;ust=1633521200349000&amp;usg=AFQjCNGARCe5rMDq2U0G1nIPxaywWGkqCg\">web del Certamen<\/a>\u00a0(podreu tamb\u00e9 trobar\u00a0llibres, recursos, bases, dates, etc.)<\/p>\n","protected":false},"excerpt":{"rendered":"<p>S&#8217;engega la 18a edici\u00f3 del Certamen de Lectura en veu alta, com sempre amb l&#8217; objectiu de promoure la lectura entre els infants i els\/les joves. Encara no es pot assegurar si es far\u00e0 en format telem\u00e0tic o presencial. M\u00e9s endavant rebrem instruccions en funci\u00f3 de la situaci\u00f3 sanit\u00e0ria.<\/p>\n","protected":false},"author":35,"featured_media":10970,"comment_status":"closed","ping_status":"closed","sticky":false,"template":"","format":"standard","meta":{"_bbp_topic_count":0,"_bbp_reply_count":0,"_bbp_total_topic_count":0,"_bbp_total_reply_count":0,"_bbp_voice_count":0,"_bbp_anonymous_reply_count":0,"_bbp_topic_count_hidden":0,"_bbp_reply_count_hidden":0,"_bbp_forum_subforum_count":0,"site-sidebar-layout":"default","site-content-layout":"","ast-site-content-layout":"","site-content-style":"default","site-sidebar-style":"default","ast-global-header-display":"","ast-banner-title-visibility":"","ast-main-header-display":"","ast-hfb-above-header-display":"","ast-hfb-below-header-display":"","ast-hfb-mobile-header-display":"","site-post-title":"","ast-breadcrumbs-content":"","ast-featured-img":"","footer-sml-layout":"","theme-transparent-header-meta":"","adv-header-id-meta":"","stick-header-meta":"","header-above-stick-meta":"","header-main-stick-meta":"","header-below-stick-meta":"","astra-migrate-meta-layouts":"default","ast-page-background-enabled":"default","ast-page-background-meta":{"desktop":{"background-color":"var(--ast-global-color-4)","background-image":"","background-repeat":"repeat","background-position":"center center","background-size":"auto","background-attachment":"scroll","background-type":"","background-media":"","overlay-type":"","overlay-color":"","overlay-opacity":"","overlay-gradient":""},"tablet":{"background-color":"","background-image":"","background-repeat":"repeat","background-position":"center center","background-size":"auto","background-attachment":"scroll","background-type":"","background-media":"","overlay-type":"","overlay-color":"","overlay-opacity":"","overlay-gradient":""},"mobile":{"background-color":"","background-image":"","background-repeat":"repeat","background-position":"center center","background-size":"auto","background-attachment":"scroll","background-type":"","background-media":"","overlay-type":"","overlay-color":"","overlay-opacity":"","overlay-gradient":""}},"ast-content-background-meta":{"desktop":{"background-color":"var(--ast-global-color-5)","background-image":"","background-repeat":"repeat","background-position":"center center","background-size":"auto","background-attachment":"scroll","background-type":"","background-media":"","overlay-type":"","overlay-color":"","overlay-opacity":"","overlay-gradient":""},"tablet":{"background-color":"var(--ast-global-color-5)","background-image":"","background-repeat":"repeat","background-position":"center center","background-size":"auto","background-attachment":"scroll","background-type":"","background-media":"","overlay-type":"","overlay-color":"","overlay-opacity":"","overlay-gradient":""},"mobile":{"background-color":"var(--ast-global-color-5)","background-image":"","background-repeat":"repeat","background-position":"center center","background-size":"auto","background-attachment":"scroll","background-type":"","background-media":"","overlay-type":"","overlay-color":"","overlay-opacity":"","overlay-gradient":""}},"footnotes":""},"categories":[65,1,72,29],"tags":[100],"class_list":["post-10969","post","type-post","status-publish","format-standard","has-post-thumbnail","hentry","category-se_crp","category-general","category-lectura-en-veu-alta","category-portada","tag-lectura"],"post_mailing_queue_ids":[],"_links":{"self":[{"href":"https:\/\/serveiseducatius.xtec.cat\/baixllobregat3\/wp-json\/wp\/v2\/posts\/10969","targetHints":{"allow":["GET"]}}],"collection":[{"href":"https:\/\/serveiseducatius.xtec.cat\/baixllobregat3\/wp-json\/wp\/v2\/posts"}],"about":[{"href":"https:\/\/serveiseducatius.xtec.cat\/baixllobregat3\/wp-json\/wp\/v2\/types\/post"}],"author":[{"embeddable":true,"href":"https:\/\/serveiseducatius.xtec.cat\/baixllobregat3\/wp-json\/wp\/v2\/users\/35"}],"replies":[{"embeddable":true,"href":"https:\/\/serveiseducatius.xtec.cat\/baixllobregat3\/wp-json\/wp\/v2\/comments?post=10969"}],"version-history":[{"count":2,"href":"https:\/\/serveiseducatius.xtec.cat\/baixllobregat3\/wp-json\/wp\/v2\/posts\/10969\/revisions"}],"predecessor-version":[{"id":11860,"href":"https:\/\/serveiseducatius.xtec.cat\/baixllobregat3\/wp-json\/wp\/v2\/posts\/10969\/revisions\/11860"}],"wp:featuredmedia":[{"embeddable":true,"href":"https:\/\/serveiseducatius.xtec.cat\/baixllobregat3\/wp-json\/wp\/v2\/media\/10970"}],"wp:attachment":[{"href":"https:\/\/serveiseducatius.xtec.cat\/baixllobregat3\/wp-json\/wp\/v2\/media?parent=10969"}],"wp:term":[{"taxonomy":"category","embeddable":true,"href":"https:\/\/serveiseducatius.xtec.cat\/baixllobregat3\/wp-json\/wp\/v2\/categories?post=10969"},{"taxonomy":"post_tag","embeddable":true,"href":"https:\/\/serveiseducatius.xtec.cat\/baixllobregat3\/wp-json\/wp\/v2\/tags?post=10969"}],"curies":[{"name":"wp","href":"https:\/\/api.w.org\/{rel}","templated":true}]}}