{"id":10272,"date":"2020-05-04T18:28:47","date_gmt":"2020-05-04T16:28:47","guid":{"rendered":"http:\/\/serveiseducatius.xtec.cat\/baixllobregat3\/?p=10272"},"modified":"2020-05-07T02:14:14","modified_gmt":"2020-05-07T00:14:14","slug":"acasallegimenveualta-alternativa-al-suspes-certamen-de-lectura-en-veu-alta","status":"publish","type":"post","link":"https:\/\/serveiseducatius.xtec.cat\/baixllobregat3\/general\/acasallegimenveualta-alternativa-al-suspes-certamen-de-lectura-en-veu-alta\/","title":{"rendered":"#acasallegimenveualta (alternativa al susp\u00e8s Certamen de lectura en veu alta)"},"content":{"rendered":"<p style=\"text-align: justify;\"><img loading=\"lazy\" decoding=\"async\" class=\" wp-image-10273 alignleft\" src=\"https:\/\/serveiseducatius.xtec.cat\/baixllobregat3\/wp-content\/uploads\/usu1182\/2020\/04\/descarga.jpg\" alt=\"\" width=\"190\" height=\"85\" srcset=\"https:\/\/serveiseducatius.xtec.cat\/baixllobregat3\/wp-content\/uploads\/usu1182\/2020\/04\/descarga.jpg 336w, https:\/\/serveiseducatius.xtec.cat\/baixllobregat3\/wp-content\/uploads\/usu1182\/2020\/04\/descarga-120x54.jpg 120w, https:\/\/serveiseducatius.xtec.cat\/baixllobregat3\/wp-content\/uploads\/usu1182\/2020\/04\/descarga-200x89.jpg 200w\" sizes=\"auto, (max-width: 190px) 100vw, 190px\" \/>La setzena edici\u00f3 del <strong>Certamen de lectura en veu alta<\/strong>\u00a0ha quedat cancel\u00b7lada definitivament per causa del COVID-19. Per\u00f2 no es resisteixen a deixar-ho aqu\u00ed. Per aix\u00f2, des del Grup Enciclop\u00e8dia i el Departament d\u2019Educaci\u00f3 us proposem tirar endavant un format del Certamen en confinament:\u00a0<strong>#acasallegimenveualta<\/strong>\u00a0del\u00a0<strong>21 d\u2019abril<\/strong>\u00a0al\u00a0<strong>29 de maig<\/strong>.<!--more-->Hi poden participar els centres educatius inscrits al XVI Certamen de lectura en veu alta. Cada centre educatiu podr\u00e0 enviar un m\u00e0xim de 5 v\u00eddeos per categoria. Els centres educatius que desitgin participar-hi han de fer una\u00a0<a href=\"http:\/\/www.lecturaenveualta.cat\/aprovacio-drets-dus-i-dimatge\/\"><strong>reinscripci\u00f3<\/strong><\/a> en les categories que desitgin i demanar que l\u2019alumnat els faci arribar un v\u00eddeo llegint en veu alta. Cal acceptar i llegir les <a href=\"http:\/\/www.lecturaenveualta.cat\/dretsdimatgeconfinament\/\" target=\"_blank\" rel=\"noopener noreferrer\"><strong>bases legals<\/strong><\/a>, <span style=\"text-decoration: underline;\"><strong>que canvien en relaci\u00f3 al format presencial<\/strong>.<\/span><\/p>\n<p style=\"text-align: justify;\"><a href=\"http:\/\/www.lecturaenveualta.cat\/compartim-lectura\/com-shi-participa-2\/\"><strong>Llegiu com ha de ser el v\u00eddeo i com s\u2019ha d\u2019enviar!<\/strong><\/a><\/p>\n<p style=\"text-align: justify;\">Els v\u00eddeos seleccionats pel centre educatiu es penjaran al\u00a0<a href=\"https:\/\/www.youtube.com\/channel\/UCaWpluWauet8bDjpKhSXGKQ\/\"><strong>Canal de Youtube<\/strong>\u00a0<\/a>\u201c<strong>Compartim la lectura!<\/strong>\u201d. Tothom pot compartir el seu v\u00eddeo amb amics i amigues, amb familiars, o a les xarxes socials amb l\u2019etiqueta\u00a0<strong>#acasallegimenveualta<\/strong><\/p>\n<p style=\"text-align: justify;\">Gr\u00e0cies a la col\u00b7laboraci\u00f3 de\u00a0<a href=\"https:\/\/www.lagaleraeditorial.com\/\"><strong>La Galera<\/strong><\/a>\u00a0i de\u00a0<a href=\"https:\/\/text-lagalera.cat\/\"><strong>Text<\/strong>\u00a0<\/a>(segells del Grup Enciclop\u00e8dia), entre tots els centres educatius participants es sortejaran 10 lots de llibres per al centre, que es faran arribar quan s\u2019acabi el confinament. Tamb\u00e9 se us enviar\u00e0 un diploma digital per fer arribar a l\u2019alumnat participant.<\/p>\n<p style=\"text-align: justify;\"><a href=\"https:\/\/www.lecturaenveualta.cat\/compartim-lectura\/\"><strong>web del XVI Certamen<\/strong><\/a><\/p>\n","protected":false},"excerpt":{"rendered":"<p>La setzena edici\u00f3 del Certamen de lectura en veu alta\u00a0ha quedat cancel\u00b7lada definitivament per causa del COVID-19. Per\u00f2 no es resisteixen a deixar-ho aqu\u00ed. Per aix\u00f2, des del Grup Enciclop\u00e8dia i el Departament d\u2019Educaci\u00f3 us proposem tirar endavant un format del Certamen en confinament:\u00a0#acasallegimenveualta\u00a0del\u00a021 d\u2019abril\u00a0al\u00a029 de maig.<\/p>\n","protected":false},"author":35,"featured_media":10273,"comment_status":"closed","ping_status":"closed","sticky":false,"template":"","format":"standard","meta":{"_bbp_topic_count":0,"_bbp_reply_count":0,"_bbp_total_topic_count":0,"_bbp_total_reply_count":0,"_bbp_voice_count":0,"_bbp_anonymous_reply_count":0,"_bbp_topic_count_hidden":0,"_bbp_reply_count_hidden":0,"_bbp_forum_subforum_count":0,"site-sidebar-layout":"default","site-content-layout":"","ast-site-content-layout":"","site-content-style":"default","site-sidebar-style":"default","ast-global-header-display":"","ast-banner-title-visibility":"","ast-main-header-display":"","ast-hfb-above-header-display":"","ast-hfb-below-header-display":"","ast-hfb-mobile-header-display":"","site-post-title":"","ast-breadcrumbs-content":"","ast-featured-img":"","footer-sml-layout":"","theme-transparent-header-meta":"","adv-header-id-meta":"","stick-header-meta":"","header-above-stick-meta":"","header-main-stick-meta":"","header-below-stick-meta":"","astra-migrate-meta-layouts":"default","ast-page-background-enabled":"default","ast-page-background-meta":{"desktop":{"background-color":"var(--ast-global-color-4)","background-image":"","background-repeat":"repeat","background-position":"center center","background-size":"auto","background-attachment":"scroll","background-type":"","background-media":"","overlay-type":"","overlay-color":"","overlay-opacity":"","overlay-gradient":""},"tablet":{"background-color":"","background-image":"","background-repeat":"repeat","background-position":"center center","background-size":"auto","background-attachment":"scroll","background-type":"","background-media":"","overlay-type":"","overlay-color":"","overlay-opacity":"","overlay-gradient":""},"mobile":{"background-color":"","background-image":"","background-repeat":"repeat","background-position":"center center","background-size":"auto","background-attachment":"scroll","background-type":"","background-media":"","overlay-type":"","overlay-color":"","overlay-opacity":"","overlay-gradient":""}},"ast-content-background-meta":{"desktop":{"background-color":"var(--ast-global-color-5)","background-image":"","background-repeat":"repeat","background-position":"center center","background-size":"auto","background-attachment":"scroll","background-type":"","background-media":"","overlay-type":"","overlay-color":"","overlay-opacity":"","overlay-gradient":""},"tablet":{"background-color":"var(--ast-global-color-5)","background-image":"","background-repeat":"repeat","background-position":"center center","background-size":"auto","background-attachment":"scroll","background-type":"","background-media":"","overlay-type":"","overlay-color":"","overlay-opacity":"","overlay-gradient":""},"mobile":{"background-color":"var(--ast-global-color-5)","background-image":"","background-repeat":"repeat","background-position":"center center","background-size":"auto","background-attachment":"scroll","background-type":"","background-media":"","overlay-type":"","overlay-color":"","overlay-opacity":"","overlay-gradient":""}},"footnotes":""},"categories":[65,1,72,29],"tags":[391,195,100],"class_list":["post-10272","post","type-post","status-publish","format-standard","has-post-thumbnail","hentry","category-se_crp","category-general","category-lectura-en-veu-alta","category-portada","tag-joemquedoacasa","tag-competencia-lectora","tag-lectura"],"post_mailing_queue_ids":[],"_links":{"self":[{"href":"https:\/\/serveiseducatius.xtec.cat\/baixllobregat3\/wp-json\/wp\/v2\/posts\/10272","targetHints":{"allow":["GET"]}}],"collection":[{"href":"https:\/\/serveiseducatius.xtec.cat\/baixllobregat3\/wp-json\/wp\/v2\/posts"}],"about":[{"href":"https:\/\/serveiseducatius.xtec.cat\/baixllobregat3\/wp-json\/wp\/v2\/types\/post"}],"author":[{"embeddable":true,"href":"https:\/\/serveiseducatius.xtec.cat\/baixllobregat3\/wp-json\/wp\/v2\/users\/35"}],"replies":[{"embeddable":true,"href":"https:\/\/serveiseducatius.xtec.cat\/baixllobregat3\/wp-json\/wp\/v2\/comments?post=10272"}],"version-history":[{"count":3,"href":"https:\/\/serveiseducatius.xtec.cat\/baixllobregat3\/wp-json\/wp\/v2\/posts\/10272\/revisions"}],"predecessor-version":[{"id":10290,"href":"https:\/\/serveiseducatius.xtec.cat\/baixllobregat3\/wp-json\/wp\/v2\/posts\/10272\/revisions\/10290"}],"wp:featuredmedia":[{"embeddable":true,"href":"https:\/\/serveiseducatius.xtec.cat\/baixllobregat3\/wp-json\/wp\/v2\/media\/10273"}],"wp:attachment":[{"href":"https:\/\/serveiseducatius.xtec.cat\/baixllobregat3\/wp-json\/wp\/v2\/media?parent=10272"}],"wp:term":[{"taxonomy":"category","embeddable":true,"href":"https:\/\/serveiseducatius.xtec.cat\/baixllobregat3\/wp-json\/wp\/v2\/categories?post=10272"},{"taxonomy":"post_tag","embeddable":true,"href":"https:\/\/serveiseducatius.xtec.cat\/baixllobregat3\/wp-json\/wp\/v2\/tags?post=10272"}],"curies":[{"name":"wp","href":"https:\/\/api.w.org\/{rel}","templated":true}]}}