{"id":6430,"date":"2024-12-04T09:22:47","date_gmt":"2024-12-04T08:22:47","guid":{"rendered":"https:\/\/serveiseducatius.xtec.cat\/baixllobregat2\/?p=6430"},"modified":"2024-12-04T09:22:47","modified_gmt":"2024-12-04T08:22:47","slug":"nova-xerrada-organitzada-pel-soaf-gava-educar-amb-limits-a-carrec-delisenda-pascual","status":"publish","type":"post","link":"https:\/\/serveiseducatius.xtec.cat\/baixllobregat2\/general\/nova-xerrada-organitzada-pel-soaf-gava-educar-amb-limits-a-carrec-delisenda-pascual\/","title":{"rendered":"Nova Xerrada organitzada pel SOAF Gav\u00e0 &#8211; Educar amb l\u00edmits a c\u00e0rrec d&#8217;Elisenda Pascual"},"content":{"rendered":"<p><img loading=\"lazy\" decoding=\"async\" class=\"size-full wp-image-6433 alignleft\" src=\"https:\/\/serveiseducatius.xtec.cat\/baixllobregat2\/wp-content\/uploads\/usu760\/2024\/12\/Deltacoop.png\" alt=\"\" width=\"203\" height=\"37\" srcset=\"https:\/\/serveiseducatius.xtec.cat\/baixllobregat2\/wp-content\/uploads\/usu760\/2024\/12\/Deltacoop.png 203w, https:\/\/serveiseducatius.xtec.cat\/baixllobregat2\/wp-content\/uploads\/usu760\/2024\/12\/Deltacoop-200x37.png 200w\" sizes=\"auto, (max-width: 203px) 100vw, 203px\" \/>El SOAF de Gav\u00e0 organitza una nova xerrada, que es realitza de forma presencial, per parlar sobre la crian\u00e7a i els l\u00edmits, a c\u00e0rrec de l&#8217;Elisenda Pascual, psic\u00f2loga i terapeuta familiar.<\/p>\n<p>Aquesta xerrada ser\u00e0 el proper dilluns <strong>16 de desembre a les 18:00h<\/strong>, a la Uni\u00f3 de Cooperadors, Rambla de Maria Casas 102 Gav\u00e0<\/p>\n<p>Us adjuntem el cartell que sortir\u00e0 a les xarxes socials i al PFF de Gav\u00e0, aix\u00ed com us proporcionem el l&#8217;<a href=\"https:\/\/docs.google.com\/forms\/d\/1-LDkB9hYJACDrDv1IjN8c04AL7cWbmrR__j8xoWyFUA\/edit\" target=\"_blank\" rel=\"noopener\">enlla\u00e7<\/a> per poder-vos inscriure a la xerrada<\/p>\n<p>Us animem a participar !!<\/p>\n<p><img loading=\"lazy\" decoding=\"async\" class=\"size-large wp-image-6432 aligncenter\" src=\"https:\/\/serveiseducatius.xtec.cat\/baixllobregat2\/wp-content\/uploads\/usu760\/2024\/12\/EDUCAR-AMB-LIMITS-SOAF-GAVA-576x1024.jpg\" alt=\"\" width=\"576\" height=\"1024\" srcset=\"https:\/\/serveiseducatius.xtec.cat\/baixllobregat2\/wp-content\/uploads\/usu760\/2024\/12\/EDUCAR-AMB-LIMITS-SOAF-GAVA-576x1024.jpg 576w, https:\/\/serveiseducatius.xtec.cat\/baixllobregat2\/wp-content\/uploads\/usu760\/2024\/12\/EDUCAR-AMB-LIMITS-SOAF-GAVA-169x300.jpg 169w, https:\/\/serveiseducatius.xtec.cat\/baixllobregat2\/wp-content\/uploads\/usu760\/2024\/12\/EDUCAR-AMB-LIMITS-SOAF-GAVA-768x1365.jpg 768w, https:\/\/serveiseducatius.xtec.cat\/baixllobregat2\/wp-content\/uploads\/usu760\/2024\/12\/EDUCAR-AMB-LIMITS-SOAF-GAVA-864x1536.jpg 864w, https:\/\/serveiseducatius.xtec.cat\/baixllobregat2\/wp-content\/uploads\/usu760\/2024\/12\/EDUCAR-AMB-LIMITS-SOAF-GAVA.jpg 1080w\" sizes=\"auto, (max-width: 576px) 100vw, 576px\" \/><\/p>\n<p>&nbsp;<\/p>\n<p>&nbsp;<\/p>\n","protected":false},"excerpt":{"rendered":"<p>El SOAF de Gav\u00e0 organitza una nova xerrada, que es realitza de forma presencial, per parlar sobre la crian\u00e7a i els l\u00edmits, a c\u00e0rrec de l&#8217;Elisenda Pascual, psic\u00f2loga i terapeuta familiar. Aquesta xerrada ser\u00e0 el proper dilluns 16 de desembre a les 18:00h, a la Uni\u00f3 de Cooperadors, Rambla de Maria Casas 102 Gav\u00e0 Us [&hellip;]<\/p>\n","protected":false},"author":15,"featured_media":6433,"comment_status":"closed","ping_status":"closed","sticky":false,"template":"","format":"standard","meta":{"_bbp_topic_count":0,"_bbp_reply_count":0,"_bbp_total_topic_count":0,"_bbp_total_reply_count":0,"_bbp_voice_count":0,"_bbp_anonymous_reply_count":0,"_bbp_topic_count_hidden":0,"_bbp_reply_count_hidden":0,"_bbp_forum_subforum_count":0,"site-sidebar-layout":"default","site-content-layout":"","ast-site-content-layout":"","site-content-style":"default","site-sidebar-style":"default","ast-global-header-display":"","ast-banner-title-visibility":"","ast-main-header-display":"","ast-hfb-above-header-display":"","ast-hfb-below-header-display":"","ast-hfb-mobile-header-display":"","site-post-title":"","ast-breadcrumbs-content":"","ast-featured-img":"","footer-sml-layout":"","theme-transparent-header-meta":"","adv-header-id-meta":"","stick-header-meta":"","header-above-stick-meta":"","header-main-stick-meta":"","header-below-stick-meta":"","astra-migrate-meta-layouts":"default","ast-page-background-enabled":"default","ast-page-background-meta":{"desktop":{"background-color":"var(--ast-global-color-4)","background-image":"","background-repeat":"repeat","background-position":"center center","background-size":"auto","background-attachment":"scroll","background-type":"","background-media":"","overlay-type":"","overlay-color":"","overlay-opacity":"","overlay-gradient":""},"tablet":{"background-color":"","background-image":"","background-repeat":"repeat","background-position":"center center","background-size":"auto","background-attachment":"scroll","background-type":"","background-media":"","overlay-type":"","overlay-color":"","overlay-opacity":"","overlay-gradient":""},"mobile":{"background-color":"","background-image":"","background-repeat":"repeat","background-position":"center center","background-size":"auto","background-attachment":"scroll","background-type":"","background-media":"","overlay-type":"","overlay-color":"","overlay-opacity":"","overlay-gradient":""}},"ast-content-background-meta":{"desktop":{"background-color":"var(--ast-global-color-5)","background-image":"","background-repeat":"repeat","background-position":"center center","background-size":"auto","background-attachment":"scroll","background-type":"","background-media":"","overlay-type":"","overlay-color":"","overlay-opacity":"","overlay-gradient":""},"tablet":{"background-color":"var(--ast-global-color-5)","background-image":"","background-repeat":"repeat","background-position":"center center","background-size":"auto","background-attachment":"scroll","background-type":"","background-media":"","overlay-type":"","overlay-color":"","overlay-opacity":"","overlay-gradient":""},"mobile":{"background-color":"var(--ast-global-color-5)","background-image":"","background-repeat":"repeat","background-position":"center center","background-size":"auto","background-attachment":"scroll","background-type":"","background-media":"","overlay-type":"","overlay-color":"","overlay-opacity":"","overlay-gradient":""}},"footnotes":""},"categories":[349,1,29],"tags":[642,524,988,538,904,987,380],"class_list":["post-6430","post","type-post","status-publish","format-standard","has-post-thumbnail","hentry","category-conversa-pedagogica","category-general","category-portada","tag-ajuntament-de-gava","tag-crp-baix-llobregat-ii","tag-deltacoop","tag-educacio","tag-families","tag-soaf-gava","tag-xerrada"],"post_mailing_queue_ids":[],"_links":{"self":[{"href":"https:\/\/serveiseducatius.xtec.cat\/baixllobregat2\/wp-json\/wp\/v2\/posts\/6430","targetHints":{"allow":["GET"]}}],"collection":[{"href":"https:\/\/serveiseducatius.xtec.cat\/baixllobregat2\/wp-json\/wp\/v2\/posts"}],"about":[{"href":"https:\/\/serveiseducatius.xtec.cat\/baixllobregat2\/wp-json\/wp\/v2\/types\/post"}],"author":[{"embeddable":true,"href":"https:\/\/serveiseducatius.xtec.cat\/baixllobregat2\/wp-json\/wp\/v2\/users\/15"}],"replies":[{"embeddable":true,"href":"https:\/\/serveiseducatius.xtec.cat\/baixllobregat2\/wp-json\/wp\/v2\/comments?post=6430"}],"version-history":[{"count":4,"href":"https:\/\/serveiseducatius.xtec.cat\/baixllobregat2\/wp-json\/wp\/v2\/posts\/6430\/revisions"}],"predecessor-version":[{"id":6436,"href":"https:\/\/serveiseducatius.xtec.cat\/baixllobregat2\/wp-json\/wp\/v2\/posts\/6430\/revisions\/6436"}],"wp:featuredmedia":[{"embeddable":true,"href":"https:\/\/serveiseducatius.xtec.cat\/baixllobregat2\/wp-json\/wp\/v2\/media\/6433"}],"wp:attachment":[{"href":"https:\/\/serveiseducatius.xtec.cat\/baixllobregat2\/wp-json\/wp\/v2\/media?parent=6430"}],"wp:term":[{"taxonomy":"category","embeddable":true,"href":"https:\/\/serveiseducatius.xtec.cat\/baixllobregat2\/wp-json\/wp\/v2\/categories?post=6430"},{"taxonomy":"post_tag","embeddable":true,"href":"https:\/\/serveiseducatius.xtec.cat\/baixllobregat2\/wp-json\/wp\/v2\/tags?post=6430"}],"curies":[{"name":"wp","href":"https:\/\/api.w.org\/{rel}","templated":true}]}}