{"id":6390,"date":"2024-11-25T09:53:02","date_gmt":"2024-11-25T08:53:02","guid":{"rendered":"https:\/\/serveiseducatius.xtec.cat\/baixllobregat2\/?p=6390"},"modified":"2024-11-25T09:53:02","modified_gmt":"2024-11-25T08:53:02","slug":"videomat-2025","status":"publish","type":"post","link":"https:\/\/serveiseducatius.xtec.cat\/baixllobregat2\/general\/videomat-2025\/","title":{"rendered":"V\u00eddeoMAT 2025"},"content":{"rendered":"<p><em><strong><img loading=\"lazy\" decoding=\"async\" class=\"size-full wp-image-6391 alignright\" src=\"https:\/\/serveiseducatius.xtec.cat\/baixllobregat2\/wp-content\/uploads\/usu760\/2024\/11\/videomat_200px1.jpg\" alt=\"\" width=\"200\" height=\"95\" \/>V\u00eddeoMAT<\/strong><\/em> \u00e9s un projecte en el qual els i les alumnes creen v\u00eddeos on es responen preguntes que posen de manifest les aplicacions de les matem\u00e0tiques o la seva pres\u00e8ncia en l\u2019entorn.<\/p>\n<p><em><strong>Objectius<\/strong><\/em><\/p>\n<ul>\n<li>Contribuir a promoure en l&#8217;alumnat una viv\u00e8ncia de les matem\u00e0tiques que incorpori les seves aplicacions i la seva pres\u00e8ncia en l\u2019entorn.<\/li>\n<li>Recon\u00e8ixer la tasca que fan mestres i professorat per projectar una visi\u00f3 aplicada i funcional de les matem\u00e0tiques.<\/li>\n<li>Estimular l\u2019inter\u00e8s de l\u2019alumnat per la comunicaci\u00f3 cient\u00edfica i la divulgaci\u00f3 matem\u00e0tica.<\/li>\n<li>Construir progressivament una col\u00b7lecci\u00f3 de v\u00eddeos sobre aplicacions i pres\u00e8ncia de les matem\u00e0tiques en l&#8217;entorn.<\/li>\n<\/ul>\n<p><em><strong>A qui s&#8217;adre\u00e7a<\/strong><\/em><\/p>\n<p>Pot participar-hi tot l\u2019alumnat d&#8217;educaci\u00f3 infantil, prim\u00e0ria, ESO, batxillerat, FP, Educaci\u00f3 d&#8217;Adults i Universitat de Catalunya i d&#8217;altres territoris de parla catalana.<\/p>\n<p>Podeu troba m\u00e9s informaci\u00f3 al <a href=\"https:\/\/videomat.cat\/?page_id=2321\" target=\"_blank\" rel=\"noopener\">Web<\/a> del projecte.<\/p>\n","protected":false},"excerpt":{"rendered":"<p>V\u00eddeoMAT \u00e9s un projecte en el qual els i les alumnes creen v\u00eddeos on es responen preguntes que posen de manifest les aplicacions de les matem\u00e0tiques o la seva pres\u00e8ncia en l\u2019entorn. Objectius Contribuir a promoure en l&#8217;alumnat una viv\u00e8ncia de les matem\u00e0tiques que incorpori les seves aplicacions i la seva pres\u00e8ncia en l\u2019entorn. Recon\u00e8ixer [&hellip;]<\/p>\n","protected":false},"author":15,"featured_media":6391,"comment_status":"closed","ping_status":"closed","sticky":false,"template":"","format":"standard","meta":{"_bbp_topic_count":0,"_bbp_reply_count":0,"_bbp_total_topic_count":0,"_bbp_total_reply_count":0,"_bbp_voice_count":0,"_bbp_anonymous_reply_count":0,"_bbp_topic_count_hidden":0,"_bbp_reply_count_hidden":0,"_bbp_forum_subforum_count":0,"site-sidebar-layout":"default","site-content-layout":"","ast-site-content-layout":"","site-content-style":"default","site-sidebar-style":"default","ast-global-header-display":"","ast-banner-title-visibility":"","ast-main-header-display":"","ast-hfb-above-header-display":"","ast-hfb-below-header-display":"","ast-hfb-mobile-header-display":"","site-post-title":"","ast-breadcrumbs-content":"","ast-featured-img":"","footer-sml-layout":"","theme-transparent-header-meta":"","adv-header-id-meta":"","stick-header-meta":"","header-above-stick-meta":"","header-main-stick-meta":"","header-below-stick-meta":"","astra-migrate-meta-layouts":"default","ast-page-background-enabled":"default","ast-page-background-meta":{"desktop":{"background-color":"var(--ast-global-color-4)","background-image":"","background-repeat":"repeat","background-position":"center center","background-size":"auto","background-attachment":"scroll","background-type":"","background-media":"","overlay-type":"","overlay-color":"","overlay-opacity":"","overlay-gradient":""},"tablet":{"background-color":"","background-image":"","background-repeat":"repeat","background-position":"center center","background-size":"auto","background-attachment":"scroll","background-type":"","background-media":"","overlay-type":"","overlay-color":"","overlay-opacity":"","overlay-gradient":""},"mobile":{"background-color":"","background-image":"","background-repeat":"repeat","background-position":"center center","background-size":"auto","background-attachment":"scroll","background-type":"","background-media":"","overlay-type":"","overlay-color":"","overlay-opacity":"","overlay-gradient":""}},"ast-content-background-meta":{"desktop":{"background-color":"var(--ast-global-color-5)","background-image":"","background-repeat":"repeat","background-position":"center center","background-size":"auto","background-attachment":"scroll","background-type":"","background-media":"","overlay-type":"","overlay-color":"","overlay-opacity":"","overlay-gradient":""},"tablet":{"background-color":"var(--ast-global-color-5)","background-image":"","background-repeat":"repeat","background-position":"center center","background-size":"auto","background-attachment":"scroll","background-type":"","background-media":"","overlay-type":"","overlay-color":"","overlay-opacity":"","overlay-gradient":""},"mobile":{"background-color":"var(--ast-global-color-5)","background-image":"","background-repeat":"repeat","background-position":"center center","background-size":"auto","background-attachment":"scroll","background-type":"","background-media":"","overlay-type":"","overlay-color":"","overlay-opacity":"","overlay-gradient":""}},"footnotes":""},"categories":[1,326,29,515],"tags":[269,524,41,557,972],"class_list":["post-6390","post","type-post","status-publish","format-standard","has-post-thumbnail","hentry","category-general","category-jornades-matematiques","category-portada","category-seminari-matematiques","tag-concurs","tag-crp-baix-llobregat-ii","tag-matematiques","tag-projecte","tag-videomat"],"post_mailing_queue_ids":[],"_links":{"self":[{"href":"https:\/\/serveiseducatius.xtec.cat\/baixllobregat2\/wp-json\/wp\/v2\/posts\/6390","targetHints":{"allow":["GET"]}}],"collection":[{"href":"https:\/\/serveiseducatius.xtec.cat\/baixllobregat2\/wp-json\/wp\/v2\/posts"}],"about":[{"href":"https:\/\/serveiseducatius.xtec.cat\/baixllobregat2\/wp-json\/wp\/v2\/types\/post"}],"author":[{"embeddable":true,"href":"https:\/\/serveiseducatius.xtec.cat\/baixllobregat2\/wp-json\/wp\/v2\/users\/15"}],"replies":[{"embeddable":true,"href":"https:\/\/serveiseducatius.xtec.cat\/baixllobregat2\/wp-json\/wp\/v2\/comments?post=6390"}],"version-history":[{"count":3,"href":"https:\/\/serveiseducatius.xtec.cat\/baixllobregat2\/wp-json\/wp\/v2\/posts\/6390\/revisions"}],"predecessor-version":[{"id":6395,"href":"https:\/\/serveiseducatius.xtec.cat\/baixllobregat2\/wp-json\/wp\/v2\/posts\/6390\/revisions\/6395"}],"wp:featuredmedia":[{"embeddable":true,"href":"https:\/\/serveiseducatius.xtec.cat\/baixllobregat2\/wp-json\/wp\/v2\/media\/6391"}],"wp:attachment":[{"href":"https:\/\/serveiseducatius.xtec.cat\/baixllobregat2\/wp-json\/wp\/v2\/media?parent=6390"}],"wp:term":[{"taxonomy":"category","embeddable":true,"href":"https:\/\/serveiseducatius.xtec.cat\/baixllobregat2\/wp-json\/wp\/v2\/categories?post=6390"},{"taxonomy":"post_tag","embeddable":true,"href":"https:\/\/serveiseducatius.xtec.cat\/baixllobregat2\/wp-json\/wp\/v2\/tags?post=6390"}],"curies":[{"name":"wp","href":"https:\/\/api.w.org\/{rel}","templated":true}]}}