{"id":6283,"date":"2024-10-14T12:38:13","date_gmt":"2024-10-14T10:38:13","guid":{"rendered":"https:\/\/serveiseducatius.xtec.cat\/baixllobregat2\/?p=6283"},"modified":"2024-10-14T12:39:04","modified_gmt":"2024-10-14T10:39:04","slug":"servei-comunitari-cataleg-dentitats-de-viladecans-curs-24-25","status":"publish","type":"post","link":"https:\/\/serveiseducatius.xtec.cat\/baixllobregat2\/general\/servei-comunitari-cataleg-dentitats-de-viladecans-curs-24-25\/","title":{"rendered":"Servei Comunitari &#8211; Cat\u00e0leg d&#8217;entitats de Viladecans curs 24-25"},"content":{"rendered":"<p style=\"text-align: left;\"><img loading=\"lazy\" decoding=\"async\" class=\"size-full wp-image-6290 aligncenter\" src=\"https:\/\/serveiseducatius.xtec.cat\/baixllobregat2\/wp-content\/uploads\/usu760\/2024\/10\/Servei-Comunitaria-Vila.png\" alt=\"\" width=\"804\" height=\"255\" srcset=\"https:\/\/serveiseducatius.xtec.cat\/baixllobregat2\/wp-content\/uploads\/usu760\/2024\/10\/Servei-Comunitaria-Vila.png 804w, https:\/\/serveiseducatius.xtec.cat\/baixllobregat2\/wp-content\/uploads\/usu760\/2024\/10\/Servei-Comunitaria-Vila-300x95.png 300w, https:\/\/serveiseducatius.xtec.cat\/baixllobregat2\/wp-content\/uploads\/usu760\/2024\/10\/Servei-Comunitaria-Vila-768x244.png 768w\" sizes=\"auto, (max-width: 804px) 100vw, 804px\" \/>Posem a la vostra disposici\u00f3 el <a href=\"https:\/\/serveiseducatius.xtec.cat\/baixllobregat2\/wp-content\/uploads\/usu760\/2024\/10\/CataIleg_Serveis_2024-1.pdf\" target=\"_blank\" rel=\"noopener\">cat\u00e0leg d&#8217;entitats<\/a> de Viladecans del curs 24-25. Podreu trobar informaci\u00f3 de les diferents entitats que ofereixen la possibilitat de col\u00b7laborar amb els centres educatius de <strong>Viladecans<\/strong> per a la realitzaci\u00f3 del <strong>Servei Comunitari<\/strong>.<\/p>\n<p><iframe style=\"width: 80%; height: 780px; border: none;\" src=\"https:\/\/serveiseducatius.xtec.cat\/baixllobregat2\/wp-content\/uploads\/usu760\/2024\/10\/CataIleg_Serveis_2024-1.pdf\"><span data-mce-type=\"bookmark\" style=\"display: inline-block; width: 0px; overflow: hidden; line-height: 0;\" class=\"mce_SELRES_start\">\ufeff<\/span><span data-mce-type=\"bookmark\" style=\"display: inline-block; width: 0px; overflow: hidden; line-height: 0;\" class=\"mce_SELRES_start\">\ufeff<\/span><span data-mce-type=\"bookmark\" style=\"display: inline-block; width: 0px; overflow: hidden; line-height: 0;\" class=\"mce_SELRES_start\">\ufeff<\/span><span data-mce-type=\"bookmark\" style=\"display: inline-block; width: 0px; overflow: hidden; line-height: 0;\" class=\"mce_SELRES_start\">\ufeff<\/span><span data-mce-type=\"bookmark\" style=\"display: inline-block; width: 0px; overflow: hidden; line-height: 0;\" class=\"mce_SELRES_start\">\ufeff<\/span><span data-mce-type=\"bookmark\" style=\"display: inline-block; width: 0px; overflow: hidden; line-height: 0;\" class=\"mce_SELRES_start\">\ufeff<\/span><span data-mce-type=\"bookmark\" style=\"display: inline-block; width: 0px; overflow: hidden; line-height: 0;\" class=\"mce_SELRES_start\">\ufeff<\/span><span data-mce-type=\"bookmark\" style=\"display: inline-block; width: 0px; overflow: hidden; line-height: 0;\" class=\"mce_SELRES_start\">\ufeff<\/span><span data-mce-type=\"bookmark\" style=\"display: inline-block; width: 0px; overflow: hidden; line-height: 0;\" class=\"mce_SELRES_start\"><span data-mce-type=\"bookmark\" style=\"display: inline-block; width: 0px; overflow: hidden; line-height: 0;\" class=\"mce_SELRES_start\">\ufeff<\/span>\ufeff<\/span><\/iframe><\/p>\n","protected":false},"excerpt":{"rendered":"<p>Posem a la vostra disposici\u00f3 el cat\u00e0leg d&#8217;entitats de Viladecans del curs 24-25. Podreu trobar informaci\u00f3 de les diferents entitats que ofereixen la possibilitat de col\u00b7laborar amb els centres educatius de Viladecans per a la realitzaci\u00f3 del Servei Comunitari. \ufeff\ufeff\ufeff\ufeff\ufeff\ufeff\ufeff\ufeff\ufeff\ufeff<\/p>\n","protected":false},"author":15,"featured_media":6290,"comment_status":"closed","ping_status":"closed","sticky":false,"template":"","format":"standard","meta":{"_bbp_topic_count":0,"_bbp_reply_count":0,"_bbp_total_topic_count":0,"_bbp_total_reply_count":0,"_bbp_voice_count":0,"_bbp_anonymous_reply_count":0,"_bbp_topic_count_hidden":0,"_bbp_reply_count_hidden":0,"_bbp_forum_subforum_count":0,"site-sidebar-layout":"default","site-content-layout":"","ast-site-content-layout":"","site-content-style":"default","site-sidebar-style":"default","ast-global-header-display":"","ast-banner-title-visibility":"","ast-main-header-display":"","ast-hfb-above-header-display":"","ast-hfb-below-header-display":"","ast-hfb-mobile-header-display":"","site-post-title":"","ast-breadcrumbs-content":"","ast-featured-img":"","footer-sml-layout":"","theme-transparent-header-meta":"","adv-header-id-meta":"","stick-header-meta":"","header-above-stick-meta":"","header-main-stick-meta":"","header-below-stick-meta":"","astra-migrate-meta-layouts":"default","ast-page-background-enabled":"default","ast-page-background-meta":{"desktop":{"background-color":"var(--ast-global-color-4)","background-image":"","background-repeat":"repeat","background-position":"center center","background-size":"auto","background-attachment":"scroll","background-type":"","background-media":"","overlay-type":"","overlay-color":"","overlay-opacity":"","overlay-gradient":""},"tablet":{"background-color":"","background-image":"","background-repeat":"repeat","background-position":"center center","background-size":"auto","background-attachment":"scroll","background-type":"","background-media":"","overlay-type":"","overlay-color":"","overlay-opacity":"","overlay-gradient":""},"mobile":{"background-color":"","background-image":"","background-repeat":"repeat","background-position":"center center","background-size":"auto","background-attachment":"scroll","background-type":"","background-media":"","overlay-type":"","overlay-color":"","overlay-opacity":"","overlay-gradient":""}},"ast-content-background-meta":{"desktop":{"background-color":"var(--ast-global-color-5)","background-image":"","background-repeat":"repeat","background-position":"center center","background-size":"auto","background-attachment":"scroll","background-type":"","background-media":"","overlay-type":"","overlay-color":"","overlay-opacity":"","overlay-gradient":""},"tablet":{"background-color":"var(--ast-global-color-5)","background-image":"","background-repeat":"repeat","background-position":"center center","background-size":"auto","background-attachment":"scroll","background-type":"","background-media":"","overlay-type":"","overlay-color":"","overlay-opacity":"","overlay-gradient":""},"mobile":{"background-color":"var(--ast-global-color-5)","background-image":"","background-repeat":"repeat","background-position":"center center","background-size":"auto","background-attachment":"scroll","background-type":"","background-media":"","overlay-type":"","overlay-color":"","overlay-opacity":"","overlay-gradient":""}},"footnotes":""},"categories":[1,29,77],"tags":[671,524,111,274],"class_list":["post-6283","post","type-post","status-publish","format-standard","has-post-thumbnail","hentry","category-general","category-portada","category-servei-comunitari","tag-ajuntament-de-viladecans","tag-crp-baix-llobregat-ii","tag-servei-comunitari","tag-viladecans"],"post_mailing_queue_ids":[],"_links":{"self":[{"href":"https:\/\/serveiseducatius.xtec.cat\/baixllobregat2\/wp-json\/wp\/v2\/posts\/6283","targetHints":{"allow":["GET"]}}],"collection":[{"href":"https:\/\/serveiseducatius.xtec.cat\/baixllobregat2\/wp-json\/wp\/v2\/posts"}],"about":[{"href":"https:\/\/serveiseducatius.xtec.cat\/baixllobregat2\/wp-json\/wp\/v2\/types\/post"}],"author":[{"embeddable":true,"href":"https:\/\/serveiseducatius.xtec.cat\/baixllobregat2\/wp-json\/wp\/v2\/users\/15"}],"replies":[{"embeddable":true,"href":"https:\/\/serveiseducatius.xtec.cat\/baixllobregat2\/wp-json\/wp\/v2\/comments?post=6283"}],"version-history":[{"count":6,"href":"https:\/\/serveiseducatius.xtec.cat\/baixllobregat2\/wp-json\/wp\/v2\/posts\/6283\/revisions"}],"predecessor-version":[{"id":6293,"href":"https:\/\/serveiseducatius.xtec.cat\/baixllobregat2\/wp-json\/wp\/v2\/posts\/6283\/revisions\/6293"}],"wp:featuredmedia":[{"embeddable":true,"href":"https:\/\/serveiseducatius.xtec.cat\/baixllobregat2\/wp-json\/wp\/v2\/media\/6290"}],"wp:attachment":[{"href":"https:\/\/serveiseducatius.xtec.cat\/baixllobregat2\/wp-json\/wp\/v2\/media?parent=6283"}],"wp:term":[{"taxonomy":"category","embeddable":true,"href":"https:\/\/serveiseducatius.xtec.cat\/baixllobregat2\/wp-json\/wp\/v2\/categories?post=6283"},{"taxonomy":"post_tag","embeddable":true,"href":"https:\/\/serveiseducatius.xtec.cat\/baixllobregat2\/wp-json\/wp\/v2\/tags?post=6283"}],"curies":[{"name":"wp","href":"https:\/\/api.w.org\/{rel}","templated":true}]}}