{"id":6276,"date":"2024-10-09T08:35:28","date_gmt":"2024-10-09T06:35:28","guid":{"rendered":"https:\/\/serveiseducatius.xtec.cat\/baixllobregat2\/?p=6276"},"modified":"2024-10-09T08:37:37","modified_gmt":"2024-10-09T06:37:37","slug":"programa-lletres-a-les-aules","status":"publish","type":"post","link":"https:\/\/serveiseducatius.xtec.cat\/baixllobregat2\/general\/programa-lletres-a-les-aules\/","title":{"rendered":"Programa Lletres a les aules."},"content":{"rendered":"<p><img loading=\"lazy\" decoding=\"async\" class=\"size-full wp-image-6277 alignleft\" src=\"https:\/\/serveiseducatius.xtec.cat\/baixllobregat2\/wp-content\/uploads\/usu760\/2024\/10\/Lletres-a-les-aules.png\" alt=\"\" width=\"311\" height=\"162\" srcset=\"https:\/\/serveiseducatius.xtec.cat\/baixllobregat2\/wp-content\/uploads\/usu760\/2024\/10\/Lletres-a-les-aules.png 311w, https:\/\/serveiseducatius.xtec.cat\/baixllobregat2\/wp-content\/uploads\/usu760\/2024\/10\/Lletres-a-les-aules-300x156.png 300w\" sizes=\"auto, (max-width: 311px) 100vw, 311px\" \/>Des de la Instituci\u00f3 de les Lletres Catalanes (ILC), amb la col\u00b7laboraci\u00f3 del Departament d&#8217;Educaci\u00f3 i Formaci\u00f3 Professional i el Departament de Cultura, ens<br \/>\narriba, un curs m\u00e9s, el programa <strong>Lletres a les aules<\/strong>.<\/p>\n<p><strong>Lletres a les aules<\/strong> \u00e9s una magn\u00edfica iniciativa per acostar la literatura als infants i joves, despertar el gust per la lectura i potenciar el coneixement de la llengua<br \/>\ncatalana.<\/p>\n<p>Aquest curs ens ofereixen la possibilitat de participar en dues modalitats:<\/p>\n<p>\u25cf <strong>Autors a les aules:<\/strong> els escriptors van a l\u2019aula per parlar amb els alumnes sobre els seus llibres i sobre el fet literari en general.<\/p>\n<p>Pots consultar la<a href=\"https:\/\/drive.google.com\/file\/d\/157muKMTS_QMn_oc0AuEVtdtFcTZgaUKo\/view\" target=\"_blank\" rel=\"noopener\"> llista dels autors del programa a l\u2019enlla\u00e7 seg\u00fcent<\/a><\/p>\n<p>\u25cf <strong>Els nostres cl\u00e0ssics en veu alta:<\/strong> es treballen a l\u2019aula textos d\u2019autors patrimonials de manera l\u00fadica i participativa, i sempre llegits en veu alta,<br \/>\nper fomentar el gust per la lectura i l\u2019h\u00e0bit lector.<\/p>\n<p>Els autors patrimonials s\u00f3n autors del passat que pertanyen a la tradici\u00f3 liter\u00e0ria catalana i que, pel valor de la seva obra i la seva traject\u00f2ria, formen part del nostre<br \/>\nllegat cultural.<\/p>\n<p>Pots consultar la <a href=\"https:\/\/drive.google.com\/file\/d\/1hMl3xEVbLrjDxwzt7lgeJ_xWNDfC29Ay\/view\" target=\"_blank\" rel=\"noopener\">llista de les activitats d\u2019Els nostres cl\u00e0ssics en veu alta a l\u2019enlla\u00e7 seg\u00fcent<\/a>.<\/p>\n<p><a href=\"https:\/\/cultura.gencat.cat\/ca\/ilc\/que-fem\/programes\/lletres-a-les-aules\/\" target=\"_blank\" rel=\"noopener\">Trobareu tota la informaci\u00f3 a l\u2019enlla\u00e7 seg\u00fcent.<\/a><\/p>\n<p><a href=\"https:\/\/cultura.gencat.cat\/ca\/tramits\/tramits-temes\/Lletres-a-les-aules-com-a-centre\" target=\"_blank\" rel=\"noopener\">Aqu\u00ed podeu accedir directament a la sol\u00b7licitud de participaci\u00f3<\/a><\/p>\n<p><strong>Terminis per sol\u00b7licitar-ho: del 9 de setembre al 31 d\u2019octubre<\/strong><\/p>\n","protected":false},"excerpt":{"rendered":"<p>Des de la Instituci\u00f3 de les Lletres Catalanes (ILC), amb la col\u00b7laboraci\u00f3 del Departament d&#8217;Educaci\u00f3 i Formaci\u00f3 Professional i el Departament de Cultura, ens arriba, un curs m\u00e9s, el programa Lletres a les aules. Lletres a les aules \u00e9s una magn\u00edfica iniciativa per acostar la literatura als infants i joves, despertar el gust per la [&hellip;]<\/p>\n","protected":false},"author":15,"featured_media":6277,"comment_status":"closed","ping_status":"closed","sticky":false,"template":"","format":"standard","meta":{"_bbp_topic_count":0,"_bbp_reply_count":0,"_bbp_total_topic_count":0,"_bbp_total_reply_count":0,"_bbp_voice_count":0,"_bbp_anonymous_reply_count":0,"_bbp_topic_count_hidden":0,"_bbp_reply_count_hidden":0,"_bbp_forum_subforum_count":0,"site-sidebar-layout":"default","site-content-layout":"","ast-site-content-layout":"","site-content-style":"default","site-sidebar-style":"default","ast-global-header-display":"","ast-banner-title-visibility":"","ast-main-header-display":"","ast-hfb-above-header-display":"","ast-hfb-below-header-display":"","ast-hfb-mobile-header-display":"","site-post-title":"","ast-breadcrumbs-content":"","ast-featured-img":"","footer-sml-layout":"","theme-transparent-header-meta":"","adv-header-id-meta":"","stick-header-meta":"","header-above-stick-meta":"","header-main-stick-meta":"","header-below-stick-meta":"","astra-migrate-meta-layouts":"default","ast-page-background-enabled":"default","ast-page-background-meta":{"desktop":{"background-color":"var(--ast-global-color-4)","background-image":"","background-repeat":"repeat","background-position":"center center","background-size":"auto","background-attachment":"scroll","background-type":"","background-media":"","overlay-type":"","overlay-color":"","overlay-opacity":"","overlay-gradient":""},"tablet":{"background-color":"","background-image":"","background-repeat":"repeat","background-position":"center center","background-size":"auto","background-attachment":"scroll","background-type":"","background-media":"","overlay-type":"","overlay-color":"","overlay-opacity":"","overlay-gradient":""},"mobile":{"background-color":"","background-image":"","background-repeat":"repeat","background-position":"center center","background-size":"auto","background-attachment":"scroll","background-type":"","background-media":"","overlay-type":"","overlay-color":"","overlay-opacity":"","overlay-gradient":""}},"ast-content-background-meta":{"desktop":{"background-color":"var(--ast-global-color-5)","background-image":"","background-repeat":"repeat","background-position":"center center","background-size":"auto","background-attachment":"scroll","background-type":"","background-media":"","overlay-type":"","overlay-color":"","overlay-opacity":"","overlay-gradient":""},"tablet":{"background-color":"var(--ast-global-color-5)","background-image":"","background-repeat":"repeat","background-position":"center center","background-size":"auto","background-attachment":"scroll","background-type":"","background-media":"","overlay-type":"","overlay-color":"","overlay-opacity":"","overlay-gradient":""},"mobile":{"background-color":"var(--ast-global-color-5)","background-image":"","background-repeat":"repeat","background-position":"center center","background-size":"auto","background-attachment":"scroll","background-type":"","background-media":"","overlay-type":"","overlay-color":"","overlay-opacity":"","overlay-gradient":""}},"footnotes":""},"categories":[63,68,408,1],"tags":[831,307,236,947],"class_list":["post-6276","post","type-post","status-publish","format-standard","has-post-thumbnail","hentry","category-catalegs-tematics","category-elic","category-esdeveniments","category-general","tag-catala","tag-elic","tag-lic","tag-lletres-a-les-aules"],"post_mailing_queue_ids":[],"_links":{"self":[{"href":"https:\/\/serveiseducatius.xtec.cat\/baixllobregat2\/wp-json\/wp\/v2\/posts\/6276","targetHints":{"allow":["GET"]}}],"collection":[{"href":"https:\/\/serveiseducatius.xtec.cat\/baixllobregat2\/wp-json\/wp\/v2\/posts"}],"about":[{"href":"https:\/\/serveiseducatius.xtec.cat\/baixllobregat2\/wp-json\/wp\/v2\/types\/post"}],"author":[{"embeddable":true,"href":"https:\/\/serveiseducatius.xtec.cat\/baixllobregat2\/wp-json\/wp\/v2\/users\/15"}],"replies":[{"embeddable":true,"href":"https:\/\/serveiseducatius.xtec.cat\/baixllobregat2\/wp-json\/wp\/v2\/comments?post=6276"}],"version-history":[{"count":1,"href":"https:\/\/serveiseducatius.xtec.cat\/baixllobregat2\/wp-json\/wp\/v2\/posts\/6276\/revisions"}],"predecessor-version":[{"id":6278,"href":"https:\/\/serveiseducatius.xtec.cat\/baixllobregat2\/wp-json\/wp\/v2\/posts\/6276\/revisions\/6278"}],"wp:featuredmedia":[{"embeddable":true,"href":"https:\/\/serveiseducatius.xtec.cat\/baixllobregat2\/wp-json\/wp\/v2\/media\/6277"}],"wp:attachment":[{"href":"https:\/\/serveiseducatius.xtec.cat\/baixllobregat2\/wp-json\/wp\/v2\/media?parent=6276"}],"wp:term":[{"taxonomy":"category","embeddable":true,"href":"https:\/\/serveiseducatius.xtec.cat\/baixllobregat2\/wp-json\/wp\/v2\/categories?post=6276"},{"taxonomy":"post_tag","embeddable":true,"href":"https:\/\/serveiseducatius.xtec.cat\/baixllobregat2\/wp-json\/wp\/v2\/tags?post=6276"}],"curies":[{"name":"wp","href":"https:\/\/api.w.org\/{rel}","templated":true}]}}