{"id":6176,"date":"2024-06-18T11:45:09","date_gmt":"2024-06-18T09:45:09","guid":{"rendered":"https:\/\/serveiseducatius.xtec.cat\/baixllobregat2\/?p=6176"},"modified":"2024-06-18T11:47:06","modified_gmt":"2024-06-18T09:47:06","slug":"espectacles-teatrals-de-linstitut-torre-roja","status":"publish","type":"post","link":"https:\/\/serveiseducatius.xtec.cat\/baixllobregat2\/general\/espectacles-teatrals-de-linstitut-torre-roja\/","title":{"rendered":"Espectacles teatrals de l&#8217;Institut Torre Roja"},"content":{"rendered":"<p>El passat dijous 13 de juny l&#8217;Institut Torre Roja va representar al teatre Atrium de Viladecans dos espectacles interpretats per alumnes de l&#8217;Institut:<\/p>\n<ul>\n<li>Del Laberint als Somnis: Aquesta representaci\u00f3 l&#8217;han realitzat alumnes de 1r i de 2n de l&#8217;ESO, a partir d&#8217;una col\u00b7laboraci\u00f3 amb el Gran Teatre del Liceu. Tant el gui\u00f3, com la interpretaci\u00f3 l&#8217;han realitzat els propis alumnes.<\/li>\n<\/ul>\n<p style=\"text-align: center;\"><img loading=\"lazy\" decoding=\"async\" class=\"alignnone size-full wp-image-6178\" src=\"https:\/\/serveiseducatius.xtec.cat\/baixllobregat2\/wp-content\/uploads\/usu760\/2024\/06\/IMG_8251.jpg\" alt=\"\" width=\"320\" height=\"240\" srcset=\"https:\/\/serveiseducatius.xtec.cat\/baixllobregat2\/wp-content\/uploads\/usu760\/2024\/06\/IMG_8251.jpg 320w, https:\/\/serveiseducatius.xtec.cat\/baixllobregat2\/wp-content\/uploads\/usu760\/2024\/06\/IMG_8251-300x225.jpg 300w, https:\/\/serveiseducatius.xtec.cat\/baixllobregat2\/wp-content\/uploads\/usu760\/2024\/06\/IMG_8251-200x150.jpg 200w\" sizes=\"auto, (max-width: 320px) 100vw, 320px\" \/> <img loading=\"lazy\" decoding=\"async\" class=\"alignnone size-full wp-image-6179\" src=\"https:\/\/serveiseducatius.xtec.cat\/baixllobregat2\/wp-content\/uploads\/usu760\/2024\/06\/IMG_8249.jpg\" alt=\"\" width=\"320\" height=\"240\" srcset=\"https:\/\/serveiseducatius.xtec.cat\/baixllobregat2\/wp-content\/uploads\/usu760\/2024\/06\/IMG_8249.jpg 320w, https:\/\/serveiseducatius.xtec.cat\/baixllobregat2\/wp-content\/uploads\/usu760\/2024\/06\/IMG_8249-300x225.jpg 300w, https:\/\/serveiseducatius.xtec.cat\/baixllobregat2\/wp-content\/uploads\/usu760\/2024\/06\/IMG_8249-200x150.jpg 200w\" sizes=\"auto, (max-width: 320px) 100vw, 320px\" \/><\/p>\n<ul>\n<li>El bo de ser dolent: \u00c9s divertit i interessant musical interpretat per alumnes de 3r i 4rt de l&#8217;ESO i batxillerat. Destaquem la gran participaci\u00f3, la caracteritzaci\u00f3 dels personatges i la interpretaci\u00f3 que fan durant tota la funci\u00f3.<\/li>\n<\/ul>\n<p style=\"text-align: center;\"><img loading=\"lazy\" decoding=\"async\" class=\"alignnone size-full wp-image-6180\" src=\"https:\/\/serveiseducatius.xtec.cat\/baixllobregat2\/wp-content\/uploads\/usu760\/2024\/06\/IMG_8263.jpg\" alt=\"\" width=\"320\" height=\"240\" srcset=\"https:\/\/serveiseducatius.xtec.cat\/baixllobregat2\/wp-content\/uploads\/usu760\/2024\/06\/IMG_8263.jpg 320w, https:\/\/serveiseducatius.xtec.cat\/baixllobregat2\/wp-content\/uploads\/usu760\/2024\/06\/IMG_8263-300x225.jpg 300w, https:\/\/serveiseducatius.xtec.cat\/baixllobregat2\/wp-content\/uploads\/usu760\/2024\/06\/IMG_8263-200x150.jpg 200w\" sizes=\"auto, (max-width: 320px) 100vw, 320px\" \/> <img loading=\"lazy\" decoding=\"async\" class=\"alignnone wp-image-6177\" src=\"https:\/\/serveiseducatius.xtec.cat\/baixllobregat2\/wp-content\/uploads\/usu760\/2024\/06\/IMG_8267.jpg\" alt=\"\" width=\"425\" height=\"239\" srcset=\"https:\/\/serveiseducatius.xtec.cat\/baixllobregat2\/wp-content\/uploads\/usu760\/2024\/06\/IMG_8267.jpg 320w, https:\/\/serveiseducatius.xtec.cat\/baixllobregat2\/wp-content\/uploads\/usu760\/2024\/06\/IMG_8267-300x169.jpg 300w\" sizes=\"auto, (max-width: 425px) 100vw, 425px\" \/><\/p>\n<p>&nbsp;<\/p>\n<p>Volem remarcar que aquestes activitats espetacte i musical \u00e9s possible gr\u00e0cies a l\u2019esfor\u00e7 de l&#8217;alumnat i docents, de l&#8217;Institut Torre Roja, implicats aix\u00ed com la col\u00b7laboraci\u00f3 del Liceu en el projecte del \u201c<a href=\"https:\/\/www.liceubarcelona.cat\/ca\/liceu-apren\/centres-educatius\/del-laberint-als-somnis\" target=\"_blank\" rel=\"noopener\">Dels Laberint als somnis<\/a>\u201d, la col\u00b7laboraci\u00f3 d\u2019institucions com ara l\u2019Ajuntament de Viladecans i el Departament d\u2019Educaci\u00f3 que els animen i ajuden a seguir treballant en aquesta l\u00ednia.<\/p>\n","protected":false},"excerpt":{"rendered":"<p>El passat dijous 13 de juny l&#8217;Institut Torre Roja va representar al teatre Atrium de Viladecans dos espectacles interpretats per alumnes de l&#8217;Institut: Del Laberint als Somnis: Aquesta representaci\u00f3 l&#8217;han realitzat alumnes de 1r i de 2n de l&#8217;ESO, a partir d&#8217;una col\u00b7laboraci\u00f3 amb el Gran Teatre del Liceu. Tant el gui\u00f3, com la interpretaci\u00f3 [&hellip;]<\/p>\n","protected":false},"author":15,"featured_media":6180,"comment_status":"closed","ping_status":"closed","sticky":false,"template":"","format":"standard","meta":{"_bbp_topic_count":0,"_bbp_reply_count":0,"_bbp_total_topic_count":0,"_bbp_total_reply_count":0,"_bbp_voice_count":0,"_bbp_anonymous_reply_count":0,"_bbp_topic_count_hidden":0,"_bbp_reply_count_hidden":0,"_bbp_forum_subforum_count":0,"site-sidebar-layout":"default","site-content-layout":"","ast-site-content-layout":"","site-content-style":"default","site-sidebar-style":"default","ast-global-header-display":"","ast-banner-title-visibility":"","ast-main-header-display":"","ast-hfb-above-header-display":"","ast-hfb-below-header-display":"","ast-hfb-mobile-header-display":"","site-post-title":"","ast-breadcrumbs-content":"","ast-featured-img":"","footer-sml-layout":"","theme-transparent-header-meta":"","adv-header-id-meta":"","stick-header-meta":"","header-above-stick-meta":"","header-main-stick-meta":"","header-below-stick-meta":"","astra-migrate-meta-layouts":"default","ast-page-background-enabled":"default","ast-page-background-meta":{"desktop":{"background-color":"var(--ast-global-color-4)","background-image":"","background-repeat":"repeat","background-position":"center center","background-size":"auto","background-attachment":"scroll","background-type":"","background-media":"","overlay-type":"","overlay-color":"","overlay-opacity":"","overlay-gradient":""},"tablet":{"background-color":"","background-image":"","background-repeat":"repeat","background-position":"center center","background-size":"auto","background-attachment":"scroll","background-type":"","background-media":"","overlay-type":"","overlay-color":"","overlay-opacity":"","overlay-gradient":""},"mobile":{"background-color":"","background-image":"","background-repeat":"repeat","background-position":"center center","background-size":"auto","background-attachment":"scroll","background-type":"","background-media":"","overlay-type":"","overlay-color":"","overlay-opacity":"","overlay-gradient":""}},"ast-content-background-meta":{"desktop":{"background-color":"var(--ast-global-color-5)","background-image":"","background-repeat":"repeat","background-position":"center center","background-size":"auto","background-attachment":"scroll","background-type":"","background-media":"","overlay-type":"","overlay-color":"","overlay-opacity":"","overlay-gradient":""},"tablet":{"background-color":"var(--ast-global-color-5)","background-image":"","background-repeat":"repeat","background-position":"center center","background-size":"auto","background-attachment":"scroll","background-type":"","background-media":"","overlay-type":"","overlay-color":"","overlay-opacity":"","overlay-gradient":""},"mobile":{"background-color":"var(--ast-global-color-5)","background-image":"","background-repeat":"repeat","background-position":"center center","background-size":"auto","background-attachment":"scroll","background-type":"","background-media":"","overlay-type":"","overlay-color":"","overlay-opacity":"","overlay-gradient":""}},"footnotes":""},"categories":[202,1,29],"tags":[],"class_list":["post-6176","post","type-post","status-publish","format-standard","has-post-thumbnail","hentry","category-centres","category-general","category-portada"],"post_mailing_queue_ids":[],"_links":{"self":[{"href":"https:\/\/serveiseducatius.xtec.cat\/baixllobregat2\/wp-json\/wp\/v2\/posts\/6176","targetHints":{"allow":["GET"]}}],"collection":[{"href":"https:\/\/serveiseducatius.xtec.cat\/baixllobregat2\/wp-json\/wp\/v2\/posts"}],"about":[{"href":"https:\/\/serveiseducatius.xtec.cat\/baixllobregat2\/wp-json\/wp\/v2\/types\/post"}],"author":[{"embeddable":true,"href":"https:\/\/serveiseducatius.xtec.cat\/baixllobregat2\/wp-json\/wp\/v2\/users\/15"}],"replies":[{"embeddable":true,"href":"https:\/\/serveiseducatius.xtec.cat\/baixllobregat2\/wp-json\/wp\/v2\/comments?post=6176"}],"version-history":[{"count":1,"href":"https:\/\/serveiseducatius.xtec.cat\/baixllobregat2\/wp-json\/wp\/v2\/posts\/6176\/revisions"}],"predecessor-version":[{"id":6181,"href":"https:\/\/serveiseducatius.xtec.cat\/baixllobregat2\/wp-json\/wp\/v2\/posts\/6176\/revisions\/6181"}],"wp:featuredmedia":[{"embeddable":true,"href":"https:\/\/serveiseducatius.xtec.cat\/baixllobregat2\/wp-json\/wp\/v2\/media\/6180"}],"wp:attachment":[{"href":"https:\/\/serveiseducatius.xtec.cat\/baixllobregat2\/wp-json\/wp\/v2\/media?parent=6176"}],"wp:term":[{"taxonomy":"category","embeddable":true,"href":"https:\/\/serveiseducatius.xtec.cat\/baixllobregat2\/wp-json\/wp\/v2\/categories?post=6176"},{"taxonomy":"post_tag","embeddable":true,"href":"https:\/\/serveiseducatius.xtec.cat\/baixllobregat2\/wp-json\/wp\/v2\/tags?post=6176"}],"curies":[{"name":"wp","href":"https:\/\/api.w.org\/{rel}","templated":true}]}}