{"id":6150,"date":"2024-04-08T08:58:05","date_gmt":"2024-04-08T06:58:05","guid":{"rendered":"https:\/\/serveiseducatius.xtec.cat\/baixllobregat2\/?p=6150"},"modified":"2024-04-08T08:58:05","modified_gmt":"2024-04-08T06:58:05","slug":"jornada-promocio-escolar-del-poble-gitano","status":"publish","type":"post","link":"https:\/\/serveiseducatius.xtec.cat\/baixllobregat2\/general\/jornada-promocio-escolar-del-poble-gitano\/","title":{"rendered":"Jornada Promoci\u00f3 Escolar del poble gitano"},"content":{"rendered":"<p><img loading=\"lazy\" decoding=\"async\" class=\" wp-image-6151 alignleft\" src=\"https:\/\/serveiseducatius.xtec.cat\/baixllobregat2\/wp-content\/uploads\/usu760\/2024\/04\/Bandera-gitanos.png\" alt=\"\" width=\"252\" height=\"172\" \/>El proper <strong>17 d\u2019abril<\/strong> es celebrar\u00e0 la <strong>Jornada Promoci\u00f3 Escolar del poble gitano<\/strong> en els Serveis Centrals del Departament d\u2019Educaci\u00f3 (Via Augusta 202) de 17:00 a 19:00.<br \/>\nEn aquesta jornada s&#8217;exposaran algunes de les novetats del projecte, comptarem amb una pon\u00e8ncia on s&#8217;abordaran les claus de l&amp;#39;\u00e8xit social i educatiu de l&#8217;alumnat gitano i finalment<br \/>\nuna taula rodona on es debatran alguns dels reptes que els centres educatius tenen en relaci\u00f3 a les expectatives futures de l&#8217;alumnat gitano, la seva continu\u00eftat formativa o la necessitat d&#8217;enfortir el vincle amb les fam\u00edlies.<br \/>\nTeniu tota la <a href=\"https:\/\/drive.google.com\/file\/d\/1DI8AukUvsoi6hl_s3tjFpOdrhuMaR43n\/view\" target=\"_blank\" rel=\"noopener\">informaci\u00f3 de la jornada<\/a> i l&#8217;enlla\u00e7 al formulari d&#8217;inscripci\u00f3 al document de l\u2019enlla\u00e7.<br \/>\nUs animem a participar-hi!<\/p>\n","protected":false},"excerpt":{"rendered":"<p>El proper 17 d\u2019abril es celebrar\u00e0 la Jornada Promoci\u00f3 Escolar del poble gitano en els Serveis Centrals del Departament d\u2019Educaci\u00f3 (Via Augusta 202) de 17:00 a 19:00. En aquesta jornada s&#8217;exposaran algunes de les novetats del projecte, comptarem amb una pon\u00e8ncia on s&#8217;abordaran les claus de l&amp;#39;\u00e8xit social i educatiu de l&#8217;alumnat gitano i finalment [&hellip;]<\/p>\n","protected":false},"author":15,"featured_media":6151,"comment_status":"closed","ping_status":"closed","sticky":false,"template":"","format":"standard","meta":{"_bbp_topic_count":0,"_bbp_reply_count":0,"_bbp_total_topic_count":0,"_bbp_total_reply_count":0,"_bbp_voice_count":0,"_bbp_anonymous_reply_count":0,"_bbp_topic_count_hidden":0,"_bbp_reply_count_hidden":0,"_bbp_forum_subforum_count":0,"site-sidebar-layout":"default","site-content-layout":"","ast-site-content-layout":"","site-content-style":"default","site-sidebar-style":"default","ast-global-header-display":"","ast-banner-title-visibility":"","ast-main-header-display":"","ast-hfb-above-header-display":"","ast-hfb-below-header-display":"","ast-hfb-mobile-header-display":"","site-post-title":"","ast-breadcrumbs-content":"","ast-featured-img":"","footer-sml-layout":"","theme-transparent-header-meta":"","adv-header-id-meta":"","stick-header-meta":"","header-above-stick-meta":"","header-main-stick-meta":"","header-below-stick-meta":"","astra-migrate-meta-layouts":"default","ast-page-background-enabled":"default","ast-page-background-meta":{"desktop":{"background-color":"var(--ast-global-color-4)","background-image":"","background-repeat":"repeat","background-position":"center center","background-size":"auto","background-attachment":"scroll","background-type":"","background-media":"","overlay-type":"","overlay-color":"","overlay-opacity":"","overlay-gradient":""},"tablet":{"background-color":"","background-image":"","background-repeat":"repeat","background-position":"center center","background-size":"auto","background-attachment":"scroll","background-type":"","background-media":"","overlay-type":"","overlay-color":"","overlay-opacity":"","overlay-gradient":""},"mobile":{"background-color":"","background-image":"","background-repeat":"repeat","background-position":"center center","background-size":"auto","background-attachment":"scroll","background-type":"","background-media":"","overlay-type":"","overlay-color":"","overlay-opacity":"","overlay-gradient":""}},"ast-content-background-meta":{"desktop":{"background-color":"var(--ast-global-color-5)","background-image":"","background-repeat":"repeat","background-position":"center center","background-size":"auto","background-attachment":"scroll","background-type":"","background-media":"","overlay-type":"","overlay-color":"","overlay-opacity":"","overlay-gradient":""},"tablet":{"background-color":"var(--ast-global-color-5)","background-image":"","background-repeat":"repeat","background-position":"center center","background-size":"auto","background-attachment":"scroll","background-type":"","background-media":"","overlay-type":"","overlay-color":"","overlay-opacity":"","overlay-gradient":""},"mobile":{"background-color":"var(--ast-global-color-5)","background-image":"","background-repeat":"repeat","background-position":"center center","background-size":"auto","background-attachment":"scroll","background-type":"","background-media":"","overlay-type":"","overlay-color":"","overlay-opacity":"","overlay-gradient":""}},"footnotes":""},"categories":[68,1,29],"tags":[523,307,366,236,940],"class_list":["post-6150","post","type-post","status-publish","format-standard","has-post-thumbnail","hentry","category-elic","category-general","category-portada","tag-crp","tag-elic","tag-jornades","tag-lic","tag-poble-gitano"],"post_mailing_queue_ids":[],"_links":{"self":[{"href":"https:\/\/serveiseducatius.xtec.cat\/baixllobregat2\/wp-json\/wp\/v2\/posts\/6150","targetHints":{"allow":["GET"]}}],"collection":[{"href":"https:\/\/serveiseducatius.xtec.cat\/baixllobregat2\/wp-json\/wp\/v2\/posts"}],"about":[{"href":"https:\/\/serveiseducatius.xtec.cat\/baixllobregat2\/wp-json\/wp\/v2\/types\/post"}],"author":[{"embeddable":true,"href":"https:\/\/serveiseducatius.xtec.cat\/baixllobregat2\/wp-json\/wp\/v2\/users\/15"}],"replies":[{"embeddable":true,"href":"https:\/\/serveiseducatius.xtec.cat\/baixllobregat2\/wp-json\/wp\/v2\/comments?post=6150"}],"version-history":[{"count":2,"href":"https:\/\/serveiseducatius.xtec.cat\/baixllobregat2\/wp-json\/wp\/v2\/posts\/6150\/revisions"}],"predecessor-version":[{"id":6153,"href":"https:\/\/serveiseducatius.xtec.cat\/baixllobregat2\/wp-json\/wp\/v2\/posts\/6150\/revisions\/6153"}],"wp:featuredmedia":[{"embeddable":true,"href":"https:\/\/serveiseducatius.xtec.cat\/baixllobregat2\/wp-json\/wp\/v2\/media\/6151"}],"wp:attachment":[{"href":"https:\/\/serveiseducatius.xtec.cat\/baixllobregat2\/wp-json\/wp\/v2\/media?parent=6150"}],"wp:term":[{"taxonomy":"category","embeddable":true,"href":"https:\/\/serveiseducatius.xtec.cat\/baixllobregat2\/wp-json\/wp\/v2\/categories?post=6150"},{"taxonomy":"post_tag","embeddable":true,"href":"https:\/\/serveiseducatius.xtec.cat\/baixllobregat2\/wp-json\/wp\/v2\/tags?post=6150"}],"curies":[{"name":"wp","href":"https:\/\/api.w.org\/{rel}","templated":true}]}}