{"id":6061,"date":"2024-03-03T08:00:50","date_gmt":"2024-03-03T07:00:50","guid":{"rendered":"https:\/\/serveiseducatius.xtec.cat\/baixllobregat2\/?p=6061"},"modified":"2024-03-01T13:50:27","modified_gmt":"2024-03-01T12:50:27","slug":"campanya-jo-participo-en-el-xxii-forum-de-treballs-de-recerca-de-linstitut-josefina-castellvi","status":"publish","type":"post","link":"https:\/\/serveiseducatius.xtec.cat\/baixllobregat2\/general\/campanya-jo-participo-en-el-xxii-forum-de-treballs-de-recerca-de-linstitut-josefina-castellvi\/","title":{"rendered":"Campanya &#8220;Jo participo&#8221; en el XXII F\u00f2rum de Treballs de Recerca de l&#8217;Institut Josefina Castellv\u00ed"},"content":{"rendered":"<table style=\"width: 100%; border-collapse: collapse; border-style: hidden;\">\n<tbody>\n<tr>\n<td style=\"width: 50%; border-style: hidden;\"><img loading=\"lazy\" decoding=\"async\" class=\"alignnone size-full wp-image-6054\" src=\"https:\/\/serveiseducatius.xtec.cat\/baixllobregat2\/wp-content\/uploads\/usu760\/2024\/03\/XXII-FTR-Logo.png\" alt=\"\" width=\"549\" height=\"208\" srcset=\"https:\/\/serveiseducatius.xtec.cat\/baixllobregat2\/wp-content\/uploads\/usu760\/2024\/03\/XXII-FTR-Logo.png 549w, https:\/\/serveiseducatius.xtec.cat\/baixllobregat2\/wp-content\/uploads\/usu760\/2024\/03\/XXII-FTR-Logo-300x114.png 300w\" sizes=\"auto, (max-width: 549px) 100vw, 549px\" \/><\/td>\n<td style=\"width: 50%; border-style: hidden;\"><img loading=\"lazy\" decoding=\"async\" class=\"wp-image-5712 aligncenter\" src=\"https:\/\/serveiseducatius.xtec.cat\/baixllobregat2\/wp-content\/uploads\/usu760\/2023\/03\/Logo-Josefina-Castellvi.png\" alt=\"\" width=\"777\" height=\"227\" srcset=\"https:\/\/serveiseducatius.xtec.cat\/baixllobregat2\/wp-content\/uploads\/usu760\/2023\/03\/Logo-Josefina-Castellvi.png 380w, https:\/\/serveiseducatius.xtec.cat\/baixllobregat2\/wp-content\/uploads\/usu760\/2023\/03\/Logo-Josefina-Castellvi-300x88.png 300w\" sizes=\"auto, (max-width: 777px) 100vw, 777px\" \/><\/td>\n<\/tr>\n<\/tbody>\n<\/table>\n<p>L&#8217;<strong>Institut Josefina Castellv\u00ed<\/strong> participar\u00e0 el dia 14 de mar\u00e7 de 2024 en el <strong>XXII F\u00f2rum de Treballs de Recerca<\/strong> de Viladecans amb els seg\u00fcents treballs:<\/p>\n<table style=\"width: 100%; border-collapse: collapse; border-style: hidden;\">\n<tbody>\n<tr>\n<td style=\"width: 50%; border-style: hidden;\"><span style=\"font-size: 16px;\"><strong>Autora:<\/strong> <span style=\"font-weight: 400;\">Nadia Mart\u00ednez Vandell\u00f3s<\/span><\/span><\/p>\n<p><span style=\"font-size: 16px;\"><strong>Treball de Recerca:<\/strong> Seguim de prop l&#8217;hemofilia, com \u00e9s conviure amb ella?<\/span><\/p>\n<p><iframe loading=\"lazy\" title=\"YouTube video player\" src=\"https:\/\/www.youtube.com\/embed\/CWf28W7rVb4?si=XSAWFteJ2OWn8jIr\" width=\"560\" height=\"315\" frameborder=\"0\" allowfullscreen=\"allowfullscreen\"><span data-mce-type=\"bookmark\" style=\"display: inline-block; width: 0px; overflow: hidden; line-height: 0;\" class=\"mce_SELRES_start\">\ufeff<\/span><\/iframe><\/td>\n<td style=\"width: 50%; border-style: hidden;\"><span style=\"font-size: 16px;\"><strong>Autora:<\/strong> <span style=\"font-weight: 400;\">Emma Ramia Pac<\/span><\/span><\/p>\n<p><span style=\"font-size: 16px;\"><strong>Treball de Recerca:<\/strong> Literatura de dones o per a dones<\/span><\/p>\n<p><iframe loading=\"lazy\" title=\"YouTube video player\" src=\"https:\/\/www.youtube.com\/embed\/BChJln1V_4A?si=Yjj2LPf3bcPuIfUS\" width=\"560\" height=\"315\" frameborder=\"0\" allowfullscreen=\"allowfullscreen\"><span data-mce-type=\"bookmark\" style=\"display: inline-block; width: 0px; overflow: hidden; line-height: 0;\" class=\"mce_SELRES_start\">\ufeff<\/span><\/iframe><\/td>\n<\/tr>\n<\/tbody>\n<\/table>\n","protected":false},"excerpt":{"rendered":"<p>L&#8217;Institut Josefina Castellv\u00ed participar\u00e0 el dia 14 de mar\u00e7 de 2024 en el XXII F\u00f2rum de Treballs de Recerca de Viladecans amb els seg\u00fcents treballs: Autora: Nadia Mart\u00ednez Vandell\u00f3s Treball de Recerca: Seguim de prop l&#8217;hemofilia, com \u00e9s conviure amb ella? \ufeff Autora: Emma Ramia Pac Treball de Recerca: Literatura de dones o per a [&hellip;]<\/p>\n","protected":false},"author":15,"featured_media":6054,"comment_status":"closed","ping_status":"closed","sticky":false,"template":"","format":"standard","meta":{"_bbp_topic_count":0,"_bbp_reply_count":0,"_bbp_total_topic_count":0,"_bbp_total_reply_count":0,"_bbp_voice_count":0,"_bbp_anonymous_reply_count":0,"_bbp_topic_count_hidden":0,"_bbp_reply_count_hidden":0,"_bbp_forum_subforum_count":0,"site-sidebar-layout":"default","site-content-layout":"","ast-site-content-layout":"","site-content-style":"default","site-sidebar-style":"default","ast-global-header-display":"","ast-banner-title-visibility":"","ast-main-header-display":"","ast-hfb-above-header-display":"","ast-hfb-below-header-display":"","ast-hfb-mobile-header-display":"","site-post-title":"","ast-breadcrumbs-content":"","ast-featured-img":"","footer-sml-layout":"","theme-transparent-header-meta":"","adv-header-id-meta":"","stick-header-meta":"","header-above-stick-meta":"","header-main-stick-meta":"","header-below-stick-meta":"","astra-migrate-meta-layouts":"default","ast-page-background-enabled":"default","ast-page-background-meta":{"desktop":{"background-color":"var(--ast-global-color-4)","background-image":"","background-repeat":"repeat","background-position":"center center","background-size":"auto","background-attachment":"scroll","background-type":"","background-media":"","overlay-type":"","overlay-color":"","overlay-opacity":"","overlay-gradient":""},"tablet":{"background-color":"","background-image":"","background-repeat":"repeat","background-position":"center center","background-size":"auto","background-attachment":"scroll","background-type":"","background-media":"","overlay-type":"","overlay-color":"","overlay-opacity":"","overlay-gradient":""},"mobile":{"background-color":"","background-image":"","background-repeat":"repeat","background-position":"center center","background-size":"auto","background-attachment":"scroll","background-type":"","background-media":"","overlay-type":"","overlay-color":"","overlay-opacity":"","overlay-gradient":""}},"ast-content-background-meta":{"desktop":{"background-color":"var(--ast-global-color-5)","background-image":"","background-repeat":"repeat","background-position":"center center","background-size":"auto","background-attachment":"scroll","background-type":"","background-media":"","overlay-type":"","overlay-color":"","overlay-opacity":"","overlay-gradient":""},"tablet":{"background-color":"var(--ast-global-color-5)","background-image":"","background-repeat":"repeat","background-position":"center center","background-size":"auto","background-attachment":"scroll","background-type":"","background-media":"","overlay-type":"","overlay-color":"","overlay-opacity":"","overlay-gradient":""},"mobile":{"background-color":"var(--ast-global-color-5)","background-image":"","background-repeat":"repeat","background-position":"center center","background-size":"auto","background-attachment":"scroll","background-type":"","background-media":"","overlay-type":"","overlay-color":"","overlay-opacity":"","overlay-gradient":""}},"footnotes":""},"categories":[70,1,29],"tags":[523,524,930,631,929,927],"class_list":["post-6061","post","type-post","status-publish","format-standard","has-post-thumbnail","hentry","category-forum-treballs-de-recerca","category-general","category-portada","tag-crp","tag-crp-baix-llobregat-ii","tag-institut-josefina-castellvi","tag-treballs-de-recerca","tag-xxii-forum-de-treballs-de-recerca","tag-xxii-ftr"],"post_mailing_queue_ids":[],"_links":{"self":[{"href":"https:\/\/serveiseducatius.xtec.cat\/baixllobregat2\/wp-json\/wp\/v2\/posts\/6061","targetHints":{"allow":["GET"]}}],"collection":[{"href":"https:\/\/serveiseducatius.xtec.cat\/baixllobregat2\/wp-json\/wp\/v2\/posts"}],"about":[{"href":"https:\/\/serveiseducatius.xtec.cat\/baixllobregat2\/wp-json\/wp\/v2\/types\/post"}],"author":[{"embeddable":true,"href":"https:\/\/serveiseducatius.xtec.cat\/baixllobregat2\/wp-json\/wp\/v2\/users\/15"}],"replies":[{"embeddable":true,"href":"https:\/\/serveiseducatius.xtec.cat\/baixllobregat2\/wp-json\/wp\/v2\/comments?post=6061"}],"version-history":[{"count":1,"href":"https:\/\/serveiseducatius.xtec.cat\/baixllobregat2\/wp-json\/wp\/v2\/posts\/6061\/revisions"}],"predecessor-version":[{"id":6064,"href":"https:\/\/serveiseducatius.xtec.cat\/baixllobregat2\/wp-json\/wp\/v2\/posts\/6061\/revisions\/6064"}],"wp:featuredmedia":[{"embeddable":true,"href":"https:\/\/serveiseducatius.xtec.cat\/baixllobregat2\/wp-json\/wp\/v2\/media\/6054"}],"wp:attachment":[{"href":"https:\/\/serveiseducatius.xtec.cat\/baixllobregat2\/wp-json\/wp\/v2\/media?parent=6061"}],"wp:term":[{"taxonomy":"category","embeddable":true,"href":"https:\/\/serveiseducatius.xtec.cat\/baixllobregat2\/wp-json\/wp\/v2\/categories?post=6061"},{"taxonomy":"post_tag","embeddable":true,"href":"https:\/\/serveiseducatius.xtec.cat\/baixllobregat2\/wp-json\/wp\/v2\/tags?post=6061"}],"curies":[{"name":"wp","href":"https:\/\/api.w.org\/{rel}","templated":true}]}}