{"id":6038,"date":"2024-02-28T08:42:27","date_gmt":"2024-02-28T07:42:27","guid":{"rendered":"https:\/\/serveiseducatius.xtec.cat\/baixllobregat2\/?p=6038"},"modified":"2024-02-28T08:42:43","modified_gmt":"2024-02-28T07:42:43","slug":"anys-estelles-guia-didactica","status":"publish","type":"post","link":"https:\/\/serveiseducatius.xtec.cat\/baixllobregat2\/general\/anys-estelles-guia-didactica\/","title":{"rendered":"Anys Estell\u00e9s: guia did\u00e0ctica"},"content":{"rendered":"<p><img loading=\"lazy\" decoding=\"async\" class=\" wp-image-6039 alignleft\" src=\"https:\/\/serveiseducatius.xtec.cat\/baixllobregat2\/wp-content\/uploads\/usu760\/2024\/02\/estelles.jpg\" alt=\"\" width=\"236\" height=\"331\" \/>Durant aquest 2024 es commemora <a href=\"https:\/\/cultura.gencat.cat\/ca\/temes\/commemoracions\/2024\/anyestelles\/inici\/\" target=\"_blank\" rel=\"noopener\">l\u2019Any Estell\u00e9s<\/a> en motiu del centenari del naixement de <strong>Vicent Andr\u00e9s Estell\u00e9s<\/strong> (Burjassot, 1924-Val\u00e8ncia, 1993), reconegut com a principal renovador de la poesia al Pa\u00eds Valenci\u00e0 des d\u2019Ausi\u00e0s March.<\/p>\n<p>Per mantenir viva la veu del poeta i donar-la a con\u00e8ixer, el <strong>Departament d\u2019Educaci\u00f3<\/strong> ha elaborat una guia amb <a href=\"https:\/\/drive.google.com\/file\/d\/1wK1wCN9vclZJ3NIx8Ag6MQC1ffxJO_2z\/view\" target=\"_blank\" rel=\"noopener\">orientacions did\u00e0ctiques<\/a> per treballar l\u2019autor i la seva obra po\u00e8tica a prim\u00e0ria, secund\u00e0ria i el batxillerat que teniu disponible en format PDF a l\u2019enlla\u00e7.<\/p>\n<p>Hi trobareu activitats espec\u00edfiques per treballar una de les seves obres m\u00e9s conegudes, el poema \u201cM\u2019he estimat molt la vida\u201d, que enguany ha estat triat per la <strong>Instituci\u00f3 de les Lletres Catalanes<\/strong> per commemorar el <a href=\"https:\/\/cultura.gencat.cat\/ca\/ilc\/que-fem\/programes\/dia-mundial-de-la-poesia\/\" target=\"_blank\" rel=\"noopener\">Dia mundial de la poesia el dia 21 de mar\u00e7<\/a>.<\/p>\n<p>Esperem que us sigui \u00fatil i profit\u00f3s a l&#8217;hora de divulgar entre el p\u00fablic jove la figura d&#8217;un dels poetes m\u00e9s rellevants del segle passat.<\/p>\n","protected":false},"excerpt":{"rendered":"<p>Durant aquest 2024 es commemora l\u2019Any Estell\u00e9s en motiu del centenari del naixement de Vicent Andr\u00e9s Estell\u00e9s (Burjassot, 1924-Val\u00e8ncia, 1993), reconegut com a principal renovador de la poesia al Pa\u00eds Valenci\u00e0 des d\u2019Ausi\u00e0s March. Per mantenir viva la veu del poeta i donar-la a con\u00e8ixer, el Departament d\u2019Educaci\u00f3 ha elaborat una guia amb orientacions did\u00e0ctiques [&hellip;]<\/p>\n","protected":false},"author":15,"featured_media":6039,"comment_status":"closed","ping_status":"closed","sticky":false,"template":"","format":"standard","meta":{"_bbp_topic_count":0,"_bbp_reply_count":0,"_bbp_total_topic_count":0,"_bbp_total_reply_count":0,"_bbp_voice_count":0,"_bbp_anonymous_reply_count":0,"_bbp_topic_count_hidden":0,"_bbp_reply_count_hidden":0,"_bbp_forum_subforum_count":0,"site-sidebar-layout":"default","site-content-layout":"","ast-site-content-layout":"","site-content-style":"default","site-sidebar-style":"default","ast-global-header-display":"","ast-banner-title-visibility":"","ast-main-header-display":"","ast-hfb-above-header-display":"","ast-hfb-below-header-display":"","ast-hfb-mobile-header-display":"","site-post-title":"","ast-breadcrumbs-content":"","ast-featured-img":"","footer-sml-layout":"","theme-transparent-header-meta":"","adv-header-id-meta":"","stick-header-meta":"","header-above-stick-meta":"","header-main-stick-meta":"","header-below-stick-meta":"","astra-migrate-meta-layouts":"default","ast-page-background-enabled":"default","ast-page-background-meta":{"desktop":{"background-color":"var(--ast-global-color-4)","background-image":"","background-repeat":"repeat","background-position":"center center","background-size":"auto","background-attachment":"scroll","background-type":"","background-media":"","overlay-type":"","overlay-color":"","overlay-opacity":"","overlay-gradient":""},"tablet":{"background-color":"","background-image":"","background-repeat":"repeat","background-position":"center center","background-size":"auto","background-attachment":"scroll","background-type":"","background-media":"","overlay-type":"","overlay-color":"","overlay-opacity":"","overlay-gradient":""},"mobile":{"background-color":"","background-image":"","background-repeat":"repeat","background-position":"center center","background-size":"auto","background-attachment":"scroll","background-type":"","background-media":"","overlay-type":"","overlay-color":"","overlay-opacity":"","overlay-gradient":""}},"ast-content-background-meta":{"desktop":{"background-color":"var(--ast-global-color-5)","background-image":"","background-repeat":"repeat","background-position":"center center","background-size":"auto","background-attachment":"scroll","background-type":"","background-media":"","overlay-type":"","overlay-color":"","overlay-opacity":"","overlay-gradient":""},"tablet":{"background-color":"var(--ast-global-color-5)","background-image":"","background-repeat":"repeat","background-position":"center center","background-size":"auto","background-attachment":"scroll","background-type":"","background-media":"","overlay-type":"","overlay-color":"","overlay-opacity":"","overlay-gradient":""},"mobile":{"background-color":"var(--ast-global-color-5)","background-image":"","background-repeat":"repeat","background-position":"center center","background-size":"auto","background-attachment":"scroll","background-type":"","background-media":"","overlay-type":"","overlay-color":"","overlay-opacity":"","overlay-gradient":""}},"footnotes":""},"categories":[68,1,29],"tags":[538,307,236,924],"class_list":["post-6038","post","type-post","status-publish","format-standard","has-post-thumbnail","hentry","category-elic","category-general","category-portada","tag-educacio","tag-elic","tag-lic","tag-lletres-catalanes"],"post_mailing_queue_ids":[],"_links":{"self":[{"href":"https:\/\/serveiseducatius.xtec.cat\/baixllobregat2\/wp-json\/wp\/v2\/posts\/6038","targetHints":{"allow":["GET"]}}],"collection":[{"href":"https:\/\/serveiseducatius.xtec.cat\/baixllobregat2\/wp-json\/wp\/v2\/posts"}],"about":[{"href":"https:\/\/serveiseducatius.xtec.cat\/baixllobregat2\/wp-json\/wp\/v2\/types\/post"}],"author":[{"embeddable":true,"href":"https:\/\/serveiseducatius.xtec.cat\/baixllobregat2\/wp-json\/wp\/v2\/users\/15"}],"replies":[{"embeddable":true,"href":"https:\/\/serveiseducatius.xtec.cat\/baixllobregat2\/wp-json\/wp\/v2\/comments?post=6038"}],"version-history":[{"count":5,"href":"https:\/\/serveiseducatius.xtec.cat\/baixllobregat2\/wp-json\/wp\/v2\/posts\/6038\/revisions"}],"predecessor-version":[{"id":6044,"href":"https:\/\/serveiseducatius.xtec.cat\/baixllobregat2\/wp-json\/wp\/v2\/posts\/6038\/revisions\/6044"}],"wp:featuredmedia":[{"embeddable":true,"href":"https:\/\/serveiseducatius.xtec.cat\/baixllobregat2\/wp-json\/wp\/v2\/media\/6039"}],"wp:attachment":[{"href":"https:\/\/serveiseducatius.xtec.cat\/baixllobregat2\/wp-json\/wp\/v2\/media?parent=6038"}],"wp:term":[{"taxonomy":"category","embeddable":true,"href":"https:\/\/serveiseducatius.xtec.cat\/baixllobregat2\/wp-json\/wp\/v2\/categories?post=6038"},{"taxonomy":"post_tag","embeddable":true,"href":"https:\/\/serveiseducatius.xtec.cat\/baixllobregat2\/wp-json\/wp\/v2\/tags?post=6038"}],"curies":[{"name":"wp","href":"https:\/\/api.w.org\/{rel}","templated":true}]}}