{"id":6036,"date":"2024-02-26T08:48:26","date_gmt":"2024-02-26T07:48:26","guid":{"rendered":"https:\/\/serveiseducatius.xtec.cat\/baixllobregat2\/?p=6036"},"modified":"2024-02-26T08:48:26","modified_gmt":"2024-02-26T07:48:26","slug":"iv-trobada-colla-clic-girona-6-dabril","status":"publish","type":"post","link":"https:\/\/serveiseducatius.xtec.cat\/baixllobregat2\/general\/iv-trobada-colla-clic-girona-6-dabril\/","title":{"rendered":"IV Trobada Col\u00b7la-Clic | Girona, 6 d&#8217;abril"},"content":{"rendered":"<div>El proper dia 6 d&#8217;abril es realitzar\u00e0 la <b><a href=\"https:\/\/transformacioneducativa.es\/spaces\/13128075\/page\" target=\"_blank\" rel=\"noopener\" data-saferedirecturl=\"https:\/\/www.google.com\/url?q=https:\/\/transformacioneducativa.es\/spaces\/13128075\/page&amp;source=gmail&amp;ust=1709018008394000&amp;usg=AOvVaw2E_Z-erqy53QY3xqXDM2Vh\">IV Trobada Col\u00b7la-Clic<\/a><\/b>, un esdeveniment anual destinat a docents que utilitzen la tecnologia digital, especialment aquella basada en el n\u00favol, per a la gesti\u00f3 escolar i les seves pr\u00e0ctiques d&#8217;aula.<\/p>\n<p>Durant aquesta trobada tenim l&#8217;objectiu de facilitar un espai de col\u00b7laboraci\u00f3 i intercanvi d&#8217;experi\u00e8ncies entre professionals de l&#8217;educaci\u00f3:\u00a0docents, equips directius, coordinadors digitals, representants d&#8217;empreses del sector, i a tota persona interessada en l&#8217;\u00fas de la tecnologia digital per millorar els processos d&#8217;ensenyament-aprenentatge.<\/p>\n<p>Us animem a unir-vos a aquesta jornada de reflexi\u00f3, aprenentatge i intercanvi entre iguals.<\/p>\n<\/div>\n<div><img decoding=\"async\" class=\"an1\" src=\"https:\/\/fonts.gstatic.com\/s\/e\/notoemoji\/15.0\/1f5d3_fe0f\/32.png\" alt=\"\ud83d\uddd3\ufe0f\" data-emoji=\"\ud83d\uddd3\ufe0f\" aria-label=\"\ud83d\uddd3\ufe0f\" \/>\u00a0\u00a0dissabte 6 d&#8217;abril de 2024<\/div>\n<div>\n<div><img decoding=\"async\" class=\"an1\" src=\"https:\/\/fonts.gstatic.com\/s\/e\/notoemoji\/15.0\/1f550\/32.png\" alt=\"\ud83d\udd50\" data-emoji=\"\ud83d\udd50\" aria-label=\"\ud83d\udd50\" \/>\u00a0 de 9 a 18 hores<\/div>\n<div><img decoding=\"async\" class=\"an1\" src=\"https:\/\/fonts.gstatic.com\/s\/e\/notoemoji\/15.0\/1f4cd\/32.png\" alt=\"\ud83d\udccd\" data-emoji=\"\ud83d\udccd\" aria-label=\"\ud83d\udccd\" \/>\u00a0<a href=\"https:\/\/maps.app.goo.gl\/ZFHRJj4pfmqpgrVGA\" target=\"_blank\" rel=\"noopener\" data-saferedirecturl=\"https:\/\/www.google.com\/url?q=https:\/\/maps.app.goo.gl\/ZFHRJj4pfmqpgrVGA&amp;source=gmail&amp;ust=1709018008394000&amp;usg=AOvVaw0beleJfkPvBWlH7LL6uIss\">Escola Polit\u00e8cnica Superior de la Universitat de Girona<\/a><\/div>\n<div><\/div>\n<div><img decoding=\"async\" class=\"an1\" src=\"https:\/\/fonts.gstatic.com\/s\/e\/notoemoji\/15.0\/1f517\/32.png\" alt=\"\ud83d\udd17\" data-emoji=\"\ud83d\udd17\" aria-label=\"\ud83d\udd17\" \/>\u00a0<a>Programa de la trobada<\/a><\/div>\n<div><img decoding=\"async\" class=\"an1\" src=\"https:\/\/fonts.gstatic.com\/s\/e\/notoemoji\/15.0\/2b50\/32.png\" alt=\"\u2b50\" data-emoji=\"\u2b50\" aria-label=\"\u2b50\" \/>\u00a0Consulteu el detall dels\u00a0<a href=\"https:\/\/transformacioneducativa.es\/spaces\/13128075\/content\" target=\"_blank\" rel=\"noopener\" data-saferedirecturl=\"https:\/\/www.google.com\/url?q=https:\/\/transformacioneducativa.es\/spaces\/13128075\/content&amp;source=gmail&amp;ust=1709018008394000&amp;usg=AOvVaw03Rw4cR14lpY_wOivqLxcq\">20 tallers<\/a>.<\/div>\n<\/div>\n<p><img decoding=\"async\" class=\"an1\" src=\"https:\/\/fonts.gstatic.com\/s\/e\/notoemoji\/15.0\/1f39f_fe0f\/32.png\" alt=\"\ud83c\udf9f\ufe0f\" data-emoji=\"\ud83c\udf9f\ufe0f\" aria-label=\"\ud83c\udf9f\ufe0f\" \/>\u00a0<a href=\"https:\/\/transformacioneducativa.es\/spaces\/13128075\/event-page\" target=\"_blank\" rel=\"noopener\" data-saferedirecturl=\"https:\/\/www.google.com\/url?q=https:\/\/transformacioneducativa.es\/spaces\/13128075\/event-page&amp;source=gmail&amp;ust=1709018008394000&amp;usg=AOvVaw1kTAprlg1LB0FX7lkeZQcq\">Reserveu la vostra pla\u00e7a<\/a>\u00a0<i><span style=\"font-size: xx-small;\">(Col\u00b7laclic \u00e9s una entitat sense \u00e0nim de lucre.\u00a0<\/span><\/i><i><span style=\"font-size: xx-small;\">El preu de l&#8217;entrada serveix per cobrir el cost dels \u00e0pats dels participants (esmorzar i dinar).\u00a0<\/span><\/i><i><span style=\"font-size: xx-small;\">Els talleristes i les persones col\u00b7laboradores participen altruistament.)<\/span><\/i><\/p>\n<div>\n<div><img decoding=\"async\" class=\"an1\" src=\"https:\/\/fonts.gstatic.com\/s\/e\/notoemoji\/15.0\/1f393\/32.png\" alt=\"\ud83c\udf93\" data-emoji=\"\ud83c\udf93\" aria-label=\"\ud83c\udf93\" \/>\u00a010 hores certificables\u00a0<span style=\"font-size: xx-small;\"><i>(<\/i><i>Aquesta activitat est\u00e0 inclosa en el Pla de Formaci\u00f3 Permanent del Departament d&#8217;Educaci\u00f3 de la Generalitat de Catalunya).<\/i><\/span><\/div>\n<\/div>\n<div><\/div>\n<div><img decoding=\"async\" class=\"an1\" src=\"https:\/\/fonts.gstatic.com\/s\/e\/notoemoji\/15.0\/1f4e2\/32.png\" alt=\"\ud83d\udce2\" data-emoji=\"\ud83d\udce2\" aria-label=\"\ud83d\udce2\" \/>\u00a0Seguiu-nos a les xarxes: Twitter\u00a0<a href=\"https:\/\/twitter.com\/CollaClic\" target=\"_blank\" rel=\"noopener\" data-saferedirecturl=\"https:\/\/www.google.com\/url?q=https:\/\/twitter.com\/CollaClic&amp;source=gmail&amp;ust=1709018008394000&amp;usg=AOvVaw0bquPXjcMhkUOfkKcJeUrF\">@CollaClic<\/a>\u00a0i Instagram\u00a0<a href=\"https:\/\/www.instagram.com\/Colla_Clic\/\" target=\"_blank\" rel=\"noopener\" data-saferedirecturl=\"https:\/\/www.google.com\/url?q=https:\/\/www.instagram.com\/Colla_Clic\/&amp;source=gmail&amp;ust=1709018008394000&amp;usg=AOvVaw20P0yNp7m5JYgIOTnz_FD6\"><span class=\"atwho-query\">@Colla_Clic<\/span><\/a><\/div>\n","protected":false},"excerpt":{"rendered":"<p>El proper dia 6 d&#8217;abril es realitzar\u00e0 la IV Trobada Col\u00b7la-Clic, un esdeveniment anual destinat a docents que utilitzen la tecnologia digital, especialment aquella basada en el n\u00favol, per a la gesti\u00f3 escolar i les seves pr\u00e0ctiques d&#8217;aula. Durant aquesta trobada tenim l&#8217;objectiu de facilitar un espai de col\u00b7laboraci\u00f3 i intercanvi d&#8217;experi\u00e8ncies entre professionals de [&hellip;]<\/p>\n","protected":false},"author":15,"featured_media":0,"comment_status":"closed","ping_status":"closed","sticky":false,"template":"","format":"standard","meta":{"_bbp_topic_count":0,"_bbp_reply_count":0,"_bbp_total_topic_count":0,"_bbp_total_reply_count":0,"_bbp_voice_count":0,"_bbp_anonymous_reply_count":0,"_bbp_topic_count_hidden":0,"_bbp_reply_count_hidden":0,"_bbp_forum_subforum_count":0,"site-sidebar-layout":"default","site-content-layout":"","ast-site-content-layout":"","site-content-style":"default","site-sidebar-style":"default","ast-global-header-display":"","ast-banner-title-visibility":"","ast-main-header-display":"","ast-hfb-above-header-display":"","ast-hfb-below-header-display":"","ast-hfb-mobile-header-display":"","site-post-title":"","ast-breadcrumbs-content":"","ast-featured-img":"","footer-sml-layout":"","theme-transparent-header-meta":"","adv-header-id-meta":"","stick-header-meta":"","header-above-stick-meta":"","header-main-stick-meta":"","header-below-stick-meta":"","astra-migrate-meta-layouts":"default","ast-page-background-enabled":"default","ast-page-background-meta":{"desktop":{"background-color":"var(--ast-global-color-4)","background-image":"","background-repeat":"repeat","background-position":"center center","background-size":"auto","background-attachment":"scroll","background-type":"","background-media":"","overlay-type":"","overlay-color":"","overlay-opacity":"","overlay-gradient":""},"tablet":{"background-color":"","background-image":"","background-repeat":"repeat","background-position":"center center","background-size":"auto","background-attachment":"scroll","background-type":"","background-media":"","overlay-type":"","overlay-color":"","overlay-opacity":"","overlay-gradient":""},"mobile":{"background-color":"","background-image":"","background-repeat":"repeat","background-position":"center center","background-size":"auto","background-attachment":"scroll","background-type":"","background-media":"","overlay-type":"","overlay-color":"","overlay-opacity":"","overlay-gradient":""}},"ast-content-background-meta":{"desktop":{"background-color":"var(--ast-global-color-5)","background-image":"","background-repeat":"repeat","background-position":"center center","background-size":"auto","background-attachment":"scroll","background-type":"","background-media":"","overlay-type":"","overlay-color":"","overlay-opacity":"","overlay-gradient":""},"tablet":{"background-color":"var(--ast-global-color-5)","background-image":"","background-repeat":"repeat","background-position":"center center","background-size":"auto","background-attachment":"scroll","background-type":"","background-media":"","overlay-type":"","overlay-color":"","overlay-opacity":"","overlay-gradient":""},"mobile":{"background-color":"var(--ast-global-color-5)","background-image":"","background-repeat":"repeat","background-position":"center center","background-size":"auto","background-attachment":"scroll","background-type":"","background-media":"","overlay-type":"","overlay-color":"","overlay-opacity":"","overlay-gradient":""}},"footnotes":""},"categories":[1,29,78],"tags":[922,327,923,921],"class_list":["post-6036","post","type-post","status-publish","format-standard","hentry","category-general","category-portada","category-tac","tag-colla-clic","tag-esdeveniments","tag-girona","tag-nuvol"],"post_mailing_queue_ids":[],"_links":{"self":[{"href":"https:\/\/serveiseducatius.xtec.cat\/baixllobregat2\/wp-json\/wp\/v2\/posts\/6036","targetHints":{"allow":["GET"]}}],"collection":[{"href":"https:\/\/serveiseducatius.xtec.cat\/baixllobregat2\/wp-json\/wp\/v2\/posts"}],"about":[{"href":"https:\/\/serveiseducatius.xtec.cat\/baixllobregat2\/wp-json\/wp\/v2\/types\/post"}],"author":[{"embeddable":true,"href":"https:\/\/serveiseducatius.xtec.cat\/baixllobregat2\/wp-json\/wp\/v2\/users\/15"}],"replies":[{"embeddable":true,"href":"https:\/\/serveiseducatius.xtec.cat\/baixllobregat2\/wp-json\/wp\/v2\/comments?post=6036"}],"version-history":[{"count":1,"href":"https:\/\/serveiseducatius.xtec.cat\/baixllobregat2\/wp-json\/wp\/v2\/posts\/6036\/revisions"}],"predecessor-version":[{"id":6037,"href":"https:\/\/serveiseducatius.xtec.cat\/baixllobregat2\/wp-json\/wp\/v2\/posts\/6036\/revisions\/6037"}],"wp:attachment":[{"href":"https:\/\/serveiseducatius.xtec.cat\/baixllobregat2\/wp-json\/wp\/v2\/media?parent=6036"}],"wp:term":[{"taxonomy":"category","embeddable":true,"href":"https:\/\/serveiseducatius.xtec.cat\/baixllobregat2\/wp-json\/wp\/v2\/categories?post=6036"},{"taxonomy":"post_tag","embeddable":true,"href":"https:\/\/serveiseducatius.xtec.cat\/baixllobregat2\/wp-json\/wp\/v2\/tags?post=6036"}],"curies":[{"name":"wp","href":"https:\/\/api.w.org\/{rel}","templated":true}]}}