{"id":5953,"date":"2023-12-04T12:12:36","date_gmt":"2023-12-04T11:12:36","guid":{"rendered":"https:\/\/serveiseducatius.xtec.cat\/baixllobregat2\/?p=5953"},"modified":"2023-12-04T12:13:04","modified_gmt":"2023-12-04T11:13:04","slug":"poesia-a-les-aules","status":"publish","type":"post","link":"https:\/\/serveiseducatius.xtec.cat\/baixllobregat2\/general\/poesia-a-les-aules\/","title":{"rendered":"Poesia a les aules"},"content":{"rendered":"<p><img loading=\"lazy\" decoding=\"async\" class=\"size-full wp-image-5955 alignright\" src=\"https:\/\/serveiseducatius.xtec.cat\/baixllobregat2\/wp-content\/uploads\/usu760\/2023\/12\/poesia.jpg\" alt=\"\" width=\"339\" height=\"149\" srcset=\"https:\/\/serveiseducatius.xtec.cat\/baixllobregat2\/wp-content\/uploads\/usu760\/2023\/12\/poesia.jpg 339w, https:\/\/serveiseducatius.xtec.cat\/baixllobregat2\/wp-content\/uploads\/usu760\/2023\/12\/poesia-300x132.jpg 300w\" sizes=\"auto, (max-width: 339px) 100vw, 339px\" \/>Us presentem un seguit de recursos que pensem us poden ajudar a apropar la poesia en catal\u00e0 al vostre alumnat:<\/p>\n<p><a href=\"https:\/\/www.google.com\/url?sa=D&amp;q=http:\/\/versos.cat\/&amp;ust=1701774000000000&amp;usg=AOvVaw1Ej8N2JpImnHQOFD9ge3Em&amp;hl=ca&amp;source=gmail\" target=\"_blank\" rel=\"noopener\">Versos.cat<\/a>: plataforma que publica poemes, articles i entrevistes de poetes catalans que t\u00e9 com objectiu fomentar la poesia a la xarxa en llengua catalana.<br \/>\n<a href=\"https:\/\/www.musicadepoetes.cat\/presentacio\" target=\"_blank\" rel=\"noopener\">M\u00fasica de poetes<\/a>: espai virtual on la poesia i la m\u00fasica entren en contacte, on podreu escoltar versos i llegir can\u00e7ons, on veureu com artistes i poetes amplifiquen les seves veus. Un recull molt extens de poemes catalans musicats, amb un cat\u00e0leg de gaireb\u00e9 sis-cents, amb estils ben diversos.<br \/>\n<a href=\"https:\/\/lletra.uoc.edu\/ca\/projectes\/poesia-dibuixada\/videos\" target=\"_blank\" rel=\"noopener\">Poesia dibuixada<\/a>: projecte on l\u2019art, la poesia i l\u2019audiovisual es fusionen per oferir una experi\u00e8ncia on cadascuna de les poesies dibuixades integra un poema d\u2019un autor o autora, la veu de S\u00edlvia Bel i les il\u00b7lustracions de Marta Bellveh\u00ed.<br \/>\n<a href=\"https:\/\/edu365.cat\/search.html?q=poesia\" target=\"_blank\" rel=\"noopener\">Edu365<\/a>: recull de tots els recursos disponibles al portal edu365 relacionats amb la poesia i classificats per etapes.<br \/>\nAnimeu-vos a recitar, rimar, declamar, entonar, articular, frasejar o versejar!<\/p>\n","protected":false},"excerpt":{"rendered":"<p>Us presentem un seguit de recursos que pensem us poden ajudar a apropar la poesia en catal\u00e0 al vostre alumnat: Versos.cat: plataforma que publica poemes, articles i entrevistes de poetes catalans que t\u00e9 com objectiu fomentar la poesia a la xarxa en llengua catalana. M\u00fasica de poetes: espai virtual on la poesia i la m\u00fasica [&hellip;]<\/p>\n","protected":false},"author":15,"featured_media":5955,"comment_status":"closed","ping_status":"closed","sticky":false,"template":"","format":"standard","meta":{"_bbp_topic_count":0,"_bbp_reply_count":0,"_bbp_total_topic_count":0,"_bbp_total_reply_count":0,"_bbp_voice_count":0,"_bbp_anonymous_reply_count":0,"_bbp_topic_count_hidden":0,"_bbp_reply_count_hidden":0,"_bbp_forum_subforum_count":0,"site-sidebar-layout":"default","site-content-layout":"","ast-site-content-layout":"","site-content-style":"default","site-sidebar-style":"default","ast-global-header-display":"","ast-banner-title-visibility":"","ast-main-header-display":"","ast-hfb-above-header-display":"","ast-hfb-below-header-display":"","ast-hfb-mobile-header-display":"","site-post-title":"","ast-breadcrumbs-content":"","ast-featured-img":"","footer-sml-layout":"","theme-transparent-header-meta":"","adv-header-id-meta":"","stick-header-meta":"","header-above-stick-meta":"","header-main-stick-meta":"","header-below-stick-meta":"","astra-migrate-meta-layouts":"default","ast-page-background-enabled":"default","ast-page-background-meta":{"desktop":{"background-color":"var(--ast-global-color-4)","background-image":"","background-repeat":"repeat","background-position":"center center","background-size":"auto","background-attachment":"scroll","background-type":"","background-media":"","overlay-type":"","overlay-color":"","overlay-opacity":"","overlay-gradient":""},"tablet":{"background-color":"","background-image":"","background-repeat":"repeat","background-position":"center center","background-size":"auto","background-attachment":"scroll","background-type":"","background-media":"","overlay-type":"","overlay-color":"","overlay-opacity":"","overlay-gradient":""},"mobile":{"background-color":"","background-image":"","background-repeat":"repeat","background-position":"center center","background-size":"auto","background-attachment":"scroll","background-type":"","background-media":"","overlay-type":"","overlay-color":"","overlay-opacity":"","overlay-gradient":""}},"ast-content-background-meta":{"desktop":{"background-color":"var(--ast-global-color-5)","background-image":"","background-repeat":"repeat","background-position":"center center","background-size":"auto","background-attachment":"scroll","background-type":"","background-media":"","overlay-type":"","overlay-color":"","overlay-opacity":"","overlay-gradient":""},"tablet":{"background-color":"var(--ast-global-color-5)","background-image":"","background-repeat":"repeat","background-position":"center center","background-size":"auto","background-attachment":"scroll","background-type":"","background-media":"","overlay-type":"","overlay-color":"","overlay-opacity":"","overlay-gradient":""},"mobile":{"background-color":"var(--ast-global-color-5)","background-image":"","background-repeat":"repeat","background-position":"center center","background-size":"auto","background-attachment":"scroll","background-type":"","background-media":"","overlay-type":"","overlay-color":"","overlay-opacity":"","overlay-gradient":""}},"footnotes":""},"categories":[81,68,1,29],"tags":[909,523,524,907,538,307,908,910,509,905,906,911],"class_list":["post-5953","post","type-post","status-publish","format-standard","has-post-thumbnail","hentry","category-biblioteca-escolar","category-elic","category-general","category-portada","tag-articular","tag-crp","tag-crp-baix-llobregat-ii","tag-declamar","tag-educacio","tag-elic","tag-entonar","tag-frasejar","tag-poesia","tag-recitar","tag-rimar","tag-versejar"],"post_mailing_queue_ids":[],"_links":{"self":[{"href":"https:\/\/serveiseducatius.xtec.cat\/baixllobregat2\/wp-json\/wp\/v2\/posts\/5953","targetHints":{"allow":["GET"]}}],"collection":[{"href":"https:\/\/serveiseducatius.xtec.cat\/baixllobregat2\/wp-json\/wp\/v2\/posts"}],"about":[{"href":"https:\/\/serveiseducatius.xtec.cat\/baixllobregat2\/wp-json\/wp\/v2\/types\/post"}],"author":[{"embeddable":true,"href":"https:\/\/serveiseducatius.xtec.cat\/baixllobregat2\/wp-json\/wp\/v2\/users\/15"}],"replies":[{"embeddable":true,"href":"https:\/\/serveiseducatius.xtec.cat\/baixllobregat2\/wp-json\/wp\/v2\/comments?post=5953"}],"version-history":[{"count":3,"href":"https:\/\/serveiseducatius.xtec.cat\/baixllobregat2\/wp-json\/wp\/v2\/posts\/5953\/revisions"}],"predecessor-version":[{"id":5957,"href":"https:\/\/serveiseducatius.xtec.cat\/baixllobregat2\/wp-json\/wp\/v2\/posts\/5953\/revisions\/5957"}],"wp:featuredmedia":[{"embeddable":true,"href":"https:\/\/serveiseducatius.xtec.cat\/baixllobregat2\/wp-json\/wp\/v2\/media\/5955"}],"wp:attachment":[{"href":"https:\/\/serveiseducatius.xtec.cat\/baixllobregat2\/wp-json\/wp\/v2\/media?parent=5953"}],"wp:term":[{"taxonomy":"category","embeddable":true,"href":"https:\/\/serveiseducatius.xtec.cat\/baixllobregat2\/wp-json\/wp\/v2\/categories?post=5953"},{"taxonomy":"post_tag","embeddable":true,"href":"https:\/\/serveiseducatius.xtec.cat\/baixllobregat2\/wp-json\/wp\/v2\/tags?post=5953"}],"curies":[{"name":"wp","href":"https:\/\/api.w.org\/{rel}","templated":true}]}}