{"id":5943,"date":"2023-12-04T08:49:30","date_gmt":"2023-12-04T07:49:30","guid":{"rendered":"https:\/\/serveiseducatius.xtec.cat\/baixllobregat2\/?p=5943"},"modified":"2023-12-04T08:56:36","modified_gmt":"2023-12-04T07:56:36","slug":"escola-de-families-de-gava-desembre-gener","status":"publish","type":"post","link":"https:\/\/serveiseducatius.xtec.cat\/baixllobregat2\/general\/escola-de-families-de-gava-desembre-gener\/","title":{"rendered":"Escola de fam\u00edlies de Gav\u00e0: desembre-gener"},"content":{"rendered":"<p><img loading=\"lazy\" decoding=\"async\" class=\"wp-image-5944 alignright\" src=\"https:\/\/serveiseducatius.xtec.cat\/baixllobregat2\/wp-content\/uploads\/usu760\/2023\/12\/Escola-de-families-Gava.png\" alt=\"\" width=\"210\" height=\"99\" \/>Des de l\u2019Ajuntament de Gav\u00e0 i en col\u00b7laboraci\u00f3 amb el Pla Educatiu d\u2019Entorn les propostes d\u2019activitats, tallers i xerrades per infants i fam\u00edlies que ens ofereixen per aquest mes de desembre i gener s\u00f3n les seg\u00fcents:<br \/>\n\u25cf Del 1 de desembre al 12 de gener: Fes un dibuix per la pau.<br \/>\n\u25cf 12 de desembre: Ioga per la Marat\u00f3 al Parc del Mil\u00b7leni.<br \/>\n\u25cf 15 de desembre: Caminada solid\u00e0ria per la Marat\u00f3.<br \/>\n\u25cf 15 de desembre: Planetari, l\u2019univers que en envolta al Parc arqueol\u00f2gic mines de<br \/>\nGav\u00e0.<br \/>\n\u25cf 16 de desembre: Vivim els drets humans amb jocs gegants del m\u00f3n i animaci\u00f3<br \/>\ninfantil a la Pla\u00e7a Batista Roca.<br \/>\n\u25cf 17 de desembre: Mentida podrida cal, teatre a l\u2019Espai Maragall.<br \/>\nA l\u2019<a href=\"https:\/\/drive.google.com\/file\/d\/1u2gFj8nV_C73LwW1VAkLbenyGGTqqG2m\/view\" target=\"_blank\" rel=\"noopener\">enlla\u00e7<\/a> hi trobareu la informaci\u00f3 de cada una de les propostes i el m\u00e8tode d\u2019inscripci\u00f3 corresponent a totes les activitats.<br \/>\nUs animem a participar-hi!<\/p>\n","protected":false},"excerpt":{"rendered":"<p>Des de l\u2019Ajuntament de Gav\u00e0 i en col\u00b7laboraci\u00f3 amb el Pla Educatiu d\u2019Entorn les propostes d\u2019activitats, tallers i xerrades per infants i fam\u00edlies que ens ofereixen per aquest mes de desembre i gener s\u00f3n les seg\u00fcents: \u25cf Del 1 de desembre al 12 de gener: Fes un dibuix per la pau. \u25cf 12 de desembre: [&hellip;]<\/p>\n","protected":false},"author":15,"featured_media":5944,"comment_status":"closed","ping_status":"closed","sticky":false,"template":"","format":"standard","meta":{"_bbp_topic_count":0,"_bbp_reply_count":0,"_bbp_total_topic_count":0,"_bbp_total_reply_count":0,"_bbp_voice_count":0,"_bbp_anonymous_reply_count":0,"_bbp_topic_count_hidden":0,"_bbp_reply_count_hidden":0,"_bbp_forum_subforum_count":0,"site-sidebar-layout":"default","site-content-layout":"","ast-site-content-layout":"","site-content-style":"default","site-sidebar-style":"default","ast-global-header-display":"","ast-banner-title-visibility":"","ast-main-header-display":"","ast-hfb-above-header-display":"","ast-hfb-below-header-display":"","ast-hfb-mobile-header-display":"","site-post-title":"","ast-breadcrumbs-content":"","ast-featured-img":"","footer-sml-layout":"","theme-transparent-header-meta":"","adv-header-id-meta":"","stick-header-meta":"","header-above-stick-meta":"","header-main-stick-meta":"","header-below-stick-meta":"","astra-migrate-meta-layouts":"default","ast-page-background-enabled":"default","ast-page-background-meta":{"desktop":{"background-color":"var(--ast-global-color-4)","background-image":"","background-repeat":"repeat","background-position":"center center","background-size":"auto","background-attachment":"scroll","background-type":"","background-media":"","overlay-type":"","overlay-color":"","overlay-opacity":"","overlay-gradient":""},"tablet":{"background-color":"","background-image":"","background-repeat":"repeat","background-position":"center center","background-size":"auto","background-attachment":"scroll","background-type":"","background-media":"","overlay-type":"","overlay-color":"","overlay-opacity":"","overlay-gradient":""},"mobile":{"background-color":"","background-image":"","background-repeat":"repeat","background-position":"center center","background-size":"auto","background-attachment":"scroll","background-type":"","background-media":"","overlay-type":"","overlay-color":"","overlay-opacity":"","overlay-gradient":""}},"ast-content-background-meta":{"desktop":{"background-color":"var(--ast-global-color-5)","background-image":"","background-repeat":"repeat","background-position":"center center","background-size":"auto","background-attachment":"scroll","background-type":"","background-media":"","overlay-type":"","overlay-color":"","overlay-opacity":"","overlay-gradient":""},"tablet":{"background-color":"var(--ast-global-color-5)","background-image":"","background-repeat":"repeat","background-position":"center center","background-size":"auto","background-attachment":"scroll","background-type":"","background-media":"","overlay-type":"","overlay-color":"","overlay-opacity":"","overlay-gradient":""},"mobile":{"background-color":"var(--ast-global-color-5)","background-image":"","background-repeat":"repeat","background-position":"center center","background-size":"auto","background-attachment":"scroll","background-type":"","background-media":"","overlay-type":"","overlay-color":"","overlay-opacity":"","overlay-gradient":""}},"footnotes":""},"categories":[1,29],"tags":[642,538,894,904,161,341],"class_list":["post-5943","post","type-post","status-publish","format-standard","has-post-thumbnail","hentry","category-general","category-portada","tag-ajuntament-de-gava","tag-educacio","tag-escola-de-families","tag-families","tag-formacio","tag-gava"],"post_mailing_queue_ids":[],"_links":{"self":[{"href":"https:\/\/serveiseducatius.xtec.cat\/baixllobregat2\/wp-json\/wp\/v2\/posts\/5943","targetHints":{"allow":["GET"]}}],"collection":[{"href":"https:\/\/serveiseducatius.xtec.cat\/baixllobregat2\/wp-json\/wp\/v2\/posts"}],"about":[{"href":"https:\/\/serveiseducatius.xtec.cat\/baixllobregat2\/wp-json\/wp\/v2\/types\/post"}],"author":[{"embeddable":true,"href":"https:\/\/serveiseducatius.xtec.cat\/baixllobregat2\/wp-json\/wp\/v2\/users\/15"}],"replies":[{"embeddable":true,"href":"https:\/\/serveiseducatius.xtec.cat\/baixllobregat2\/wp-json\/wp\/v2\/comments?post=5943"}],"version-history":[{"count":6,"href":"https:\/\/serveiseducatius.xtec.cat\/baixllobregat2\/wp-json\/wp\/v2\/posts\/5943\/revisions"}],"predecessor-version":[{"id":5952,"href":"https:\/\/serveiseducatius.xtec.cat\/baixllobregat2\/wp-json\/wp\/v2\/posts\/5943\/revisions\/5952"}],"wp:featuredmedia":[{"embeddable":true,"href":"https:\/\/serveiseducatius.xtec.cat\/baixllobregat2\/wp-json\/wp\/v2\/media\/5944"}],"wp:attachment":[{"href":"https:\/\/serveiseducatius.xtec.cat\/baixllobregat2\/wp-json\/wp\/v2\/media?parent=5943"}],"wp:term":[{"taxonomy":"category","embeddable":true,"href":"https:\/\/serveiseducatius.xtec.cat\/baixllobregat2\/wp-json\/wp\/v2\/categories?post=5943"},{"taxonomy":"post_tag","embeddable":true,"href":"https:\/\/serveiseducatius.xtec.cat\/baixllobregat2\/wp-json\/wp\/v2\/tags?post=5943"}],"curies":[{"name":"wp","href":"https:\/\/api.w.org\/{rel}","templated":true}]}}