{"id":5908,"date":"2023-11-10T09:24:56","date_gmt":"2023-11-10T08:24:56","guid":{"rendered":"https:\/\/serveiseducatius.xtec.cat\/baixllobregat2\/?p=5908"},"modified":"2023-11-10T09:24:56","modified_gmt":"2023-11-10T08:24:56","slug":"escola-de-families-de-gava","status":"publish","type":"post","link":"https:\/\/serveiseducatius.xtec.cat\/baixllobregat2\/general\/escola-de-families-de-gava\/","title":{"rendered":"Escola de fam\u00edlies de Gav\u00e0"},"content":{"rendered":"<p><img loading=\"lazy\" decoding=\"async\" class=\" wp-image-5909 alignleft\" src=\"https:\/\/serveiseducatius.xtec.cat\/baixllobregat2\/wp-content\/uploads\/usu760\/2023\/11\/Escola-de-families-Gava.png\" alt=\"\" width=\"190\" height=\"90\" \/>Des de l\u2019Ajuntament de Gav\u00e0 i en col\u00b7laboraci\u00f3 amb el Pla Educatiu d\u2019Entorn ens ofereixen mensualment una proposta d\u2019<strong>activitats, tallers i xerrades per infants i fam\u00edlies<\/strong> organitzades des de diferents entitats i equipaments de la ciutat que pensem pot ser del vostre inter\u00e8s.<\/p>\n<p>Aquest mes de novembre encara trobareu disponibles les seg\u00fcents activitats:<\/p>\n<p>\u25cf 10 de novembre: Xerrada \u201cCom contrastar. Eines \u00fatils davant la desinformaci\u00f3\u201d a la biblioteca Josep Soler i Vidal.<br \/>\n\u25cf 11, 18 i 25 de novembre: Taller \u201cFicci\u00f3 en joc\u201d a la biblioteca Josep Soler i Vidal (a partir de 7 anys)<br \/>\n\u25cf 28 de novembre: Taller \u201cCom identificar, prevenir i fer davant de la viol\u00e8ncia de g\u00e8nere digital\u201d a la biblioteca Josep Soler i Vidal.<br \/>\n\u25cf 30 de novembre: Taller \u201cBibliolab. Com es construeixen els telescopis? L\u2019enginyeria a l\u2019astronomia\u201d a la biblioteca Marian Colom\u00e9 (a partir de 8 anys).<\/p>\n<p>A l\u2019<a href=\"https:\/\/drive.google.com\/file\/d\/1tJWfplnU7cG-t54DepAqrT6zm__ud_2M\/view\" target=\"_blank\" rel=\"noopener\">enlla\u00e7<\/a> hi trobareu la informaci\u00f3 de cada una de les propostes i el m\u00e8tode d\u2019inscripci\u00f3 corresponent a totes les activitats d\u2019aquest mes.<br \/>\nUs animem a participar-hi!<\/p>\n","protected":false},"excerpt":{"rendered":"<p>Des de l\u2019Ajuntament de Gav\u00e0 i en col\u00b7laboraci\u00f3 amb el Pla Educatiu d\u2019Entorn ens ofereixen mensualment una proposta d\u2019activitats, tallers i xerrades per infants i fam\u00edlies organitzades des de diferents entitats i equipaments de la ciutat que pensem pot ser del vostre inter\u00e8s. Aquest mes de novembre encara trobareu disponibles les seg\u00fcents activitats: \u25cf 10 [&hellip;]<\/p>\n","protected":false},"author":15,"featured_media":5909,"comment_status":"closed","ping_status":"closed","sticky":false,"template":"","format":"standard","meta":{"_bbp_topic_count":0,"_bbp_reply_count":0,"_bbp_total_topic_count":0,"_bbp_total_reply_count":0,"_bbp_voice_count":0,"_bbp_anonymous_reply_count":0,"_bbp_topic_count_hidden":0,"_bbp_reply_count_hidden":0,"_bbp_forum_subforum_count":0,"site-sidebar-layout":"default","site-content-layout":"","ast-site-content-layout":"","site-content-style":"default","site-sidebar-style":"default","ast-global-header-display":"","ast-banner-title-visibility":"","ast-main-header-display":"","ast-hfb-above-header-display":"","ast-hfb-below-header-display":"","ast-hfb-mobile-header-display":"","site-post-title":"","ast-breadcrumbs-content":"","ast-featured-img":"","footer-sml-layout":"","theme-transparent-header-meta":"","adv-header-id-meta":"","stick-header-meta":"","header-above-stick-meta":"","header-main-stick-meta":"","header-below-stick-meta":"","astra-migrate-meta-layouts":"default","ast-page-background-enabled":"default","ast-page-background-meta":{"desktop":{"background-color":"var(--ast-global-color-4)","background-image":"","background-repeat":"repeat","background-position":"center center","background-size":"auto","background-attachment":"scroll","background-type":"","background-media":"","overlay-type":"","overlay-color":"","overlay-opacity":"","overlay-gradient":""},"tablet":{"background-color":"","background-image":"","background-repeat":"repeat","background-position":"center center","background-size":"auto","background-attachment":"scroll","background-type":"","background-media":"","overlay-type":"","overlay-color":"","overlay-opacity":"","overlay-gradient":""},"mobile":{"background-color":"","background-image":"","background-repeat":"repeat","background-position":"center center","background-size":"auto","background-attachment":"scroll","background-type":"","background-media":"","overlay-type":"","overlay-color":"","overlay-opacity":"","overlay-gradient":""}},"ast-content-background-meta":{"desktop":{"background-color":"var(--ast-global-color-5)","background-image":"","background-repeat":"repeat","background-position":"center center","background-size":"auto","background-attachment":"scroll","background-type":"","background-media":"","overlay-type":"","overlay-color":"","overlay-opacity":"","overlay-gradient":""},"tablet":{"background-color":"var(--ast-global-color-5)","background-image":"","background-repeat":"repeat","background-position":"center center","background-size":"auto","background-attachment":"scroll","background-type":"","background-media":"","overlay-type":"","overlay-color":"","overlay-opacity":"","overlay-gradient":""},"mobile":{"background-color":"var(--ast-global-color-5)","background-image":"","background-repeat":"repeat","background-position":"center center","background-size":"auto","background-attachment":"scroll","background-type":"","background-media":"","overlay-type":"","overlay-color":"","overlay-opacity":"","overlay-gradient":""}},"footnotes":""},"categories":[64,1,75,29],"tags":[642,894,341],"class_list":["post-5908","post","type-post","status-publish","format-standard","has-post-thumbnail","hentry","category-comunitat","category-general","category-pee","category-portada","tag-ajuntament-de-gava","tag-escola-de-families","tag-gava"],"post_mailing_queue_ids":[],"_links":{"self":[{"href":"https:\/\/serveiseducatius.xtec.cat\/baixllobregat2\/wp-json\/wp\/v2\/posts\/5908","targetHints":{"allow":["GET"]}}],"collection":[{"href":"https:\/\/serveiseducatius.xtec.cat\/baixllobregat2\/wp-json\/wp\/v2\/posts"}],"about":[{"href":"https:\/\/serveiseducatius.xtec.cat\/baixllobregat2\/wp-json\/wp\/v2\/types\/post"}],"author":[{"embeddable":true,"href":"https:\/\/serveiseducatius.xtec.cat\/baixllobregat2\/wp-json\/wp\/v2\/users\/15"}],"replies":[{"embeddable":true,"href":"https:\/\/serveiseducatius.xtec.cat\/baixllobregat2\/wp-json\/wp\/v2\/comments?post=5908"}],"version-history":[{"count":6,"href":"https:\/\/serveiseducatius.xtec.cat\/baixllobregat2\/wp-json\/wp\/v2\/posts\/5908\/revisions"}],"predecessor-version":[{"id":5915,"href":"https:\/\/serveiseducatius.xtec.cat\/baixllobregat2\/wp-json\/wp\/v2\/posts\/5908\/revisions\/5915"}],"wp:featuredmedia":[{"embeddable":true,"href":"https:\/\/serveiseducatius.xtec.cat\/baixllobregat2\/wp-json\/wp\/v2\/media\/5909"}],"wp:attachment":[{"href":"https:\/\/serveiseducatius.xtec.cat\/baixllobregat2\/wp-json\/wp\/v2\/media?parent=5908"}],"wp:term":[{"taxonomy":"category","embeddable":true,"href":"https:\/\/serveiseducatius.xtec.cat\/baixllobregat2\/wp-json\/wp\/v2\/categories?post=5908"},{"taxonomy":"post_tag","embeddable":true,"href":"https:\/\/serveiseducatius.xtec.cat\/baixllobregat2\/wp-json\/wp\/v2\/tags?post=5908"}],"curies":[{"name":"wp","href":"https:\/\/api.w.org\/{rel}","templated":true}]}}