{"id":5873,"date":"2023-10-11T09:21:36","date_gmt":"2023-10-11T07:21:36","guid":{"rendered":"https:\/\/serveiseducatius.xtec.cat\/baixllobregat2\/?p=5873"},"modified":"2023-10-11T09:21:36","modified_gmt":"2023-10-11T07:21:36","slug":"premis-al-treballs-de-recerca-de-llengua-i-literatura-catalanes-filcat-ub","status":"publish","type":"post","link":"https:\/\/serveiseducatius.xtec.cat\/baixllobregat2\/general\/premis-al-treballs-de-recerca-de-llengua-i-literatura-catalanes-filcat-ub\/","title":{"rendered":"Premis al Treballs de Recerca de Llengua i literatura catalanes (FilCat.UB)"},"content":{"rendered":"<p>Els Estudis de Filologia Catalana de la Universitat de Barcelona convoquen des del<br \/>\n2014 el <a href=\"https:\/\/www.google.com\/url?sa=D&amp;q=https:\/\/filcat.ub.edu\/bases-del-premi-filcatub-2024&amp;ust=1697094360000000&amp;usg=AOvVaw24BoIw7hZstjZFMQTcaFgu&amp;hl=ca&amp;source=gmail\" target=\"_blank\" rel=\"noopener\">Premi FilCat.UB<\/a> amb l\u2019objectiu de promoure els treballs de recerca de<br \/>\nbatxillerat que tinguin per objecte d\u2019estudi qualsevol aspecte de la llengua i la<br \/>\nliteratura catalanes.<br \/>\nEl premi s\u2019adre\u00e7a als estudiants de segon curs de batxillerat de tots els centres<br \/>\neducatius de les terres de llengua catalana.<\/p>\n<p><strong>Modalitats:<\/strong><br \/>\n\u25cf Treballs de recerca de batxillerat sobre llengua catalana<br \/>\n\u25cf Treballs de recerca de batxillerat sobre literatura catalana<\/p>\n<p>S\u2019hi poden presentar <strong>treballs fets el curs 2023-24<\/strong> o treballs del curs anterior que,<br \/>\nabans del juliol de 2023, hagin rebut la notificaci\u00f3 que seran inclosos en la 9a<br \/>\nconvocat\u00f2ria. No s\u2019hi poden presentar treballs premiats en altres concursos.<br \/>\nLa convocat\u00f2ria s\u2019ha publicat a la <a href=\"https:\/\/seu.ub.edu\/ajutsPublic\/showPublicacion\/446805\" target=\"_blank\" rel=\"noopener\">Seu electr\u00f2nica<\/a> de la UB. El termini de<br \/>\npresentaci\u00f3 dels treballs \u00e9s el <strong>31 de mar\u00e7 del 2024<\/strong>.<\/p>\n<p><strong>Com participar-hi:<\/strong><br \/>\nPer poder optar al premi cal presentar una <strong>sol\u00b7licitud de participaci\u00f3<\/strong>. Quan la<br \/>\nsol\u00b7licitud sigui acceptada, els candidats rebran informaci\u00f3 per correu sobre el<br \/>\nprocediment que han de seguir per al lliurament de la documentaci\u00f3. Cal tenir<br \/>\npresent que, a part d\u2019altres documents, s\u2019haur\u00e0 de presentar una c\u00f2pia en format<br \/>\n.pdf del treball escrit i un v\u00eddeo de 3 minuts on els candidats expliquin els aspectes<br \/>\nessencials del treball (ha de ser un v\u00eddeo senzill, que es pot enregistrar amb el<br \/>\nm\u00f2bil).<br \/>\nTrobareu informaci\u00f3 m\u00e9s detallada a les <a href=\"https:\/\/filcat.ub.edu\/sites\/default\/files\/inline-files\/bases_9_premi_filcatub_2024.pdf\" target=\"_blank\" rel=\"noopener\">bases del premi<\/a>.<\/p>\n<p><strong>Premis<\/strong><\/p>\n<p>\u25cf Premi al millor treball en la categoria de llengua catalana (350\u20ac, diploma i<br \/>\nproductes UB)<br \/>\n\u25cf Premi al millor treball en la categoria de literatura catalana (350\u20ac, diploma i<br \/>\nproductes UB)<br \/>\n\u25cf 2 mencions en la categoria de llengua catalana (val de 100\u20ac per a la<br \/>\ncompra de llibres, diploma i productes UB)<br \/>\n\u25cf 2 mencions en la categoria de literatura catalana (val de 100\u20ac per a la<br \/>\ncompra de llibres, diploma i productes UB)<\/p>\n<p>En cas que el treball sigui col\u00b7lectiu, el premi es repartir\u00e0 entre els autors.<\/p>\n<p><strong>Jurat<\/strong><br \/>\nEl jurat que avaluar\u00e0 els treballs estar\u00e0 compost pels coordinadors del premi<br \/>\nFilCat.UB, dos professors de la Secci\u00f3 de Ling\u00fc\u00edstica Catalana del Departament de<br \/>\nFilologia Catalana i Ling\u00fc\u00edstica General de la Universitat de Barcelona, dos<br \/>\nprofessors de la Secci\u00f3 de Literatura Catalana i dos professors d\u2019ensenyament<br \/>\nsecundari i batxillerat.<\/p>\n","protected":false},"excerpt":{"rendered":"<p>Els Estudis de Filologia Catalana de la Universitat de Barcelona convoquen des del 2014 el Premi FilCat.UB amb l\u2019objectiu de promoure els treballs de recerca de batxillerat que tinguin per objecte d\u2019estudi qualsevol aspecte de la llengua i la literatura catalanes. El premi s\u2019adre\u00e7a als estudiants de segon curs de batxillerat de tots els centres [&hellip;]<\/p>\n","protected":false},"author":15,"featured_media":0,"comment_status":"closed","ping_status":"closed","sticky":false,"template":"","format":"standard","meta":{"_bbp_topic_count":0,"_bbp_reply_count":0,"_bbp_total_topic_count":0,"_bbp_total_reply_count":0,"_bbp_voice_count":0,"_bbp_anonymous_reply_count":0,"_bbp_topic_count_hidden":0,"_bbp_reply_count_hidden":0,"_bbp_forum_subforum_count":0,"site-sidebar-layout":"default","site-content-layout":"","ast-site-content-layout":"","site-content-style":"default","site-sidebar-style":"default","ast-global-header-display":"","ast-banner-title-visibility":"","ast-main-header-display":"","ast-hfb-above-header-display":"","ast-hfb-below-header-display":"","ast-hfb-mobile-header-display":"","site-post-title":"","ast-breadcrumbs-content":"","ast-featured-img":"","footer-sml-layout":"","theme-transparent-header-meta":"","adv-header-id-meta":"","stick-header-meta":"","header-above-stick-meta":"","header-main-stick-meta":"","header-below-stick-meta":"","astra-migrate-meta-layouts":"default","ast-page-background-enabled":"default","ast-page-background-meta":{"desktop":{"background-color":"var(--ast-global-color-4)","background-image":"","background-repeat":"repeat","background-position":"center center","background-size":"auto","background-attachment":"scroll","background-type":"","background-media":"","overlay-type":"","overlay-color":"","overlay-opacity":"","overlay-gradient":""},"tablet":{"background-color":"","background-image":"","background-repeat":"repeat","background-position":"center center","background-size":"auto","background-attachment":"scroll","background-type":"","background-media":"","overlay-type":"","overlay-color":"","overlay-opacity":"","overlay-gradient":""},"mobile":{"background-color":"","background-image":"","background-repeat":"repeat","background-position":"center center","background-size":"auto","background-attachment":"scroll","background-type":"","background-media":"","overlay-type":"","overlay-color":"","overlay-opacity":"","overlay-gradient":""}},"ast-content-background-meta":{"desktop":{"background-color":"var(--ast-global-color-5)","background-image":"","background-repeat":"repeat","background-position":"center center","background-size":"auto","background-attachment":"scroll","background-type":"","background-media":"","overlay-type":"","overlay-color":"","overlay-opacity":"","overlay-gradient":""},"tablet":{"background-color":"var(--ast-global-color-5)","background-image":"","background-repeat":"repeat","background-position":"center center","background-size":"auto","background-attachment":"scroll","background-type":"","background-media":"","overlay-type":"","overlay-color":"","overlay-opacity":"","overlay-gradient":""},"mobile":{"background-color":"var(--ast-global-color-5)","background-image":"","background-repeat":"repeat","background-position":"center center","background-size":"auto","background-attachment":"scroll","background-type":"","background-media":"","overlay-type":"","overlay-color":"","overlay-opacity":"","overlay-gradient":""}},"footnotes":""},"categories":[70,1,29],"tags":[523,524,807,340,343,791],"class_list":["post-5873","post","type-post","status-publish","format-standard","hentry","category-forum-treballs-de-recerca","category-general","category-portada","tag-crp","tag-crp-baix-llobregat-ii","tag-forum-de-treballs-de-recerca","tag-premis","tag-premis-batxillerat","tag-ub"],"post_mailing_queue_ids":[],"_links":{"self":[{"href":"https:\/\/serveiseducatius.xtec.cat\/baixllobregat2\/wp-json\/wp\/v2\/posts\/5873","targetHints":{"allow":["GET"]}}],"collection":[{"href":"https:\/\/serveiseducatius.xtec.cat\/baixllobregat2\/wp-json\/wp\/v2\/posts"}],"about":[{"href":"https:\/\/serveiseducatius.xtec.cat\/baixllobregat2\/wp-json\/wp\/v2\/types\/post"}],"author":[{"embeddable":true,"href":"https:\/\/serveiseducatius.xtec.cat\/baixllobregat2\/wp-json\/wp\/v2\/users\/15"}],"replies":[{"embeddable":true,"href":"https:\/\/serveiseducatius.xtec.cat\/baixllobregat2\/wp-json\/wp\/v2\/comments?post=5873"}],"version-history":[{"count":1,"href":"https:\/\/serveiseducatius.xtec.cat\/baixllobregat2\/wp-json\/wp\/v2\/posts\/5873\/revisions"}],"predecessor-version":[{"id":5874,"href":"https:\/\/serveiseducatius.xtec.cat\/baixllobregat2\/wp-json\/wp\/v2\/posts\/5873\/revisions\/5874"}],"wp:attachment":[{"href":"https:\/\/serveiseducatius.xtec.cat\/baixllobregat2\/wp-json\/wp\/v2\/media?parent=5873"}],"wp:term":[{"taxonomy":"category","embeddable":true,"href":"https:\/\/serveiseducatius.xtec.cat\/baixllobregat2\/wp-json\/wp\/v2\/categories?post=5873"},{"taxonomy":"post_tag","embeddable":true,"href":"https:\/\/serveiseducatius.xtec.cat\/baixllobregat2\/wp-json\/wp\/v2\/tags?post=5873"}],"curies":[{"name":"wp","href":"https:\/\/api.w.org\/{rel}","templated":true}]}}