{"id":5757,"date":"2023-04-26T13:53:31","date_gmt":"2023-04-26T11:53:31","guid":{"rendered":"https:\/\/serveiseducatius.xtec.cat\/baixllobregat2\/?p=5757"},"modified":"2023-04-26T13:53:56","modified_gmt":"2023-04-26T11:53:56","slug":"cicle-de-xerrades-sobre-el-servei-comunitari","status":"publish","type":"post","link":"https:\/\/serveiseducatius.xtec.cat\/baixllobregat2\/general\/cicle-de-xerrades-sobre-el-servei-comunitari\/","title":{"rendered":"Cicle de Xerrades sobre el Servei Comunitari"},"content":{"rendered":"<p>Com sabeu, els municipis amb Pla educatiu d&#8217;entorn tenen constitu\u00eft un grup\u00a0de\u00a0treball\u00a0de\u00a0Servei comunitari que t\u00e9 com a objectiu coordinar, dinamitzar i impulsar aquesta acci\u00f3 en el municipi.<\/p>\n<p>El SC requereix d&#8217;una actualitzaci\u00f3 constant dels agents implicats, motiu pel qual, des\u00a0del\u00a0Departament d&#8217;Educaci\u00f3 s&#8217;organitzen accions formatives (cursos, jornades, xerrades&#8230;). En aquest cas la proposta formativa \u00e9s un\u00a0<u>cicle\u00a0de\u00a0xerrades<\/u>\u00a0que es duran a terme entre el\u00a0<u>2\u00a0de\u00a0maig i el 30\u00a0de\u00a0maig<\/u>\u00a0(adjuntem programa).<\/p>\n<p><span dir=\"ltr\">Si \u00e9s\u00a0del\u00a0vostre inter\u00e8s us podeu inscriure a trav\u00e9s\u00a0de\u00a0l&#8217;<a href=\"https:\/\/aplicacions.gestioeducativa.gencat.cat\/pls\/soloas\/pk_for_mod_ins.p_for_detall_activitat?p_codi=9000230541&amp;p_curs=2022-2023&amp;p_es_inscr=S\" target=\"_blank\" rel=\"noopener\">enlla\u00e7<\/a>. La certificaci\u00f3 nom\u00e9s es far\u00e0 si s&#8217;assisteix a tot el cicle de xerrades.<\/span><\/p>\n<div><\/div>\n<p><iframe style=\"width: 80%; height: 1100px; border: none;\" src=\"https:\/\/serveiseducatius.xtec.cat\/baixllobregat2\/wp-content\/uploads\/usu760\/2023\/04\/Formacio-Servei-Comunitari_2023-10-1.pdf\"><span data-mce-type=\"bookmark\" style=\"display: inline-block; width: 0px; overflow: hidden; line-height: 0;\" class=\"mce_SELRES_start\">\ufeff<\/span><span data-mce-type=\"bookmark\" style=\"display: inline-block; width: 0px; overflow: hidden; line-height: 0;\" class=\"mce_SELRES_start\">\ufeff<\/span><span data-mce-type=\"bookmark\" style=\"display: inline-block; width: 0px; overflow: hidden; line-height: 0;\" class=\"mce_SELRES_start\">\ufeff<\/span><span data-mce-type=\"bookmark\" style=\"display: inline-block; width: 0px; overflow: hidden; line-height: 0;\" class=\"mce_SELRES_start\">\ufeff<\/span><span data-mce-type=\"bookmark\" style=\"display: inline-block; width: 0px; overflow: hidden; line-height: 0;\" class=\"mce_SELRES_start\">\ufeff<\/span><span data-mce-type=\"bookmark\" style=\"display: inline-block; width: 0px; overflow: hidden; line-height: 0;\" class=\"mce_SELRES_start\">\ufeff<\/span><span data-mce-type=\"bookmark\" style=\"display: inline-block; width: 0px; overflow: hidden; line-height: 0;\" class=\"mce_SELRES_start\">\ufeff<\/span><span data-mce-type=\"bookmark\" style=\"display: inline-block; width: 0px; overflow: hidden; line-height: 0;\" class=\"mce_SELRES_start\">\ufeff<\/span><\/iframe><\/p>\n","protected":false},"excerpt":{"rendered":"<p>Com sabeu, els municipis amb Pla educatiu d&#8217;entorn tenen constitu\u00eft un grup\u00a0de\u00a0treball\u00a0de\u00a0Servei comunitari que t\u00e9 com a objectiu coordinar, dinamitzar i impulsar aquesta acci\u00f3 en el municipi. El SC requereix d&#8217;una actualitzaci\u00f3 constant dels agents implicats, motiu pel qual, des\u00a0del\u00a0Departament d&#8217;Educaci\u00f3 s&#8217;organitzen accions formatives (cursos, jornades, xerrades&#8230;). En aquest cas la proposta formativa \u00e9s un\u00a0cicle\u00a0de\u00a0xerrades\u00a0que [&hellip;]<\/p>\n","protected":false},"author":15,"featured_media":0,"comment_status":"closed","ping_status":"closed","sticky":false,"template":"","format":"standard","meta":{"_bbp_topic_count":0,"_bbp_reply_count":0,"_bbp_total_topic_count":0,"_bbp_total_reply_count":0,"_bbp_voice_count":0,"_bbp_anonymous_reply_count":0,"_bbp_topic_count_hidden":0,"_bbp_reply_count_hidden":0,"_bbp_forum_subforum_count":0,"site-sidebar-layout":"default","site-content-layout":"","ast-site-content-layout":"","site-content-style":"default","site-sidebar-style":"default","ast-global-header-display":"","ast-banner-title-visibility":"","ast-main-header-display":"","ast-hfb-above-header-display":"","ast-hfb-below-header-display":"","ast-hfb-mobile-header-display":"","site-post-title":"","ast-breadcrumbs-content":"","ast-featured-img":"","footer-sml-layout":"","theme-transparent-header-meta":"","adv-header-id-meta":"","stick-header-meta":"","header-above-stick-meta":"","header-main-stick-meta":"","header-below-stick-meta":"","astra-migrate-meta-layouts":"default","ast-page-background-enabled":"default","ast-page-background-meta":{"desktop":{"background-color":"var(--ast-global-color-4)","background-image":"","background-repeat":"repeat","background-position":"center center","background-size":"auto","background-attachment":"scroll","background-type":"","background-media":"","overlay-type":"","overlay-color":"","overlay-opacity":"","overlay-gradient":""},"tablet":{"background-color":"","background-image":"","background-repeat":"repeat","background-position":"center center","background-size":"auto","background-attachment":"scroll","background-type":"","background-media":"","overlay-type":"","overlay-color":"","overlay-opacity":"","overlay-gradient":""},"mobile":{"background-color":"","background-image":"","background-repeat":"repeat","background-position":"center center","background-size":"auto","background-attachment":"scroll","background-type":"","background-media":"","overlay-type":"","overlay-color":"","overlay-opacity":"","overlay-gradient":""}},"ast-content-background-meta":{"desktop":{"background-color":"var(--ast-global-color-5)","background-image":"","background-repeat":"repeat","background-position":"center center","background-size":"auto","background-attachment":"scroll","background-type":"","background-media":"","overlay-type":"","overlay-color":"","overlay-opacity":"","overlay-gradient":""},"tablet":{"background-color":"var(--ast-global-color-5)","background-image":"","background-repeat":"repeat","background-position":"center center","background-size":"auto","background-attachment":"scroll","background-type":"","background-media":"","overlay-type":"","overlay-color":"","overlay-opacity":"","overlay-gradient":""},"mobile":{"background-color":"var(--ast-global-color-5)","background-image":"","background-repeat":"repeat","background-position":"center center","background-size":"auto","background-attachment":"scroll","background-type":"","background-media":"","overlay-type":"","overlay-color":"","overlay-opacity":"","overlay-gradient":""}},"footnotes":""},"categories":[1,29,77],"tags":[485,523,161,111],"class_list":["post-5757","post","type-post","status-publish","format-standard","hentry","category-general","category-portada","category-servei-comunitari","tag-conferencies","tag-crp","tag-formacio","tag-servei-comunitari"],"post_mailing_queue_ids":[],"_links":{"self":[{"href":"https:\/\/serveiseducatius.xtec.cat\/baixllobregat2\/wp-json\/wp\/v2\/posts\/5757","targetHints":{"allow":["GET"]}}],"collection":[{"href":"https:\/\/serveiseducatius.xtec.cat\/baixllobregat2\/wp-json\/wp\/v2\/posts"}],"about":[{"href":"https:\/\/serveiseducatius.xtec.cat\/baixllobregat2\/wp-json\/wp\/v2\/types\/post"}],"author":[{"embeddable":true,"href":"https:\/\/serveiseducatius.xtec.cat\/baixllobregat2\/wp-json\/wp\/v2\/users\/15"}],"replies":[{"embeddable":true,"href":"https:\/\/serveiseducatius.xtec.cat\/baixllobregat2\/wp-json\/wp\/v2\/comments?post=5757"}],"version-history":[{"count":3,"href":"https:\/\/serveiseducatius.xtec.cat\/baixllobregat2\/wp-json\/wp\/v2\/posts\/5757\/revisions"}],"predecessor-version":[{"id":5761,"href":"https:\/\/serveiseducatius.xtec.cat\/baixllobregat2\/wp-json\/wp\/v2\/posts\/5757\/revisions\/5761"}],"wp:attachment":[{"href":"https:\/\/serveiseducatius.xtec.cat\/baixllobregat2\/wp-json\/wp\/v2\/media?parent=5757"}],"wp:term":[{"taxonomy":"category","embeddable":true,"href":"https:\/\/serveiseducatius.xtec.cat\/baixllobregat2\/wp-json\/wp\/v2\/categories?post=5757"},{"taxonomy":"post_tag","embeddable":true,"href":"https:\/\/serveiseducatius.xtec.cat\/baixllobregat2\/wp-json\/wp\/v2\/tags?post=5757"}],"curies":[{"name":"wp","href":"https:\/\/api.w.org\/{rel}","templated":true}]}}