{"id":5557,"date":"2023-01-12T09:03:10","date_gmt":"2023-01-12T08:03:10","guid":{"rendered":"https:\/\/serveiseducatius.xtec.cat\/baixllobregat2\/?p=5557"},"modified":"2023-01-12T09:03:10","modified_gmt":"2023-01-12T08:03:10","slug":"convocatoria-a-gava-de-subvencions-per-a-la-igualtat-doportunitats-i-la-millora-educativa-2023","status":"publish","type":"post","link":"https:\/\/serveiseducatius.xtec.cat\/baixllobregat2\/general\/convocatoria-a-gava-de-subvencions-per-a-la-igualtat-doportunitats-i-la-millora-educativa-2023\/","title":{"rendered":"Convocat\u00f2ria a Gav\u00e0 de SUBVENCIONS PER A LA IGUALTAT D&#8217;OPORTUNITATS I LA MILLORA EDUCATIVA 2023"},"content":{"rendered":"<p>Us informem que l\u2019A<strong>juntament de Gav\u00e0<\/strong>, amb la voluntat de recolzar i donar empenta a la igualtat d\u2019oportunitats dels infants i joves de la ciutat, i tamb\u00e9 a la millora educativa dels centres educatius de la ciutat, impulsa diferents programes adre\u00e7ats a tot el col\u00b7lectiu escolar i, priorit\u00e0riament, a l\u2019alumnat amb necessitats educatives especifiques.<\/p>\n<p>Aquests programes, on el beneficiari final \u00e9s l\u2019infant, es despleguen en 5 l\u00ednies de subvencions:<\/p>\n<p>L\u00cdNIA 1: SOCIALITZACI\u00d3 I REUTILITZACI\u00d3 LLIBRES<br \/>\nL\u00cdNIA 2: SUPORT TECNOL\u00d2GIC<br \/>\nL\u00cdNIA 3: INNOVACI\u00d3 EDUCATIVA<br \/>\nL\u00cdNIA 4: SUPORT ALS CENTRES AMB SIEI<br \/>\nL\u00cdNIA 5: PROJECTES 360<\/p>\n<p>Es podr\u00e0 sol\u00b7licitar des d&#8217;avui fins el 15 de febrer (data m\u00e0xima).<\/p>\n<p>Podeu trobar tota la informaci\u00f3 en el seg\u00fcent <a href=\"https:\/\/eseu.gava.cat\/sta\/CarpetaPublic\/Public?APP_CODE=STA&amp;PAGE_CODE=CATALOGO&amp;DETALLE=6269000024152110807713&amp;lang=ca\">enlla\u00e7<\/a> web.<\/p>\n<p>S&#8217;ha organitzat una jornada formativa presencial del<strong> dilluns 16 de gener<\/strong>, a les <strong>17.30 h<\/strong>, a la sala de la biblioteca JSV. \u00c9s important l&#8217;assist\u00e8ncia (representaci\u00f3) dels centres educatius i AFA&#8217;s, ja que s&#8217;explicar\u00e0 la gesti\u00f3 telem\u00e0tica, dubtes sobre la documentaci\u00f3 que es requereix, s&#8217;atendran les vostres consultes i es podr\u00e0 donar resposta a les vostres q\u00fcestions.<\/p>\n<p>&nbsp;<\/p>\n","protected":false},"excerpt":{"rendered":"<p>Us informem que l\u2019Ajuntament de Gav\u00e0, amb la voluntat de recolzar i donar empenta a la igualtat d\u2019oportunitats dels infants i joves de la ciutat, i tamb\u00e9 a la millora educativa dels centres educatius de la ciutat, impulsa diferents programes adre\u00e7ats a tot el col\u00b7lectiu escolar i, priorit\u00e0riament, a l\u2019alumnat amb necessitats educatives especifiques. Aquests [&hellip;]<\/p>\n","protected":false},"author":15,"featured_media":0,"comment_status":"closed","ping_status":"closed","sticky":false,"template":"","format":"standard","meta":{"_bbp_topic_count":0,"_bbp_reply_count":0,"_bbp_total_topic_count":0,"_bbp_total_reply_count":0,"_bbp_voice_count":0,"_bbp_anonymous_reply_count":0,"_bbp_topic_count_hidden":0,"_bbp_reply_count_hidden":0,"_bbp_forum_subforum_count":0,"site-sidebar-layout":"default","site-content-layout":"","ast-site-content-layout":"","site-content-style":"default","site-sidebar-style":"default","ast-global-header-display":"","ast-banner-title-visibility":"","ast-main-header-display":"","ast-hfb-above-header-display":"","ast-hfb-below-header-display":"","ast-hfb-mobile-header-display":"","site-post-title":"","ast-breadcrumbs-content":"","ast-featured-img":"","footer-sml-layout":"","theme-transparent-header-meta":"","adv-header-id-meta":"","stick-header-meta":"","header-above-stick-meta":"","header-main-stick-meta":"","header-below-stick-meta":"","astra-migrate-meta-layouts":"default","ast-page-background-enabled":"default","ast-page-background-meta":{"desktop":{"background-color":"var(--ast-global-color-4)","background-image":"","background-repeat":"repeat","background-position":"center center","background-size":"auto","background-attachment":"scroll","background-type":"","background-media":"","overlay-type":"","overlay-color":"","overlay-opacity":"","overlay-gradient":""},"tablet":{"background-color":"","background-image":"","background-repeat":"repeat","background-position":"center center","background-size":"auto","background-attachment":"scroll","background-type":"","background-media":"","overlay-type":"","overlay-color":"","overlay-opacity":"","overlay-gradient":""},"mobile":{"background-color":"","background-image":"","background-repeat":"repeat","background-position":"center center","background-size":"auto","background-attachment":"scroll","background-type":"","background-media":"","overlay-type":"","overlay-color":"","overlay-opacity":"","overlay-gradient":""}},"ast-content-background-meta":{"desktop":{"background-color":"var(--ast-global-color-5)","background-image":"","background-repeat":"repeat","background-position":"center center","background-size":"auto","background-attachment":"scroll","background-type":"","background-media":"","overlay-type":"","overlay-color":"","overlay-opacity":"","overlay-gradient":""},"tablet":{"background-color":"var(--ast-global-color-5)","background-image":"","background-repeat":"repeat","background-position":"center center","background-size":"auto","background-attachment":"scroll","background-type":"","background-media":"","overlay-type":"","overlay-color":"","overlay-opacity":"","overlay-gradient":""},"mobile":{"background-color":"var(--ast-global-color-5)","background-image":"","background-repeat":"repeat","background-position":"center center","background-size":"auto","background-attachment":"scroll","background-type":"","background-media":"","overlay-type":"","overlay-color":"","overlay-opacity":"","overlay-gradient":""}},"footnotes":""},"categories":[1,29],"tags":[],"class_list":["post-5557","post","type-post","status-publish","format-standard","hentry","category-general","category-portada"],"post_mailing_queue_ids":[],"_links":{"self":[{"href":"https:\/\/serveiseducatius.xtec.cat\/baixllobregat2\/wp-json\/wp\/v2\/posts\/5557","targetHints":{"allow":["GET"]}}],"collection":[{"href":"https:\/\/serveiseducatius.xtec.cat\/baixllobregat2\/wp-json\/wp\/v2\/posts"}],"about":[{"href":"https:\/\/serveiseducatius.xtec.cat\/baixllobregat2\/wp-json\/wp\/v2\/types\/post"}],"author":[{"embeddable":true,"href":"https:\/\/serveiseducatius.xtec.cat\/baixllobregat2\/wp-json\/wp\/v2\/users\/15"}],"replies":[{"embeddable":true,"href":"https:\/\/serveiseducatius.xtec.cat\/baixllobregat2\/wp-json\/wp\/v2\/comments?post=5557"}],"version-history":[{"count":1,"href":"https:\/\/serveiseducatius.xtec.cat\/baixllobregat2\/wp-json\/wp\/v2\/posts\/5557\/revisions"}],"predecessor-version":[{"id":5558,"href":"https:\/\/serveiseducatius.xtec.cat\/baixllobregat2\/wp-json\/wp\/v2\/posts\/5557\/revisions\/5558"}],"wp:attachment":[{"href":"https:\/\/serveiseducatius.xtec.cat\/baixllobregat2\/wp-json\/wp\/v2\/media?parent=5557"}],"wp:term":[{"taxonomy":"category","embeddable":true,"href":"https:\/\/serveiseducatius.xtec.cat\/baixllobregat2\/wp-json\/wp\/v2\/categories?post=5557"},{"taxonomy":"post_tag","embeddable":true,"href":"https:\/\/serveiseducatius.xtec.cat\/baixllobregat2\/wp-json\/wp\/v2\/tags?post=5557"}],"curies":[{"name":"wp","href":"https:\/\/api.w.org\/{rel}","templated":true}]}}