{"id":5518,"date":"2022-11-16T14:02:30","date_gmt":"2022-11-16T13:02:30","guid":{"rendered":"https:\/\/serveiseducatius.xtec.cat\/baixllobregat2\/?p=5518"},"modified":"2022-11-16T14:02:30","modified_gmt":"2022-11-16T13:02:30","slug":"tallers-per-a-escoles-i-instituts-per-tal-de-mostrar-un-vessant-ludic-de-la-llengua-catalana-i-fomentar-ne-lus","status":"publish","type":"post","link":"https:\/\/serveiseducatius.xtec.cat\/baixllobregat2\/general\/tallers-per-a-escoles-i-instituts-per-tal-de-mostrar-un-vessant-ludic-de-la-llengua-catalana-i-fomentar-ne-lus\/","title":{"rendered":"Tallers per a escoles i instituts per tal de mostrar un vessant l\u00fadic de la llengua catalana i fomentar-ne l&#8217;\u00fas"},"content":{"rendered":"<p style=\"font-weight: 400;\"><img loading=\"lazy\" decoding=\"async\" class=\" wp-image-5524 alignleft\" src=\"https:\/\/serveiseducatius.xtec.cat\/baixllobregat2\/wp-content\/uploads\/usu760\/2022\/11\/notexcusis.png\" alt=\"\" width=\"274\" height=\"152\" srcset=\"https:\/\/serveiseducatius.xtec.cat\/baixllobregat2\/wp-content\/uploads\/usu760\/2022\/11\/notexcusis.png 571w, https:\/\/serveiseducatius.xtec.cat\/baixllobregat2\/wp-content\/uploads\/usu760\/2022\/11\/notexcusis-300x167.png 300w\" sizes=\"auto, (max-width: 274px) 100vw, 274px\" \/>Per tal de mobilitzar l&#8217;\u00fas de la llengua catalana als centres educatius com una de les principals pol\u00edtiques educatives de pa\u00eds, Plataforma per la Llengua ofereix tallers per a escoles i instituts per tal de mostrar un vessant l\u00fadic de la llengua catalana i fomentar-ne l&#8217;\u00fas. Tots estan plantejats amb una durada de 2 hores i per grups de 30 alumnes. En podreu trobar de <a href=\"https:\/\/youtu.be\/PB2zUDQgMKU\" data-saferedirecturl=\"https:\/\/www.google.com\/url?q=https:\/\/youtu.be\/PB2zUDQgMKU&amp;source=gmail&amp;ust=1668682380344000&amp;usg=AOvVaw38pNS7flbRASmxiXEa_8h6\">rap<\/a>\u00a0(diferents modalitats), de\u00a0<a href=\"https:\/\/youtu.be\/99NDrUKeypA\" data-saferedirecturl=\"https:\/\/www.google.com\/url?q=https:\/\/youtu.be\/99NDrUKeypA&amp;source=gmail&amp;ust=1668682380344000&amp;usg=AOvVaw2ORa1NkHxQ7XoVsyh9z7Pw\">teatre<\/a>, de\u00a0<a href=\"https:\/\/youtu.be\/llkDbkg6JYM\" data-saferedirecturl=\"https:\/\/www.google.com\/url?q=https:\/\/youtu.be\/llkDbkg6JYM&amp;source=gmail&amp;ust=1668682380344000&amp;usg=AOvVaw0tOAfU-LEQIhvWixBBYki9\">glosa<\/a>\u00a0(amb possibilitat d\u2019afegir-hi tamb\u00e9, la rumba), de\u00a0<a href=\"https:\/\/youtu.be\/Ti4xJ6B4OsA\" data-saferedirecturl=\"https:\/\/www.google.com\/url?q=https:\/\/youtu.be\/Ti4xJ6B4OsA&amp;source=gmail&amp;ust=1668682380344000&amp;usg=AOvVaw3zAgYkuokLknKhEIsOKLkN\">xarxes socials<\/a>\u00a0(amb influenciadors reconeguts), de\u00a0<a href=\"https:\/\/youtu.be\/7l4ZC3g-hEA\" data-saferedirecturl=\"https:\/\/www.google.com\/url?q=https:\/\/youtu.be\/7l4ZC3g-hEA&amp;source=gmail&amp;ust=1668682380344000&amp;usg=AOvVaw3n1cY8umCAsSlUBP0rNFJo\">creaci\u00f3 de mems<\/a>, de\u00a0<a href=\"https:\/\/youtu.be\/t_S8ZjlrJkc\" data-saferedirecturl=\"https:\/\/www.google.com\/url?q=https:\/\/youtu.be\/t_S8ZjlrJkc&amp;source=gmail&amp;ust=1668682380344000&amp;usg=AOvVaw1-JhyOnT6U0SvFQ-tLuHH2\">diversitat ling\u00fc\u00edstica<\/a>\u00a0(que es pot complementar amb una\u00a0<a href=\"https:\/\/www.plataforma-llengua.cat\/proposta-didactica-diversitat-linguistica\/\" data-saferedirecturl=\"https:\/\/www.google.com\/url?q=https:\/\/www.plataforma-llengua.cat\/proposta-didactica-diversitat-linguistica\/&amp;source=gmail&amp;ust=1668682380344000&amp;usg=AOvVaw33m-O7avQsghMaiaxQtnXh\">proposta did\u00e0ctica<\/a>\u00a0per treballar a l&#8217;aula), i alguns m\u00e9s. El cat\u00e0leg est\u00e0 en constant renovaci\u00f3, podeu consultar-lo\u00a0<a href=\"https:\/\/plataforma-llengua.cat\/media\/upload\/arxius\/ambits-treball\/Arrelament\/Cat%C3%A0leg%20tallers%20per%20a%20joves%20-%20Plataforma%20per%20la%20Llengua.pdf\" data-saferedirecturl=\"https:\/\/www.google.com\/url?q=https:\/\/plataforma-llengua.cat\/media\/upload\/arxius\/ambits-treball\/Arrelament\/Cat%25C3%25A0leg%2520tallers%2520per%2520a%2520joves%2520-%2520Plataforma%2520per%2520la%2520Llengua.pdf&amp;source=gmail&amp;ust=1668682380344000&amp;usg=AOvVaw0o4ryJj6zxWkNPA1-qJufs\">aqu\u00ed<\/a>.<\/p>\n<p style=\"font-weight: 400;\">Per resoldre dubtes o contractar-ne algun podeu escriure a\u00a0<a href=\"mailto:tallers@plataforma-llengua.cat\">tallers@plataforma-llengua.cat<\/a><\/p>\n<p><iframe style=\"width: 80%; height: 640px; border: none;\" src=\"https:\/\/plataforma-llengua.cat\/media\/upload\/arxius\/ambits-treball\/Arrelament\/Cat%C3%A0leg%20tallers%20per%20a%20joves%20-%20Plataforma%20per%20la%20Llengua.pdf\"><span data-mce-type=\"bookmark\" style=\"display: inline-block; width: 0px; overflow: hidden; line-height: 0;\" class=\"mce_SELRES_start\">\ufeff<\/span><span data-mce-type=\"bookmark\" style=\"display: inline-block; width: 0px; overflow: hidden; line-height: 0;\" class=\"mce_SELRES_start\">\ufeff<\/span><span data-mce-type=\"bookmark\" style=\"display: inline-block; width: 0px; overflow: hidden; line-height: 0;\" class=\"mce_SELRES_start\">\ufeff<\/span><span data-mce-type=\"bookmark\" style=\"display: inline-block; width: 0px; overflow: hidden; line-height: 0;\" class=\"mce_SELRES_start\">\ufeff<\/span><span data-mce-type=\"bookmark\" style=\"display: inline-block; width: 0px; overflow: hidden; line-height: 0;\" class=\"mce_SELRES_start\">\ufeff<\/span><span data-mce-type=\"bookmark\" style=\"display: inline-block; width: 0px; overflow: hidden; line-height: 0;\" class=\"mce_SELRES_start\">\ufeff<\/span><span data-mce-type=\"bookmark\" style=\"display: inline-block; width: 0px; overflow: hidden; line-height: 0;\" class=\"mce_SELRES_start\">\ufeff<\/span><span data-mce-type=\"bookmark\" style=\"display: inline-block; width: 0px; overflow: hidden; line-height: 0;\" class=\"mce_SELRES_start\">\ufeff<\/span><span data-mce-type=\"bookmark\" style=\"display: inline-block; width: 0px; overflow: hidden; line-height: 0;\" class=\"mce_SELRES_start\">\ufeff<\/span><span data-mce-type=\"bookmark\" style=\"display: inline-block; width: 0px; overflow: hidden; line-height: 0;\" class=\"mce_SELRES_start\">\ufeff<\/span><span data-mce-type=\"bookmark\" style=\"display: inline-block; width: 0px; overflow: hidden; line-height: 0;\" class=\"mce_SELRES_start\">\ufeff<\/span><\/iframe><\/p>\n","protected":false},"excerpt":{"rendered":"<p>Per tal de mobilitzar l&#8217;\u00fas de la llengua catalana als centres educatius com una de les principals pol\u00edtiques educatives de pa\u00eds, Plataforma per la Llengua ofereix tallers per a escoles i instituts per tal de mostrar un vessant l\u00fadic de la llengua catalana i fomentar-ne l&#8217;\u00fas. Tots estan plantejats amb una durada de 2 hores [&hellip;]<\/p>\n","protected":false},"author":15,"featured_media":5524,"comment_status":"closed","ping_status":"closed","sticky":false,"template":"","format":"standard","meta":{"_bbp_topic_count":0,"_bbp_reply_count":0,"_bbp_total_topic_count":0,"_bbp_total_reply_count":0,"_bbp_voice_count":0,"_bbp_anonymous_reply_count":0,"_bbp_topic_count_hidden":0,"_bbp_reply_count_hidden":0,"_bbp_forum_subforum_count":0,"site-sidebar-layout":"default","site-content-layout":"","ast-site-content-layout":"","site-content-style":"default","site-sidebar-style":"default","ast-global-header-display":"","ast-banner-title-visibility":"","ast-main-header-display":"","ast-hfb-above-header-display":"","ast-hfb-below-header-display":"","ast-hfb-mobile-header-display":"","site-post-title":"","ast-breadcrumbs-content":"","ast-featured-img":"","footer-sml-layout":"","theme-transparent-header-meta":"","adv-header-id-meta":"","stick-header-meta":"","header-above-stick-meta":"","header-main-stick-meta":"","header-below-stick-meta":"","astra-migrate-meta-layouts":"default","ast-page-background-enabled":"default","ast-page-background-meta":{"desktop":{"background-color":"var(--ast-global-color-4)","background-image":"","background-repeat":"repeat","background-position":"center center","background-size":"auto","background-attachment":"scroll","background-type":"","background-media":"","overlay-type":"","overlay-color":"","overlay-opacity":"","overlay-gradient":""},"tablet":{"background-color":"","background-image":"","background-repeat":"repeat","background-position":"center center","background-size":"auto","background-attachment":"scroll","background-type":"","background-media":"","overlay-type":"","overlay-color":"","overlay-opacity":"","overlay-gradient":""},"mobile":{"background-color":"","background-image":"","background-repeat":"repeat","background-position":"center center","background-size":"auto","background-attachment":"scroll","background-type":"","background-media":"","overlay-type":"","overlay-color":"","overlay-opacity":"","overlay-gradient":""}},"ast-content-background-meta":{"desktop":{"background-color":"var(--ast-global-color-5)","background-image":"","background-repeat":"repeat","background-position":"center center","background-size":"auto","background-attachment":"scroll","background-type":"","background-media":"","overlay-type":"","overlay-color":"","overlay-opacity":"","overlay-gradient":""},"tablet":{"background-color":"var(--ast-global-color-5)","background-image":"","background-repeat":"repeat","background-position":"center center","background-size":"auto","background-attachment":"scroll","background-type":"","background-media":"","overlay-type":"","overlay-color":"","overlay-opacity":"","overlay-gradient":""},"mobile":{"background-color":"var(--ast-global-color-5)","background-image":"","background-repeat":"repeat","background-position":"center center","background-size":"auto","background-attachment":"scroll","background-type":"","background-media":"","overlay-type":"","overlay-color":"","overlay-opacity":"","overlay-gradient":""}},"footnotes":""},"categories":[68,1,29],"tags":[831,523,524,371,235,832],"class_list":["post-5518","post","type-post","status-publish","format-standard","has-post-thumbnail","hentry","category-elic","category-general","category-portada","tag-catala","tag-crp","tag-crp-baix-llobregat-ii","tag-dinamitzacio","tag-llengues","tag-plataforma-per-la-llengua"],"post_mailing_queue_ids":[],"_links":{"self":[{"href":"https:\/\/serveiseducatius.xtec.cat\/baixllobregat2\/wp-json\/wp\/v2\/posts\/5518","targetHints":{"allow":["GET"]}}],"collection":[{"href":"https:\/\/serveiseducatius.xtec.cat\/baixllobregat2\/wp-json\/wp\/v2\/posts"}],"about":[{"href":"https:\/\/serveiseducatius.xtec.cat\/baixllobregat2\/wp-json\/wp\/v2\/types\/post"}],"author":[{"embeddable":true,"href":"https:\/\/serveiseducatius.xtec.cat\/baixllobregat2\/wp-json\/wp\/v2\/users\/15"}],"replies":[{"embeddable":true,"href":"https:\/\/serveiseducatius.xtec.cat\/baixllobregat2\/wp-json\/wp\/v2\/comments?post=5518"}],"version-history":[{"count":3,"href":"https:\/\/serveiseducatius.xtec.cat\/baixllobregat2\/wp-json\/wp\/v2\/posts\/5518\/revisions"}],"predecessor-version":[{"id":5525,"href":"https:\/\/serveiseducatius.xtec.cat\/baixllobregat2\/wp-json\/wp\/v2\/posts\/5518\/revisions\/5525"}],"wp:featuredmedia":[{"embeddable":true,"href":"https:\/\/serveiseducatius.xtec.cat\/baixllobregat2\/wp-json\/wp\/v2\/media\/5524"}],"wp:attachment":[{"href":"https:\/\/serveiseducatius.xtec.cat\/baixllobregat2\/wp-json\/wp\/v2\/media?parent=5518"}],"wp:term":[{"taxonomy":"category","embeddable":true,"href":"https:\/\/serveiseducatius.xtec.cat\/baixllobregat2\/wp-json\/wp\/v2\/categories?post=5518"},{"taxonomy":"post_tag","embeddable":true,"href":"https:\/\/serveiseducatius.xtec.cat\/baixllobregat2\/wp-json\/wp\/v2\/tags?post=5518"}],"curies":[{"name":"wp","href":"https:\/\/api.w.org\/{rel}","templated":true}]}}