{"id":5043,"date":"2021-06-28T09:53:06","date_gmt":"2021-06-28T07:53:06","guid":{"rendered":"http:\/\/serveiseducatius.xtec.cat\/baixllobregat2\/?p=5043"},"modified":"2021-06-28T09:53:06","modified_gmt":"2021-06-28T07:53:06","slug":"jornades-de-portes-obertes-per-a-les-escoles-descobrim-el-baix-llobregat","status":"publish","type":"post","link":"https:\/\/serveiseducatius.xtec.cat\/baixllobregat2\/general\/jornades-de-portes-obertes-per-a-les-escoles-descobrim-el-baix-llobregat\/","title":{"rendered":"Jornades de portes obertes per a les escoles: Descobrim el Baix Llobregat!"},"content":{"rendered":"<div align=\"center\"><a href=\"https:\/\/turismebaixllobregat.acblnk.com\/url\/ver\/65554428\/1404617\/a8d8df7a39b4e8175a005f41fd2825ac\" target=\"_blank\" rel=\"noopener noreferrer\" data-saferedirecturl=\"https:\/\/www.google.com\/url?q=https:\/\/turismebaixllobregat.acblnk.com\/url\/ver\/65554428\/1404617\/a8d8df7a39b4e8175a005f41fd2825ac&amp;source=gmail&amp;ust=1624952334471000&amp;usg=AFQjCNGe3JMWtH-c2z_bVcAdIPikNHnTog\"><img decoding=\"async\" class=\"CToWUd\" src=\"https:\/\/ci3.googleusercontent.com\/proxy\/vnlwEyA8E8s6dtGwuZHLokfZHbT_cpDx_ouIHgazjaTsphUAkpBbEyWcujv1fxOMM5YOeV06QGn4IGYEcqfz6MiHyUiTLu-20v1Y7RaohqMLlwRpAfP9nIsl1NZCP1atgaWbxAoeEQzNONc6RIhWA8aFBT0ck4rrP53TeHOO=s0-d-e1-ft#https:\/\/images.acblnk.com\/images\/acumbamail_U6KBckBG4nHTOBNhde9i\/Jornada%20de%20Portes%20obertes%281%29.png\" width=\"600\" align=\"center\" border=\"0\" \/><\/a><\/div>\n<div>\n<div>\n<p>El Consorci de Turisme del Baix Llobregat us convidem a participar en les\u00a0<a href=\"https:\/\/turismebaixllobregat.acblnk.com\/url\/ver\/65554428\/1404617\/a8d8df7a39b4e8175a005f41fd2825ac\" target=\"_blank\" rel=\"noopener noreferrer\" data-saferedirecturl=\"https:\/\/www.google.com\/url?q=https:\/\/turismebaixllobregat.acblnk.com\/url\/ver\/65554428\/1404617\/a8d8df7a39b4e8175a005f41fd2825ac&amp;source=gmail&amp;ust=1624952334471000&amp;usg=AFQjCNGe3JMWtH-c2z_bVcAdIPikNHnTog\"><strong>Jornades de portes obertes per a les escoles<\/strong>:\u00a0<strong>Descobrim el Baix Llobregat!<\/strong><\/a><\/p>\n<p>Una gran oportunitat que us permetr\u00e0 con\u00e8ixer i gaudir de l&#8217;oferta educativa del Baix Llobregat, i planificar activitats escolars per al proper curs.<\/p>\n<p><strong>Quan?<\/strong><\/p>\n<p>Les \u00faltimes jornades es celebren el divendres i cap de setmana seg\u00fcent:\u00a0\u00a0<strong>2, 3 i\u00a04 de juliol<\/strong>.<\/p>\n<p><strong>Qu\u00e8 oferim?<\/strong><\/p>\n<p>La possibilitat que conegueu en persona la gran diversitat d&#8217;equipaments de la comarca que ofereixen activitats escolars.<\/p>\n<p>Les entrades i activitats s\u00f3n gratu\u00eftes, i us pot acompanyar la vostra fam\u00edlia (m\u00e0xim un acompanyant i dos infants).<\/p>\n<p><strong>INSCRIPCIONS:<\/strong><\/p>\n<p>Per a participar heu d\u2019entrar al web\u00a0<a href=\"https:\/\/turismebaixllobregat.acblnk.com\/url\/ver\/65554428\/1404617\/a8d8df7a39b4e8175a005f41fd2825ac\" target=\"_blank\" rel=\"noopener noreferrer\" data-saferedirecturl=\"https:\/\/www.google.com\/url?q=https:\/\/turismebaixllobregat.acblnk.com\/url\/ver\/65554428\/1404617\/a8d8df7a39b4e8175a005f41fd2825ac&amp;source=gmail&amp;ust=1624952334471000&amp;usg=AFQjCNGe3JMWtH-c2z_bVcAdIPikNHnTog\">https:\/\/www.<wbr \/>turismebaixllobregat.com\/ca\/<wbr \/>jornades-de-portes-obertes-<wbr \/>les-escoles-al-baix-llobregat<\/a><\/p>\n<p>En el web trobareu les activitats que ofereixen els equipaments del Baix Llobregat per dies i hores, podent escollir l&#8217;opci\u00f3 que m\u00e9s us interessi.<\/p>\n<p><strong>Us hi esperem!<\/strong><\/p>\n<\/div>\n<\/div>\n<div align=\"left\"><a href=\"https:\/\/turismebaixllobregat.acblnk.com\/url\/ver\/65554428\/1404617\/a8d8df7a39b4e8175a005f41fd2825ac\" target=\"_blank\" rel=\"noopener noreferrer\" data-saferedirecturl=\"https:\/\/www.google.com\/url?q=https:\/\/turismebaixllobregat.acblnk.com\/url\/ver\/65554428\/1404617\/a8d8df7a39b4e8175a005f41fd2825ac&amp;source=gmail&amp;ust=1624952334471000&amp;usg=AFQjCNGe3JMWtH-c2z_bVcAdIPikNHnTog\"><strong>Entra al web<\/strong><\/a><\/div>\n<div align=\"left\"><\/div>\n<div align=\"left\"><\/div>\n<div align=\"left\"><\/div>\n<div align=\"left\"><\/div>\n<div align=\"left\"><\/div>\n","protected":false},"excerpt":{"rendered":"<p>El Consorci de Turisme del Baix Llobregat us convidem a participar en les\u00a0Jornades de portes obertes per a les escoles:\u00a0Descobrim el Baix Llobregat! Una gran oportunitat que us permetr\u00e0 con\u00e8ixer i gaudir de l&#8217;oferta educativa del Baix Llobregat, i planificar activitats escolars per al proper curs. Quan? Les \u00faltimes jornades es celebren el divendres i [&hellip;]<\/p>\n","protected":false},"author":15,"featured_media":5045,"comment_status":"closed","ping_status":"closed","sticky":false,"template":"","format":"standard","meta":{"_bbp_topic_count":0,"_bbp_reply_count":0,"_bbp_total_topic_count":0,"_bbp_total_reply_count":0,"_bbp_voice_count":0,"_bbp_anonymous_reply_count":0,"_bbp_topic_count_hidden":0,"_bbp_reply_count_hidden":0,"_bbp_forum_subforum_count":0,"site-sidebar-layout":"default","site-content-layout":"","ast-site-content-layout":"","site-content-style":"default","site-sidebar-style":"default","ast-global-header-display":"","ast-banner-title-visibility":"","ast-main-header-display":"","ast-hfb-above-header-display":"","ast-hfb-below-header-display":"","ast-hfb-mobile-header-display":"","site-post-title":"","ast-breadcrumbs-content":"","ast-featured-img":"","footer-sml-layout":"","theme-transparent-header-meta":"","adv-header-id-meta":"","stick-header-meta":"","header-above-stick-meta":"","header-main-stick-meta":"","header-below-stick-meta":"","astra-migrate-meta-layouts":"default","ast-page-background-enabled":"default","ast-page-background-meta":{"desktop":{"background-color":"var(--ast-global-color-4)","background-image":"","background-repeat":"repeat","background-position":"center center","background-size":"auto","background-attachment":"scroll","background-type":"","background-media":"","overlay-type":"","overlay-color":"","overlay-opacity":"","overlay-gradient":""},"tablet":{"background-color":"","background-image":"","background-repeat":"repeat","background-position":"center center","background-size":"auto","background-attachment":"scroll","background-type":"","background-media":"","overlay-type":"","overlay-color":"","overlay-opacity":"","overlay-gradient":""},"mobile":{"background-color":"","background-image":"","background-repeat":"repeat","background-position":"center center","background-size":"auto","background-attachment":"scroll","background-type":"","background-media":"","overlay-type":"","overlay-color":"","overlay-opacity":"","overlay-gradient":""}},"ast-content-background-meta":{"desktop":{"background-color":"var(--ast-global-color-5)","background-image":"","background-repeat":"repeat","background-position":"center center","background-size":"auto","background-attachment":"scroll","background-type":"","background-media":"","overlay-type":"","overlay-color":"","overlay-opacity":"","overlay-gradient":""},"tablet":{"background-color":"var(--ast-global-color-5)","background-image":"","background-repeat":"repeat","background-position":"center center","background-size":"auto","background-attachment":"scroll","background-type":"","background-media":"","overlay-type":"","overlay-color":"","overlay-opacity":"","overlay-gradient":""},"mobile":{"background-color":"var(--ast-global-color-5)","background-image":"","background-repeat":"repeat","background-position":"center center","background-size":"auto","background-attachment":"scroll","background-type":"","background-media":"","overlay-type":"","overlay-color":"","overlay-opacity":"","overlay-gradient":""}},"footnotes":""},"categories":[1,29],"tags":[313,697,524,698,366],"class_list":["post-5043","post","type-post","status-publish","format-standard","has-post-thumbnail","hentry","category-general","category-portada","tag-baix-llobregat","tag-bll","tag-crp-baix-llobregat-ii","tag-descobrir","tag-jornades"],"post_mailing_queue_ids":[],"_links":{"self":[{"href":"https:\/\/serveiseducatius.xtec.cat\/baixllobregat2\/wp-json\/wp\/v2\/posts\/5043","targetHints":{"allow":["GET"]}}],"collection":[{"href":"https:\/\/serveiseducatius.xtec.cat\/baixllobregat2\/wp-json\/wp\/v2\/posts"}],"about":[{"href":"https:\/\/serveiseducatius.xtec.cat\/baixllobregat2\/wp-json\/wp\/v2\/types\/post"}],"author":[{"embeddable":true,"href":"https:\/\/serveiseducatius.xtec.cat\/baixllobregat2\/wp-json\/wp\/v2\/users\/15"}],"replies":[{"embeddable":true,"href":"https:\/\/serveiseducatius.xtec.cat\/baixllobregat2\/wp-json\/wp\/v2\/comments?post=5043"}],"version-history":[{"count":3,"href":"https:\/\/serveiseducatius.xtec.cat\/baixllobregat2\/wp-json\/wp\/v2\/posts\/5043\/revisions"}],"predecessor-version":[{"id":5047,"href":"https:\/\/serveiseducatius.xtec.cat\/baixllobregat2\/wp-json\/wp\/v2\/posts\/5043\/revisions\/5047"}],"wp:featuredmedia":[{"embeddable":true,"href":"https:\/\/serveiseducatius.xtec.cat\/baixllobregat2\/wp-json\/wp\/v2\/media\/5045"}],"wp:attachment":[{"href":"https:\/\/serveiseducatius.xtec.cat\/baixllobregat2\/wp-json\/wp\/v2\/media?parent=5043"}],"wp:term":[{"taxonomy":"category","embeddable":true,"href":"https:\/\/serveiseducatius.xtec.cat\/baixllobregat2\/wp-json\/wp\/v2\/categories?post=5043"},{"taxonomy":"post_tag","embeddable":true,"href":"https:\/\/serveiseducatius.xtec.cat\/baixllobregat2\/wp-json\/wp\/v2\/tags?post=5043"}],"curies":[{"name":"wp","href":"https:\/\/api.w.org\/{rel}","templated":true}]}}