{"id":4948,"date":"2021-04-09T12:51:37","date_gmt":"2021-04-09T10:51:37","guid":{"rendered":"http:\/\/serveiseducatius.xtec.cat\/baixllobregat2\/?p=4948"},"modified":"2021-04-09T12:51:47","modified_gmt":"2021-04-09T10:51:47","slug":"us-presentem-la-cantata-audiovisual-llegenda-sant-jordi-en-igualtat-de-genere","status":"publish","type":"post","link":"https:\/\/serveiseducatius.xtec.cat\/baixllobregat2\/general\/us-presentem-la-cantata-audiovisual-llegenda-sant-jordi-en-igualtat-de-genere\/","title":{"rendered":"Us presentem la Cantata audiovisual Llegenda Sant Jordi en igualtat de g\u00e8nere"},"content":{"rendered":"<p style=\"font-weight: 400;\"><img loading=\"lazy\" decoding=\"async\" class=\"wp-image-4949 alignleft\" src=\"https:\/\/serveiseducatius.xtec.cat\/baixllobregat2\/wp-content\/uploads\/usu760\/2021\/04\/Cantata-410x1024.jpg\" alt=\"\" width=\"286\" height=\"714\" srcset=\"https:\/\/serveiseducatius.xtec.cat\/baixllobregat2\/wp-content\/uploads\/usu760\/2021\/04\/Cantata-410x1024.jpg 410w, https:\/\/serveiseducatius.xtec.cat\/baixllobregat2\/wp-content\/uploads\/usu760\/2021\/04\/Cantata-120x300.jpg 120w, https:\/\/serveiseducatius.xtec.cat\/baixllobregat2\/wp-content\/uploads\/usu760\/2021\/04\/Cantata-768x1920.jpg 768w, https:\/\/serveiseducatius.xtec.cat\/baixllobregat2\/wp-content\/uploads\/usu760\/2021\/04\/Cantata.jpg 800w\" sizes=\"auto, (max-width: 286px) 100vw, 286px\" \/>La Setmana Medieval de Montblanc i Factoria BRAM presenten\u00a0una\u00a0cantata\u00a0audiovisual sobre el mite de Sant Jordi que trenca estereotips de g\u00e8nere a ritme de pop-rock.<\/p>\n<p style=\"font-weight: 400;\">Aquesta cantata audiovisual, s\u2019estrenar\u00e0 el 12 d&#8217;abril des del <a href=\"https:\/\/www.youtube.com\/channel\/UCXkZZrDdydsrVrPWesNc2eA\/featured\" data-saferedirecturl=\"https:\/\/www.google.com\/url?q=https:\/\/www.youtube.com\/channel\/UCXkZZrDdydsrVrPWesNc2eA\/featured&amp;source=gmail&amp;ust=1618050944841000&amp;usg=AFQjCNGVwUDb-0oBKPLfP0xT02_3OiBStA\">Canal Youtube Factoria Bram<\/a><u>.<\/u><\/p>\n<p style=\"font-weight: 400;\">Us compartim un petit avan\u00e7 el 8M:<\/p>\n<p style=\"font-weight: 400;\"><a href=\"https:\/\/youtu.be\/IfnuL_EcScs\" data-saferedirecturl=\"https:\/\/www.google.com\/url?q=https:\/\/youtu.be\/IfnuL_EcScs&amp;source=gmail&amp;ust=1618050944841000&amp;usg=AFQjCNH1r4JadKFxbz9T263nHU8WNu2ZEQ\">Can\u00e7\u00f3 &#8220;Jo S\u00f3c M\u00e9s que una Princesa&#8221;<\/a><\/p>\n","protected":false},"excerpt":{"rendered":"<p>La Setmana Medieval de Montblanc i Factoria BRAM presenten\u00a0una\u00a0cantata\u00a0audiovisual sobre el mite de Sant Jordi que trenca estereotips de g\u00e8nere a ritme de pop-rock. Aquesta cantata audiovisual, s\u2019estrenar\u00e0 el 12 d&#8217;abril des del Canal Youtube Factoria Bram. Us compartim un petit avan\u00e7 el 8M: Can\u00e7\u00f3 &#8220;Jo S\u00f3c M\u00e9s que una Princesa&#8221;<\/p>\n","protected":false},"author":15,"featured_media":4949,"comment_status":"closed","ping_status":"closed","sticky":false,"template":"","format":"standard","meta":{"_bbp_topic_count":0,"_bbp_reply_count":0,"_bbp_total_topic_count":0,"_bbp_total_reply_count":0,"_bbp_voice_count":0,"_bbp_anonymous_reply_count":0,"_bbp_topic_count_hidden":0,"_bbp_reply_count_hidden":0,"_bbp_forum_subforum_count":0,"site-sidebar-layout":"default","site-content-layout":"","ast-site-content-layout":"","site-content-style":"default","site-sidebar-style":"default","ast-global-header-display":"","ast-banner-title-visibility":"","ast-main-header-display":"","ast-hfb-above-header-display":"","ast-hfb-below-header-display":"","ast-hfb-mobile-header-display":"","site-post-title":"","ast-breadcrumbs-content":"","ast-featured-img":"","footer-sml-layout":"","theme-transparent-header-meta":"","adv-header-id-meta":"","stick-header-meta":"","header-above-stick-meta":"","header-main-stick-meta":"","header-below-stick-meta":"","astra-migrate-meta-layouts":"default","ast-page-background-enabled":"default","ast-page-background-meta":{"desktop":{"background-color":"var(--ast-global-color-4)","background-image":"","background-repeat":"repeat","background-position":"center center","background-size":"auto","background-attachment":"scroll","background-type":"","background-media":"","overlay-type":"","overlay-color":"","overlay-opacity":"","overlay-gradient":""},"tablet":{"background-color":"","background-image":"","background-repeat":"repeat","background-position":"center center","background-size":"auto","background-attachment":"scroll","background-type":"","background-media":"","overlay-type":"","overlay-color":"","overlay-opacity":"","overlay-gradient":""},"mobile":{"background-color":"","background-image":"","background-repeat":"repeat","background-position":"center center","background-size":"auto","background-attachment":"scroll","background-type":"","background-media":"","overlay-type":"","overlay-color":"","overlay-opacity":"","overlay-gradient":""}},"ast-content-background-meta":{"desktop":{"background-color":"var(--ast-global-color-5)","background-image":"","background-repeat":"repeat","background-position":"center center","background-size":"auto","background-attachment":"scroll","background-type":"","background-media":"","overlay-type":"","overlay-color":"","overlay-opacity":"","overlay-gradient":""},"tablet":{"background-color":"var(--ast-global-color-5)","background-image":"","background-repeat":"repeat","background-position":"center center","background-size":"auto","background-attachment":"scroll","background-type":"","background-media":"","overlay-type":"","overlay-color":"","overlay-opacity":"","overlay-gradient":""},"mobile":{"background-color":"var(--ast-global-color-5)","background-image":"","background-repeat":"repeat","background-position":"center center","background-size":"auto","background-attachment":"scroll","background-type":"","background-media":"","overlay-type":"","overlay-color":"","overlay-opacity":"","overlay-gradient":""}},"footnotes":""},"categories":[1,29],"tags":[523,675,560,559],"class_list":["post-4948","post","type-post","status-publish","format-standard","has-post-thumbnail","hentry","category-general","category-portada","tag-crp","tag-estereotips-de-genere","tag-genere","tag-perspectiva-de-genere"],"post_mailing_queue_ids":[],"_links":{"self":[{"href":"https:\/\/serveiseducatius.xtec.cat\/baixllobregat2\/wp-json\/wp\/v2\/posts\/4948","targetHints":{"allow":["GET"]}}],"collection":[{"href":"https:\/\/serveiseducatius.xtec.cat\/baixllobregat2\/wp-json\/wp\/v2\/posts"}],"about":[{"href":"https:\/\/serveiseducatius.xtec.cat\/baixllobregat2\/wp-json\/wp\/v2\/types\/post"}],"author":[{"embeddable":true,"href":"https:\/\/serveiseducatius.xtec.cat\/baixllobregat2\/wp-json\/wp\/v2\/users\/15"}],"replies":[{"embeddable":true,"href":"https:\/\/serveiseducatius.xtec.cat\/baixllobregat2\/wp-json\/wp\/v2\/comments?post=4948"}],"version-history":[{"count":1,"href":"https:\/\/serveiseducatius.xtec.cat\/baixllobregat2\/wp-json\/wp\/v2\/posts\/4948\/revisions"}],"predecessor-version":[{"id":4950,"href":"https:\/\/serveiseducatius.xtec.cat\/baixllobregat2\/wp-json\/wp\/v2\/posts\/4948\/revisions\/4950"}],"wp:featuredmedia":[{"embeddable":true,"href":"https:\/\/serveiseducatius.xtec.cat\/baixllobregat2\/wp-json\/wp\/v2\/media\/4949"}],"wp:attachment":[{"href":"https:\/\/serveiseducatius.xtec.cat\/baixllobregat2\/wp-json\/wp\/v2\/media?parent=4948"}],"wp:term":[{"taxonomy":"category","embeddable":true,"href":"https:\/\/serveiseducatius.xtec.cat\/baixllobregat2\/wp-json\/wp\/v2\/categories?post=4948"},{"taxonomy":"post_tag","embeddable":true,"href":"https:\/\/serveiseducatius.xtec.cat\/baixllobregat2\/wp-json\/wp\/v2\/tags?post=4948"}],"curies":[{"name":"wp","href":"https:\/\/api.w.org\/{rel}","templated":true}]}}