{"id":4788,"date":"2021-02-18T08:32:38","date_gmt":"2021-02-18T07:32:38","guid":{"rendered":"http:\/\/serveiseducatius.xtec.cat\/baixllobregat2\/?p=4788"},"modified":"2021-02-18T08:32:38","modified_gmt":"2021-02-18T07:32:38","slug":"22-de-febrer-xerrada-de-clara-prats-en-el-marc-de-la-celebracio-del-dia-internacional-de-la-dona-i-la-nena-en-la-ciencia","status":"publish","type":"post","link":"https:\/\/serveiseducatius.xtec.cat\/baixllobregat2\/general\/22-de-febrer-xerrada-de-clara-prats-en-el-marc-de-la-celebracio-del-dia-internacional-de-la-dona-i-la-nena-en-la-ciencia\/","title":{"rendered":"22 de febrer &#8211; Xerrada de Clara Prats en el marc de la celebraci\u00f3 del Dia internacional de la dona i la nena en la ci\u00e8ncia"},"content":{"rendered":"<p>En el marc de la celebraci\u00f3 del Dia internacional de la dona i la nena en la ci\u00e8ncia, us proposem una xerrada de Clara Prats, docent i investigadora de la UPC, que\u00a0 ens explicar\u00e0 per qu\u00e8 va triar estudis cient\u00edfics i tecnol\u00f2gics i com \u00e9s la seva experi\u00e8ncia exercint la professi\u00f3.<\/p>\n<p><strong><img loading=\"lazy\" decoding=\"async\" class=\"alignleft\" src=\"https:\/\/lh4.googleusercontent.com\/LtK-Ch8Y5se049AO7Tyy8bqYy3xP00DtzYntSzlyHFX01b07QHfPZQnBGF6-QhEu2HSpZOlXPyCXDpH7O-dF9ywQl6GYj6HgARI_eOksoGN9Ap58InR6v9U5sYKToQ=w1200\" width=\"262\" height=\"175\" \/>Clara Prats<\/strong>, llicenciada en F\u00edsica per la Universitat de Barcelona i doctora en F\u00edsica Aplicada i Simulaci\u00f3 en Ci\u00e8ncies per la Universitat Polit\u00e8cnica de Catalunya (UPC). Actualment professora agregada de la UPC, investigadora del grup de Biologia Computacional i Sistemes Complexos de la UPC, i responsable de models computacionals al Centre de Medicina Comparativa i Bioimatge de l\u2019Institut de Recerca en Ci\u00e8ncies de la Salut Germans Trias i Pujol (IGTP). La seva l\u00ednia de recerca se centra en l\u2019\u00fas de la modelitzaci\u00f3 computacional per a l\u2019estudi de malalties infeccioses, principalment la tuberculosi, per\u00f2 tamb\u00e9 la mal\u00e0ria, la malaltia del Chagas i, els \u00faltims mesos, la COVID-19.<\/p>\n<p>\u00c9s tamb\u00e9 professora de l&#8217;Escola d&#8217;Enginyeria Agroaliment\u00e0ria i de Biosistemes de Barcelona i membre del grup de recerca BIOCOM-SC-\u00a0\u00a0Modelitzaci\u00f3 i Simulaci\u00f3 Discreta de Sistemes Biol\u00f2gics<\/p>\n<p>La xerrada es far\u00e0 via meet el dia 22 de febrer de 2021 en horari de 18:00 a 19:00. Cal inscripci\u00f3 pr\u00e8via mitjan\u00e7ant el\u00a0<a href=\"https:\/\/docs.google.com\/forms\/d\/1AroIz32vEImJHC-1h_l4TWGNmdH05pDQLywL6I7xSuE\/edit?usp=sharing\" data-saferedirecturl=\"https:\/\/www.google.com\/url?q=https:\/\/docs.google.com\/forms\/d\/1AroIz32vEImJHC-1h_l4TWGNmdH05pDQLywL6I7xSuE\/edit?usp%3Dsharing&amp;source=gmail&amp;ust=1613719365150000&amp;usg=AFQjCNE3TCO1DpO_HiSsFu1CF1Xj_PRH_A\">Formulari d&#8217;inscripci\u00f3<\/a>\u00a0que us enllacem.<\/p>\n<p>Amb aquesta xerrada volem apropar la ci\u00e8ncia i la tecnologia a les nenes i al seu entorn familiar i aplanar el cam\u00ed per al seu acc\u00e9s als estudis tecnol\u00f2gics i cient\u00edfics.<\/p>\n","protected":false},"excerpt":{"rendered":"<p>En el marc de la celebraci\u00f3 del Dia internacional de la dona i la nena en la ci\u00e8ncia, us proposem una xerrada de Clara Prats, docent i investigadora de la UPC, que\u00a0 ens explicar\u00e0 per qu\u00e8 va triar estudis cient\u00edfics i tecnol\u00f2gics i com \u00e9s la seva experi\u00e8ncia exercint la professi\u00f3. Clara Prats, llicenciada en [&hellip;]<\/p>\n","protected":false},"author":15,"featured_media":4789,"comment_status":"closed","ping_status":"closed","sticky":false,"template":"","format":"standard","meta":{"_bbp_topic_count":0,"_bbp_reply_count":0,"_bbp_total_topic_count":0,"_bbp_total_reply_count":0,"_bbp_voice_count":0,"_bbp_anonymous_reply_count":0,"_bbp_topic_count_hidden":0,"_bbp_reply_count_hidden":0,"_bbp_forum_subforum_count":0,"site-sidebar-layout":"default","site-content-layout":"","ast-site-content-layout":"","site-content-style":"default","site-sidebar-style":"default","ast-global-header-display":"","ast-banner-title-visibility":"","ast-main-header-display":"","ast-hfb-above-header-display":"","ast-hfb-below-header-display":"","ast-hfb-mobile-header-display":"","site-post-title":"","ast-breadcrumbs-content":"","ast-featured-img":"","footer-sml-layout":"","theme-transparent-header-meta":"","adv-header-id-meta":"","stick-header-meta":"","header-above-stick-meta":"","header-main-stick-meta":"","header-below-stick-meta":"","astra-migrate-meta-layouts":"default","ast-page-background-enabled":"default","ast-page-background-meta":{"desktop":{"background-color":"var(--ast-global-color-4)","background-image":"","background-repeat":"repeat","background-position":"center center","background-size":"auto","background-attachment":"scroll","background-type":"","background-media":"","overlay-type":"","overlay-color":"","overlay-opacity":"","overlay-gradient":""},"tablet":{"background-color":"","background-image":"","background-repeat":"repeat","background-position":"center center","background-size":"auto","background-attachment":"scroll","background-type":"","background-media":"","overlay-type":"","overlay-color":"","overlay-opacity":"","overlay-gradient":""},"mobile":{"background-color":"","background-image":"","background-repeat":"repeat","background-position":"center center","background-size":"auto","background-attachment":"scroll","background-type":"","background-media":"","overlay-type":"","overlay-color":"","overlay-opacity":"","overlay-gradient":""}},"ast-content-background-meta":{"desktop":{"background-color":"var(--ast-global-color-5)","background-image":"","background-repeat":"repeat","background-position":"center center","background-size":"auto","background-attachment":"scroll","background-type":"","background-media":"","overlay-type":"","overlay-color":"","overlay-opacity":"","overlay-gradient":""},"tablet":{"background-color":"var(--ast-global-color-5)","background-image":"","background-repeat":"repeat","background-position":"center center","background-size":"auto","background-attachment":"scroll","background-type":"","background-media":"","overlay-type":"","overlay-color":"","overlay-opacity":"","overlay-gradient":""},"mobile":{"background-color":"var(--ast-global-color-5)","background-image":"","background-repeat":"repeat","background-position":"center center","background-size":"auto","background-attachment":"scroll","background-type":"","background-media":"","overlay-type":"","overlay-color":"","overlay-opacity":"","overlay-gradient":""}},"footnotes":""},"categories":[1,29],"tags":[249,618,619,615,380],"class_list":["post-4788","post","type-post","status-publish","format-standard","has-post-thumbnail","hentry","category-general","category-portada","tag-ciencia","tag-clara-prats","tag-dia-internacional-de-la-dona-i-la-nena-en-la-ciencia","tag-upc","tag-xerrada"],"post_mailing_queue_ids":[],"_links":{"self":[{"href":"https:\/\/serveiseducatius.xtec.cat\/baixllobregat2\/wp-json\/wp\/v2\/posts\/4788","targetHints":{"allow":["GET"]}}],"collection":[{"href":"https:\/\/serveiseducatius.xtec.cat\/baixllobregat2\/wp-json\/wp\/v2\/posts"}],"about":[{"href":"https:\/\/serveiseducatius.xtec.cat\/baixllobregat2\/wp-json\/wp\/v2\/types\/post"}],"author":[{"embeddable":true,"href":"https:\/\/serveiseducatius.xtec.cat\/baixllobregat2\/wp-json\/wp\/v2\/users\/15"}],"replies":[{"embeddable":true,"href":"https:\/\/serveiseducatius.xtec.cat\/baixllobregat2\/wp-json\/wp\/v2\/comments?post=4788"}],"version-history":[{"count":1,"href":"https:\/\/serveiseducatius.xtec.cat\/baixllobregat2\/wp-json\/wp\/v2\/posts\/4788\/revisions"}],"predecessor-version":[{"id":4790,"href":"https:\/\/serveiseducatius.xtec.cat\/baixllobregat2\/wp-json\/wp\/v2\/posts\/4788\/revisions\/4790"}],"wp:featuredmedia":[{"embeddable":true,"href":"https:\/\/serveiseducatius.xtec.cat\/baixllobregat2\/wp-json\/wp\/v2\/media\/4789"}],"wp:attachment":[{"href":"https:\/\/serveiseducatius.xtec.cat\/baixllobregat2\/wp-json\/wp\/v2\/media?parent=4788"}],"wp:term":[{"taxonomy":"category","embeddable":true,"href":"https:\/\/serveiseducatius.xtec.cat\/baixllobregat2\/wp-json\/wp\/v2\/categories?post=4788"},{"taxonomy":"post_tag","embeddable":true,"href":"https:\/\/serveiseducatius.xtec.cat\/baixllobregat2\/wp-json\/wp\/v2\/tags?post=4788"}],"curies":[{"name":"wp","href":"https:\/\/api.w.org\/{rel}","templated":true}]}}