{"id":4617,"date":"2020-11-12T10:02:29","date_gmt":"2020-11-12T09:02:29","guid":{"rendered":"http:\/\/serveiseducatius.xtec.cat\/baixllobregat2\/?p=4617"},"modified":"2020-11-12T10:02:59","modified_gmt":"2020-11-12T09:02:59","slug":"premis-atrapallibres-i-protagonista-jove-2020-2021","status":"publish","type":"post","link":"https:\/\/serveiseducatius.xtec.cat\/baixllobregat2\/general\/premis-atrapallibres-i-protagonista-jove-2020-2021\/","title":{"rendered":"Premis Atrapallibres i Protagonista Jove 2020 &#8211; 2021"},"content":{"rendered":"<p><a href=\"https:\/\/www.clijcat.cat\/\"><img loading=\"lazy\" decoding=\"async\" class=\"alignright\" src=\"https:\/\/www.clijcat.cat\/consell\/imagenes\/inici\/logoClijcat.png\" alt=\"CLIJCAT\" width=\"251\" height=\"175\" \/><\/a>Un any m\u00e9s, i ja en s\u00f3n 25, el Consell Catal\u00e0 del llibre Infantil i Juvenil convida a infants i joves de 9 a 16 anys a formar part del jurat d&#8217;uns premis ben singulars dels quals en s\u00f3n els veritables protagonistes.<br \/>\nEn aquesta edici\u00f3 el Premi Protagonista Jove celebra les seves noces de plata. El cam\u00ed recorregut \u00e9s llarg i no hauria estat possible sense el comprom\u00eds amb els infants i la bona literatura per part de les autores, les editorials, les llibreries, les biblioteques, els centres educatius i les especialistes que any rere any, escullen el bo i millor de l&#8217;any anterior, per tal que arribi a tants i infants i joves com sigui possible. Per\u00f2 sobretot no ser\u00edem on som sense la tasca de la Rosa Mut. Ella va ser la principal promotora d&#8217;aquests premis des dels seus inicis. En aquesta primera edici\u00f3 sense ella la volem recordar i agrair-li les molles de pa amb les quals ens va assenyalar el cam\u00ed. Per seguir avan\u00e7ant i enriquint el plantejament dels premis, enguany refor\u00e7arem les propostes de<br \/>\ndinamitzaci\u00f3 de les lectures i de comunicaci\u00f3 i difusi\u00f3 de la convocat\u00f2ria. Volem acompanyar d&#8217;una forma m\u00e9s propera als mediadors i mediadores que hi participeu, ampliar el nombre de joves lectors que hi estan vinculats i l&#8217;impacte de l&#8217;experi\u00e8ncia en els seus itineraris lectors.<\/p>\n<p>Per\u00f2 la base ser\u00e0 la mateixa de sempre. En l&#8217;esdevenir de tot un curs els infants i els adolescents viatjaran a bord de les hist\u00f2ries finalistes. El periple ser\u00e0 a vegades solitari, pl\u00e0cid en molts moments i de ben segur emocionant. No estar\u00e0 exempt per\u00f2 de trams plens de brogit i d&#8217;incerteses. En algunes de les cru\u00eflles a les quals arribaran, hi trobaran bons companys de viatge amb els que podran compartir els bons relats, els poemes i els \u00e0lbums il\u00b7lustrats seleccionats per a l&#8217;edici\u00f3 que presentem. Al final de tot el trajecte, la seva motxilla portar\u00e0 un bon grapat d&#8217;hist\u00f2ries<br \/>\ni experi\u00e8ncies que els hauran fet cr\u00e9ixer. Perqu\u00e8, d&#8217;aix\u00f2 es tracta! De viure la lectura; d&#8217;esdevenir lectors i lectores cr\u00edtiques amb una mirada auda\u00e7 i compromesa. I amb aquest objectiu, tamb\u00e9 us interpel\u00b7lem a vosaltres, els mediadors i mediadores, per tal que us deixeu atrapar per la lectura i us sentiu tamb\u00e9 protagonistes d&#8217;aquesta moguda lectora. Les hist\u00f2ries de la present convocat\u00f2ria tamb\u00e9 us estan esperant a vosaltres.<\/p>\n<p>Recordeu que teniu temps fins al 31 de desembre d&#8217;aquest any 2020. US podeu inscriure a trav\u00e9s del seg\u00fcent <a href=\"https:\/\/www.clijcat.cat\/\" target=\"_blank\" rel=\"noopener noreferrer\">enlla\u00e7<\/a>.<\/p>\n<p>&nbsp;<\/p>\n<p><a href=\"https:\/\/serveiseducatius.xtec.cat\/baixllobregat2\/wp-content\/uploads\/usu760\/2020\/11\/llibres.png\"><img loading=\"lazy\" decoding=\"async\" class=\"size-full wp-image-4619 aligncenter\" src=\"https:\/\/serveiseducatius.xtec.cat\/baixllobregat2\/wp-content\/uploads\/usu760\/2020\/11\/llibres.png\" alt=\"\" width=\"401\" height=\"1004\" srcset=\"https:\/\/serveiseducatius.xtec.cat\/baixllobregat2\/wp-content\/uploads\/usu760\/2020\/11\/llibres.png 401w, https:\/\/serveiseducatius.xtec.cat\/baixllobregat2\/wp-content\/uploads\/usu760\/2020\/11\/llibres-120x300.png 120w\" sizes=\"auto, (max-width: 401px) 100vw, 401px\" \/><\/a><\/p>\n","protected":false},"excerpt":{"rendered":"<p>Un any m\u00e9s, i ja en s\u00f3n 25, el Consell Catal\u00e0 del llibre Infantil i Juvenil convida a infants i joves de 9 a 16 anys a formar part del jurat d&#8217;uns premis ben singulars dels quals en s\u00f3n els veritables protagonistes. En aquesta edici\u00f3 el Premi Protagonista Jove celebra les seves noces de plata. [&hellip;]<\/p>\n","protected":false},"author":15,"featured_media":0,"comment_status":"closed","ping_status":"closed","sticky":false,"template":"","format":"standard","meta":{"_bbp_topic_count":0,"_bbp_reply_count":0,"_bbp_total_topic_count":0,"_bbp_total_reply_count":0,"_bbp_voice_count":0,"_bbp_anonymous_reply_count":0,"_bbp_topic_count_hidden":0,"_bbp_reply_count_hidden":0,"_bbp_forum_subforum_count":0,"site-sidebar-layout":"default","site-content-layout":"","ast-site-content-layout":"","site-content-style":"default","site-sidebar-style":"default","ast-global-header-display":"","ast-banner-title-visibility":"","ast-main-header-display":"","ast-hfb-above-header-display":"","ast-hfb-below-header-display":"","ast-hfb-mobile-header-display":"","site-post-title":"","ast-breadcrumbs-content":"","ast-featured-img":"","footer-sml-layout":"","theme-transparent-header-meta":"","adv-header-id-meta":"","stick-header-meta":"","header-above-stick-meta":"","header-main-stick-meta":"","header-below-stick-meta":"","astra-migrate-meta-layouts":"default","ast-page-background-enabled":"default","ast-page-background-meta":{"desktop":{"background-color":"var(--ast-global-color-4)","background-image":"","background-repeat":"repeat","background-position":"center center","background-size":"auto","background-attachment":"scroll","background-type":"","background-media":"","overlay-type":"","overlay-color":"","overlay-opacity":"","overlay-gradient":""},"tablet":{"background-color":"","background-image":"","background-repeat":"repeat","background-position":"center center","background-size":"auto","background-attachment":"scroll","background-type":"","background-media":"","overlay-type":"","overlay-color":"","overlay-opacity":"","overlay-gradient":""},"mobile":{"background-color":"","background-image":"","background-repeat":"repeat","background-position":"center center","background-size":"auto","background-attachment":"scroll","background-type":"","background-media":"","overlay-type":"","overlay-color":"","overlay-opacity":"","overlay-gradient":""}},"ast-content-background-meta":{"desktop":{"background-color":"var(--ast-global-color-5)","background-image":"","background-repeat":"repeat","background-position":"center center","background-size":"auto","background-attachment":"scroll","background-type":"","background-media":"","overlay-type":"","overlay-color":"","overlay-opacity":"","overlay-gradient":""},"tablet":{"background-color":"var(--ast-global-color-5)","background-image":"","background-repeat":"repeat","background-position":"center center","background-size":"auto","background-attachment":"scroll","background-type":"","background-media":"","overlay-type":"","overlay-color":"","overlay-opacity":"","overlay-gradient":""},"mobile":{"background-color":"var(--ast-global-color-5)","background-image":"","background-repeat":"repeat","background-position":"center center","background-size":"auto","background-attachment":"scroll","background-type":"","background-media":"","overlay-type":"","overlay-color":"","overlay-opacity":"","overlay-gradient":""}},"footnotes":""},"categories":[81,1,29],"tags":[562,561,340],"class_list":["post-4617","post","type-post","status-publish","format-standard","hentry","category-biblioteca-escolar","category-general","category-portada","tag-atrapallibres","tag-llibres","tag-premis"],"post_mailing_queue_ids":[],"_links":{"self":[{"href":"https:\/\/serveiseducatius.xtec.cat\/baixllobregat2\/wp-json\/wp\/v2\/posts\/4617","targetHints":{"allow":["GET"]}}],"collection":[{"href":"https:\/\/serveiseducatius.xtec.cat\/baixllobregat2\/wp-json\/wp\/v2\/posts"}],"about":[{"href":"https:\/\/serveiseducatius.xtec.cat\/baixllobregat2\/wp-json\/wp\/v2\/types\/post"}],"author":[{"embeddable":true,"href":"https:\/\/serveiseducatius.xtec.cat\/baixllobregat2\/wp-json\/wp\/v2\/users\/15"}],"replies":[{"embeddable":true,"href":"https:\/\/serveiseducatius.xtec.cat\/baixllobregat2\/wp-json\/wp\/v2\/comments?post=4617"}],"version-history":[{"count":3,"href":"https:\/\/serveiseducatius.xtec.cat\/baixllobregat2\/wp-json\/wp\/v2\/posts\/4617\/revisions"}],"predecessor-version":[{"id":4624,"href":"https:\/\/serveiseducatius.xtec.cat\/baixllobregat2\/wp-json\/wp\/v2\/posts\/4617\/revisions\/4624"}],"wp:attachment":[{"href":"https:\/\/serveiseducatius.xtec.cat\/baixllobregat2\/wp-json\/wp\/v2\/media?parent=4617"}],"wp:term":[{"taxonomy":"category","embeddable":true,"href":"https:\/\/serveiseducatius.xtec.cat\/baixllobregat2\/wp-json\/wp\/v2\/categories?post=4617"},{"taxonomy":"post_tag","embeddable":true,"href":"https:\/\/serveiseducatius.xtec.cat\/baixllobregat2\/wp-json\/wp\/v2\/tags?post=4617"}],"curies":[{"name":"wp","href":"https:\/\/api.w.org\/{rel}","templated":true}]}}