{"id":4451,"date":"2020-04-20T15:56:08","date_gmt":"2020-04-20T13:56:08","guid":{"rendered":"http:\/\/serveiseducatius.xtec.cat\/baixllobregat2\/?p=4451"},"modified":"2020-04-24T00:03:04","modified_gmt":"2020-04-23T22:03:04","slug":"acasallegimenveualta-alternativa-al-suspes-certamen-de-lectura-en-veu-alta","status":"publish","type":"post","link":"https:\/\/serveiseducatius.xtec.cat\/baixllobregat2\/general\/acasallegimenveualta-alternativa-al-suspes-certamen-de-lectura-en-veu-alta\/","title":{"rendered":"#acasallegimenveualta (alternativa al susp\u00e8s Certamen de lectura en veu alta)"},"content":{"rendered":"<p><a href=\"https:\/\/serveiseducatius.xtec.cat\/baixllobregat2\/wp-content\/uploads\/usu760\/2020\/04\/lectura-en-veu-alta.png\"><img loading=\"lazy\" decoding=\"async\" class=\" wp-image-4455 alignleft\" src=\"https:\/\/serveiseducatius.xtec.cat\/baixllobregat2\/wp-content\/uploads\/usu760\/2020\/04\/lectura-en-veu-alta-300x134.png\" alt=\"\" width=\"280\" height=\"125\" \/><\/a>La setzena edici\u00f3 del <b>Certamen de lectura en <span class=\"il\">veu<\/span> <span class=\"il\">alta<\/span><\/b>\u00a0ha quedat cancel\u00b7lada definitivament per causa del COVID-19.<\/p>\n<p>Des del Grup Enciclop\u00e8dia i el Departament d&#8217;Educaci\u00f3 hi ha una proposta alternativa per realitzar aquest Certamen en confinament: <b>#<wbr \/>acasallegimenveualta\u00a0del\u00a021 d\u2019abril\u00a0al\u00a029 de maig.<\/b><\/p>\n<p>Hi poden participar els centres educatius inscrits al XVI Certamen de lectura en <span class=\"il\">veu<\/span> <span class=\"il\">alta<\/span>. Cada centre educatiu podr\u00e0 enviar un <b>m\u00e0xim de 5 v\u00eddeos per categoria.<\/b><br \/>\nEls <b>centres educatius que desitgin participar-hi<\/b> han de fer una\u00a0<a href=\"http:\/\/www.lecturaenveualta.cat\/aprovacio-drets-dus-i-dimatge\/\" target=\"_blank\" rel=\"noopener noreferrer\" data-saferedirecturl=\"https:\/\/www.google.com\/url?q=http:\/\/www.lecturaenveualta.cat\/aprovacio-drets-dus-i-dimatge\/&amp;source=gmail&amp;ust=1587555254513000&amp;usg=AFQjCNEfIJ5cCfoQdW7zaj5ButHS7Khd4w\"><span style=\"color: #ff0000;\"><b>reinscripci\u00f3<\/b><\/span><\/a>\u00a0en les categories que desitgin i demanar que l\u2019alumnat els faci arribar un v\u00eddeo llegint en <span class=\"il\">veu<\/span> <span class=\"il\">alta<\/span>.<\/p>\n<p>Llegiu <b><a href=\"http:\/\/www.lecturaenveualta.cat\/compartim-lectura\/com-shi-participa-2\/\" target=\"_blank\" rel=\"noopener noreferrer\" data-saferedirecturl=\"https:\/\/www.google.com\/url?q=http:\/\/www.lecturaenveualta.cat\/compartim-lectura\/com-shi-participa-2\/&amp;source=gmail&amp;ust=1587555254513000&amp;usg=AFQjCNEzNTzGTe9rM9RfXZjVaYuOPA1iHQ\"><span style=\"color: #ff0000;\">com ha de ser el v\u00eddeo i coms\u2019ha d\u2019enviar!<\/span><\/a><\/b><\/p>\n<p>Els v\u00eddeos seleccionats pel centre educatiu es penjaran al\u00a0<span style=\"color: #ff0000;\"><b><a href=\"https:\/\/www.youtube.com\/channel\/UCaWpluWauet8bDjpKhSXGKQ\/\" target=\"_blank\" rel=\"noopener noreferrer\" data-saferedirecturl=\"https:\/\/www.google.com\/url?q=https:\/\/www.youtube.com\/channel\/UCaWpluWauet8bDjpKhSXGKQ\/&amp;source=gmail&amp;ust=1587555254513000&amp;usg=AFQjCNEmJa_LLKnqn6eH3Kg0BfECPNy_ZA\">Canal de Youtube\u00a0\u201cCompartim la lectura!<\/a><\/b>\u201d<\/span>. Tothom pot compartir el seu v\u00eddeo amb amics i amigues, amb familiars, o a les xarxes socials amb l\u2019etiqueta\u00a0 #acasallegimenveualta<\/p>\n<p>Gr\u00e0cies a la col\u00b7laboraci\u00f3 de\u00a0La Galera\u00a0i de\u00a0Text\u00a0(segells del Grup Enciclop\u00e8dia), entre tots els centres educatius participants es sortejaran 10 lots de llibres per al centre, que es faran arribar quan s\u2019acabi el confinament. Tamb\u00e9 se us enviar\u00e0 un diploma digital per fer arribar a l\u2019alumnat participant.<\/p>\n<p>Llegiu atentament les <span style=\"color: #ff0000;\"><a href=\"http:\/\/www.lecturaenveualta.cat\/dretsdimatgeconfinament\/\" target=\"_blank\" rel=\"noopener noreferrer\" data-saferedirecturl=\"https:\/\/www.google.com\/url?q=http:\/\/www.lecturaenveualta.cat\/dretsdimatgeconfinament\/&amp;source=gmail&amp;ust=1587555254513000&amp;usg=AFQjCNGsKz6vZJEfi8hQ9kacsh5H3XoeqQ\">condicions de participaci\u00f3<\/a>\u00a0<\/span><span style=\"color: #000000;\">(amb un model per a la cessi\u00f3 gratu\u00efta de drets d&#8217;imatge per part dels pares o tutors legals)<b>\u00a0<\/b><\/span> i la informaci\u00f3 que trobareu a la <b><a href=\"https:\/\/www.lecturaenveualta.cat\/compartim-lectura\/\" target=\"_blank\" rel=\"noopener noreferrer\" data-saferedirecturl=\"https:\/\/www.google.com\/url?q=https:\/\/www.lecturaenveualta.cat\/compartim-lectura\/&amp;source=gmail&amp;ust=1587555254513000&amp;usg=AFQjCNFADRZPICCecdag1BNhR4e14QP6PA\"><span style=\"color: #ff0000;\">web del XVI Certamen<\/span><\/a><\/b><\/p>\n","protected":false},"excerpt":{"rendered":"<p>La setzena edici\u00f3 del Certamen de lectura en veu alta\u00a0ha quedat cancel\u00b7lada definitivament per causa del COVID-19.<\/p>\n","protected":false},"author":1,"featured_media":4455,"comment_status":"closed","ping_status":"closed","sticky":false,"template":"","format":"standard","meta":{"_bbp_topic_count":0,"_bbp_reply_count":0,"_bbp_total_topic_count":0,"_bbp_total_reply_count":0,"_bbp_voice_count":0,"_bbp_anonymous_reply_count":0,"_bbp_topic_count_hidden":0,"_bbp_reply_count_hidden":0,"_bbp_forum_subforum_count":0,"site-sidebar-layout":"default","site-content-layout":"","ast-site-content-layout":"","site-content-style":"default","site-sidebar-style":"default","ast-global-header-display":"","ast-banner-title-visibility":"","ast-main-header-display":"","ast-hfb-above-header-display":"","ast-hfb-below-header-display":"","ast-hfb-mobile-header-display":"","site-post-title":"","ast-breadcrumbs-content":"","ast-featured-img":"","footer-sml-layout":"","theme-transparent-header-meta":"","adv-header-id-meta":"","stick-header-meta":"","header-above-stick-meta":"","header-main-stick-meta":"","header-below-stick-meta":"","astra-migrate-meta-layouts":"default","ast-page-background-enabled":"default","ast-page-background-meta":{"desktop":{"background-color":"var(--ast-global-color-4)","background-image":"","background-repeat":"repeat","background-position":"center center","background-size":"auto","background-attachment":"scroll","background-type":"","background-media":"","overlay-type":"","overlay-color":"","overlay-opacity":"","overlay-gradient":""},"tablet":{"background-color":"","background-image":"","background-repeat":"repeat","background-position":"center center","background-size":"auto","background-attachment":"scroll","background-type":"","background-media":"","overlay-type":"","overlay-color":"","overlay-opacity":"","overlay-gradient":""},"mobile":{"background-color":"","background-image":"","background-repeat":"repeat","background-position":"center center","background-size":"auto","background-attachment":"scroll","background-type":"","background-media":"","overlay-type":"","overlay-color":"","overlay-opacity":"","overlay-gradient":""}},"ast-content-background-meta":{"desktop":{"background-color":"var(--ast-global-color-5)","background-image":"","background-repeat":"repeat","background-position":"center center","background-size":"auto","background-attachment":"scroll","background-type":"","background-media":"","overlay-type":"","overlay-color":"","overlay-opacity":"","overlay-gradient":""},"tablet":{"background-color":"var(--ast-global-color-5)","background-image":"","background-repeat":"repeat","background-position":"center center","background-size":"auto","background-attachment":"scroll","background-type":"","background-media":"","overlay-type":"","overlay-color":"","overlay-opacity":"","overlay-gradient":""},"mobile":{"background-color":"var(--ast-global-color-5)","background-image":"","background-repeat":"repeat","background-position":"center center","background-size":"auto","background-attachment":"scroll","background-type":"","background-media":"","overlay-type":"","overlay-color":"","overlay-opacity":"","overlay-gradient":""}},"footnotes":""},"categories":[247,1,72,29],"tags":[],"class_list":["post-4451","post","type-post","status-publish","format-standard","has-post-thumbnail","hentry","category-formacio","category-general","category-lectura-en-veu-alta","category-portada"],"post_mailing_queue_ids":[],"_links":{"self":[{"href":"https:\/\/serveiseducatius.xtec.cat\/baixllobregat2\/wp-json\/wp\/v2\/posts\/4451","targetHints":{"allow":["GET"]}}],"collection":[{"href":"https:\/\/serveiseducatius.xtec.cat\/baixllobregat2\/wp-json\/wp\/v2\/posts"}],"about":[{"href":"https:\/\/serveiseducatius.xtec.cat\/baixllobregat2\/wp-json\/wp\/v2\/types\/post"}],"author":[{"embeddable":true,"href":"https:\/\/serveiseducatius.xtec.cat\/baixllobregat2\/wp-json\/wp\/v2\/users\/1"}],"replies":[{"embeddable":true,"href":"https:\/\/serveiseducatius.xtec.cat\/baixllobregat2\/wp-json\/wp\/v2\/comments?post=4451"}],"version-history":[{"count":3,"href":"https:\/\/serveiseducatius.xtec.cat\/baixllobregat2\/wp-json\/wp\/v2\/posts\/4451\/revisions"}],"predecessor-version":[{"id":4487,"href":"https:\/\/serveiseducatius.xtec.cat\/baixllobregat2\/wp-json\/wp\/v2\/posts\/4451\/revisions\/4487"}],"wp:featuredmedia":[{"embeddable":true,"href":"https:\/\/serveiseducatius.xtec.cat\/baixllobregat2\/wp-json\/wp\/v2\/media\/4455"}],"wp:attachment":[{"href":"https:\/\/serveiseducatius.xtec.cat\/baixllobregat2\/wp-json\/wp\/v2\/media?parent=4451"}],"wp:term":[{"taxonomy":"category","embeddable":true,"href":"https:\/\/serveiseducatius.xtec.cat\/baixllobregat2\/wp-json\/wp\/v2\/categories?post=4451"},{"taxonomy":"post_tag","embeddable":true,"href":"https:\/\/serveiseducatius.xtec.cat\/baixllobregat2\/wp-json\/wp\/v2\/tags?post=4451"}],"curies":[{"name":"wp","href":"https:\/\/api.w.org\/{rel}","templated":true}]}}