{"id":4313,"date":"2020-03-23T12:05:47","date_gmt":"2020-03-23T11:05:47","guid":{"rendered":"http:\/\/serveiseducatius.xtec.cat\/baixllobregat2\/?p=4313"},"modified":"2020-03-23T12:05:47","modified_gmt":"2020-03-23T11:05:47","slug":"educacio-activa-un-pla-daccio-per-garantir-laprenentatge-en-linia-de-lalumnat-i-acompanyar-els-docents-i-els-centres-en-lus-de-les-eines-digitals","status":"publish","type":"post","link":"https:\/\/serveiseducatius.xtec.cat\/baixllobregat2\/portada\/educacio-activa-un-pla-daccio-per-garantir-laprenentatge-en-linia-de-lalumnat-i-acompanyar-els-docents-i-els-centres-en-lus-de-les-eines-digitals\/","title":{"rendered":"Educaci\u00f3 activa un pla d&#8217;acci\u00f3 per garantir l&#8217;aprenentatge en l\u00ednia de l&#8217;alumnat i acompanyar els docents i els centres en l&#8217;\u00fas de les eines digitals"},"content":{"rendered":"<p>El Departament d\u2019Educaci\u00f3 activa a partir d\u2019avui el\u00a0<a href=\"http:\/\/xtec.gencat.cat\/web\/.content\/centres\/Pla-centres-educatius-en-linia.pdf\">\u201cPla d\u2019Acci\u00f3: Centres Educatius en L\u00ednia\u201d<\/a>, per<a href=\"http:\/\/xtec.gencat.cat\/web\/.content\/centres\/Pla-centres-educatius-en-linia.pdf\" target=\"_blank\" rel=\"noopener noreferrer\"><img loading=\"lazy\" decoding=\"async\" class=\" wp-image-4315 alignright\" src=\"https:\/\/serveiseducatius.xtec.cat\/baixllobregat2\/wp-content\/uploads\/usu760\/2020\/03\/Captura-de-pantalla-2020-03-23-a-las-11.54.59-300x250.png\" alt=\"\" width=\"184\" height=\"153\" srcset=\"https:\/\/serveiseducatius.xtec.cat\/baixllobregat2\/wp-content\/uploads\/usu760\/2020\/03\/Captura-de-pantalla-2020-03-23-a-las-11.54.59-300x250.png 300w, https:\/\/serveiseducatius.xtec.cat\/baixllobregat2\/wp-content\/uploads\/usu760\/2020\/03\/Captura-de-pantalla-2020-03-23-a-las-11.54.59-768x640.png 768w, https:\/\/serveiseducatius.xtec.cat\/baixllobregat2\/wp-content\/uploads\/usu760\/2020\/03\/Captura-de-pantalla-2020-03-23-a-las-11.54.59.png 982w\" sizes=\"auto, (max-width: 184px) 100vw, 184px\" \/><\/a> tal de garantir l\u2019aprenentatge en l\u00ednia de l\u2019alumnat, i al mateix temps acompanyar al professorat i als centres en l\u2019\u00fas de les tecnologies digitals. Aquesta iniciativa es posa en marxa per tal de poder donar eines d\u2019aprenentatge en l\u00ednia davant les circumst\u00e0ncies extraordin\u00e0ries que han provocat el tancament dels centres a causa del coronavirus.<\/p>\n<p><a href=\"http:\/\/xtec.gencat.cat\/web\/.content\/recursos\/actuacio-extraordinaria-activitats-autoaprenentatge\/Orientacions-centres-tancament-coronavirus-19-03.pdf\" target=\"_blank\" rel=\"noopener noreferrer\"><img loading=\"lazy\" decoding=\"async\" class=\"alignleft wp-image-4316\" src=\"https:\/\/serveiseducatius.xtec.cat\/baixllobregat2\/wp-content\/uploads\/usu760\/2020\/03\/stickies-2852375_640-300x200.jpg\" alt=\"\" width=\"260\" height=\"173\" srcset=\"https:\/\/serveiseducatius.xtec.cat\/baixllobregat2\/wp-content\/uploads\/usu760\/2020\/03\/stickies-2852375_640-300x200.jpg 300w, https:\/\/serveiseducatius.xtec.cat\/baixllobregat2\/wp-content\/uploads\/usu760\/2020\/03\/stickies-2852375_640.jpg 320w\" sizes=\"auto, (max-width: 260px) 100vw, 260px\" \/><\/a><\/p>\n<p>L\u2019objectiu del pla \u00e9s proporcionar als docents i als centres educatius els recursos i les eines digitals que permetin donar continu\u00eftat a l\u2019aprenentatge en termes d\u2019equitat i qualitat. D\u2019aquesta manera, el sistema facilitar\u00e0 als centres poder dur a terme les\u00a0<a href=\"http:\/\/xtec.gencat.cat\/web\/.content\/recursos\/actuacio-extraordinaria-activitats-autoaprenentatge\/Orientacions-centres-tancament-coronavirus-19-03.pdf\">activitats i orientacions que aquesta setmana el Departament d\u2019Educaci\u00f3 ha posat a disposici\u00f3 del professorat<\/a>. Unesactivitats pensades per a les diferents etapes, que siguin significatives per a l\u2019aprenentatge i que al mateix temps puguin contribuir al desenvolupament de l\u2019autonomia personal de l\u2019alumne.<\/p>\n","protected":false},"excerpt":{"rendered":"<p>El Departament d\u2019Educaci\u00f3 activa a partir d\u2019avui el\u00a0\u201cPla d\u2019Acci\u00f3: Centres Educatius en L\u00ednia\u201d, per tal de garantir l\u2019aprenentatge en l\u00ednia de l\u2019alumnat, i al mateix temps acompanyar al professorat i als centres en l\u2019\u00fas de les tecnologies digitals. Aquesta iniciativa es posa en marxa per tal de poder donar eines d\u2019aprenentatge en l\u00ednia davant les [&hellip;]<\/p>\n","protected":false},"author":1,"featured_media":4314,"comment_status":"closed","ping_status":"closed","sticky":false,"template":"","format":"standard","meta":{"_bbp_topic_count":0,"_bbp_reply_count":0,"_bbp_total_topic_count":0,"_bbp_total_reply_count":0,"_bbp_voice_count":0,"_bbp_anonymous_reply_count":0,"_bbp_topic_count_hidden":0,"_bbp_reply_count_hidden":0,"_bbp_forum_subforum_count":0,"site-sidebar-layout":"default","site-content-layout":"","ast-site-content-layout":"","site-content-style":"default","site-sidebar-style":"default","ast-global-header-display":"","ast-banner-title-visibility":"","ast-main-header-display":"","ast-hfb-above-header-display":"","ast-hfb-below-header-display":"","ast-hfb-mobile-header-display":"","site-post-title":"","ast-breadcrumbs-content":"","ast-featured-img":"","footer-sml-layout":"","theme-transparent-header-meta":"","adv-header-id-meta":"","stick-header-meta":"","header-above-stick-meta":"","header-main-stick-meta":"","header-below-stick-meta":"","astra-migrate-meta-layouts":"default","ast-page-background-enabled":"default","ast-page-background-meta":{"desktop":{"background-color":"var(--ast-global-color-4)","background-image":"","background-repeat":"repeat","background-position":"center center","background-size":"auto","background-attachment":"scroll","background-type":"","background-media":"","overlay-type":"","overlay-color":"","overlay-opacity":"","overlay-gradient":""},"tablet":{"background-color":"","background-image":"","background-repeat":"repeat","background-position":"center center","background-size":"auto","background-attachment":"scroll","background-type":"","background-media":"","overlay-type":"","overlay-color":"","overlay-opacity":"","overlay-gradient":""},"mobile":{"background-color":"","background-image":"","background-repeat":"repeat","background-position":"center center","background-size":"auto","background-attachment":"scroll","background-type":"","background-media":"","overlay-type":"","overlay-color":"","overlay-opacity":"","overlay-gradient":""}},"ast-content-background-meta":{"desktop":{"background-color":"var(--ast-global-color-5)","background-image":"","background-repeat":"repeat","background-position":"center center","background-size":"auto","background-attachment":"scroll","background-type":"","background-media":"","overlay-type":"","overlay-color":"","overlay-opacity":"","overlay-gradient":""},"tablet":{"background-color":"var(--ast-global-color-5)","background-image":"","background-repeat":"repeat","background-position":"center center","background-size":"auto","background-attachment":"scroll","background-type":"","background-media":"","overlay-type":"","overlay-color":"","overlay-opacity":"","overlay-gradient":""},"mobile":{"background-color":"var(--ast-global-color-5)","background-image":"","background-repeat":"repeat","background-position":"center center","background-size":"auto","background-attachment":"scroll","background-type":"","background-media":"","overlay-type":"","overlay-color":"","overlay-opacity":"","overlay-gradient":""}},"footnotes":""},"categories":[29],"tags":[161,185],"class_list":["post-4313","post","type-post","status-publish","format-standard","has-post-thumbnail","hentry","category-portada","tag-formacio","tag-recursos"],"post_mailing_queue_ids":[],"_links":{"self":[{"href":"https:\/\/serveiseducatius.xtec.cat\/baixllobregat2\/wp-json\/wp\/v2\/posts\/4313","targetHints":{"allow":["GET"]}}],"collection":[{"href":"https:\/\/serveiseducatius.xtec.cat\/baixllobregat2\/wp-json\/wp\/v2\/posts"}],"about":[{"href":"https:\/\/serveiseducatius.xtec.cat\/baixllobregat2\/wp-json\/wp\/v2\/types\/post"}],"author":[{"embeddable":true,"href":"https:\/\/serveiseducatius.xtec.cat\/baixllobregat2\/wp-json\/wp\/v2\/users\/1"}],"replies":[{"embeddable":true,"href":"https:\/\/serveiseducatius.xtec.cat\/baixllobregat2\/wp-json\/wp\/v2\/comments?post=4313"}],"version-history":[{"count":2,"href":"https:\/\/serveiseducatius.xtec.cat\/baixllobregat2\/wp-json\/wp\/v2\/posts\/4313\/revisions"}],"predecessor-version":[{"id":4318,"href":"https:\/\/serveiseducatius.xtec.cat\/baixllobregat2\/wp-json\/wp\/v2\/posts\/4313\/revisions\/4318"}],"wp:featuredmedia":[{"embeddable":true,"href":"https:\/\/serveiseducatius.xtec.cat\/baixllobregat2\/wp-json\/wp\/v2\/media\/4314"}],"wp:attachment":[{"href":"https:\/\/serveiseducatius.xtec.cat\/baixllobregat2\/wp-json\/wp\/v2\/media?parent=4313"}],"wp:term":[{"taxonomy":"category","embeddable":true,"href":"https:\/\/serveiseducatius.xtec.cat\/baixllobregat2\/wp-json\/wp\/v2\/categories?post=4313"},{"taxonomy":"post_tag","embeddable":true,"href":"https:\/\/serveiseducatius.xtec.cat\/baixllobregat2\/wp-json\/wp\/v2\/tags?post=4313"}],"curies":[{"name":"wp","href":"https:\/\/api.w.org\/{rel}","templated":true}]}}