{"id":3283,"date":"2018-01-28T11:22:04","date_gmt":"2018-01-28T10:22:04","guid":{"rendered":"http:\/\/serveiseducatius.xtec.cat\/baixllobregat2\/?p=3283"},"modified":"2018-04-12T11:44:04","modified_gmt":"2018-04-12T09:44:04","slug":"v-jocs-florals-escolars-bases-presentacio-de-treballs-i-acte-de-semifinals","status":"publish","type":"post","link":"https:\/\/serveiseducatius.xtec.cat\/baixllobregat2\/portada\/v-jocs-florals-escolars-bases-presentacio-de-treballs-i-acte-de-semifinals\/","title":{"rendered":"V Jocs Florals Escolars. Bases, presentaci\u00f3 de treballs i acte de semifinals"},"content":{"rendered":"<p><a href=\"http:\/\/serveiseducatius.xtec.cat\/baixllobregat2\/wp-content\/uploads\/usu760\/2015\/11\/jocsflorals.jpg\"><img loading=\"lazy\" decoding=\"async\" class=\"alignleft wp-image-965\" src=\"http:\/\/serveiseducatius.xtec.cat\/baixllobregat2\/wp-content\/uploads\/usu760\/2015\/11\/jocsflorals-300x300.jpg\" alt=\"\" width=\"183\" height=\"183\" srcset=\"https:\/\/serveiseducatius.xtec.cat\/baixllobregat2\/wp-content\/uploads\/usu760\/2015\/11\/jocsflorals-300x300.jpg 300w, https:\/\/serveiseducatius.xtec.cat\/baixllobregat2\/wp-content\/uploads\/usu760\/2015\/11\/jocsflorals-150x150.jpg 150w, https:\/\/serveiseducatius.xtec.cat\/baixllobregat2\/wp-content\/uploads\/usu760\/2015\/11\/jocsflorals.jpg 471w\" sizes=\"auto, (max-width: 183px) 100vw, 183px\" \/><\/a>Enguany la V edici\u00f3 dels Jocs Florals Escolars de Catalunya ja t\u00e9 disponible <a href=\"http:\/\/xtec.gencat.cat\/web\/.content\/centres\/alscentres\/premis\/jocsflorals\/documents\/Bases-dels-jocs-florals-2017-2018.pdf\" target=\"_blank\" rel=\"noopener noreferrer\">les bases de participaci\u00f3<\/a>.<\/p>\n<p>Aquesta edici\u00f3 contempla les modalitats de poesia, prosa i conte audiovisual il\u00b7lustrat. L\u2019objectiu del certamen \u00e9s potenciar la creaci\u00f3 liter\u00e0ria i mitjan\u00e7ant el conte audiovisual il\u00b7lustrat promoure el treball interdisciplinari des de l&#8217;\u00e0mbit ling\u00fc\u00edstic, l&#8217;\u00e0mbit digital i l&#8217;\u00e0mbit art\u00edstic.<\/p>\n<p>En el bloc\u00a0<a href=\"http:\/\/blocs.xtec.cat\/jocsflorals-conteaudiovisual\/projecte\/\" target=\"_blank\" rel=\"noopener noreferrer\">Conte audiovisual il\u00b7lustrat\u00a0<\/a>\u00a0podeu trobar una proposta \u00a0per a treballar el conte audiovisual com a projecte de treball interdisciplinari, aix\u00ed com un llistat de recursos d\u2019\u00e0udio i v\u00eddeo que es pot utilitzar per a l\u2019elaboraci\u00f3 del conte audiovisual.<\/p>\n<p>Els centres interessats en participar han de comunicar-ho directament al CRP de la zona i\u00a0fer arribar els treballs corresponents abans del<br \/>\n<strong>24 d\u2019abril de 2018<\/strong>.\u00a0 Els treballs a presentar seran com a m\u00e0xim 1 per categoria. Tamb\u00e9 cal formalitzar una inscripci\u00f3 en l\u00ednia mitjan\u00e7ant un\u00a0 formulari enviat pels Serveis Territorials del Baix Llobregat\u00a0aportant tamb\u00e9 les dades generals de participaci\u00f3 interna del propi centre.<\/p>\n<div class=\"col-xs-12 col-md-8 shadowBox-sm\">\n<div id=\"center_1_1R\">\n<div id=\"a4ed3d89-f6c9-11e7-a139-005056924a59\" class=\"fpca_article pd-15\">\n<div>\n<div>\n<div class=\"row\">\n<div class=\"basic_text_peq col-xs-12\">\n<div class=\"pd-15x\">\n<p>Mesela i Na\u00efm \u00e9s el\u00a0<strong>conte guanyador<\/strong>\u00a0de l&#8217;edici\u00f3 anterior.<\/p>\n<div style=\"width: 640px;\" class=\"wp-video\"><!--[if lt IE 9]><script>document.createElement('video');<\/script><![endif]-->\n<video class=\"wp-video-shortcode\" id=\"video-3283-1\" width=\"640\" height=\"360\" preload=\"metadata\" controls=\"controls\"><source type=\"video\/mp4\" src=\"http:\/\/mp4-high-dwn.media.tv3.cat\/0\/1\/1517399076310.mp4?_=1\" \/><a href=\"http:\/\/mp4-high-dwn.media.tv3.cat\/0\/1\/1517399076310.mp4\">http:\/\/mp4-high-dwn.media.tv3.cat\/0\/1\/1517399076310.mp4<\/a><\/video><\/div>\n<div><\/div>\n<\/div>\n<\/div>\n<\/div>\n<\/div>\n<\/div>\n<\/div>\n<\/div>\n<\/div>\n<div class=\"col-xs-12 col-md-4\"><\/div>\n<p>Els centres i treballs seleccionats per a participar a la fase semifinal seran informats directament.<\/p>\n<p>Dimarts 15 de maig se celebrar\u00e0 la\u00a0fase territorial\u00a0a l&#8217;INS <a href=\"https:\/\/goo.gl\/maps\/tVUSY9U1tv82\" target=\"_blank\" rel=\"noopener noreferrer\">Blume<\/a> d&#8217;Esplugues de Llobregat.<\/p>\n<div><\/div>\n<p>Per a m\u00e9s informaci\u00f3, contacteu amb el CRP de la zona.<\/p>\n","protected":false},"excerpt":{"rendered":"<p>Enguany la V edici\u00f3 dels Jocs Florals Escolars de Catalunya ja t\u00e9 disponible les bases de participaci\u00f3. Aquesta edici\u00f3 contempla les modalitats de poesia, prosa i conte audiovisual il\u00b7lustrat. L\u2019objectiu del certamen \u00e9s potenciar la creaci\u00f3 liter\u00e0ria i mitjan\u00e7ant el conte audiovisual il\u00b7lustrat promoure el treball interdisciplinari des de l&#8217;\u00e0mbit ling\u00fc\u00edstic, l&#8217;\u00e0mbit digital i l&#8217;\u00e0mbit [&hellip;]<\/p>\n","protected":false},"author":1,"featured_media":965,"comment_status":"closed","ping_status":"closed","sticky":false,"template":"","format":"standard","meta":{"_bbp_topic_count":0,"_bbp_reply_count":0,"_bbp_total_topic_count":0,"_bbp_total_reply_count":0,"_bbp_voice_count":0,"_bbp_anonymous_reply_count":0,"_bbp_topic_count_hidden":0,"_bbp_reply_count_hidden":0,"_bbp_forum_subforum_count":0,"site-sidebar-layout":"default","site-content-layout":"","ast-site-content-layout":"","site-content-style":"default","site-sidebar-style":"default","ast-global-header-display":"","ast-banner-title-visibility":"","ast-main-header-display":"","ast-hfb-above-header-display":"","ast-hfb-below-header-display":"","ast-hfb-mobile-header-display":"","site-post-title":"","ast-breadcrumbs-content":"","ast-featured-img":"","footer-sml-layout":"","theme-transparent-header-meta":"","adv-header-id-meta":"","stick-header-meta":"","header-above-stick-meta":"","header-main-stick-meta":"","header-below-stick-meta":"","astra-migrate-meta-layouts":"default","ast-page-background-enabled":"default","ast-page-background-meta":{"desktop":{"background-color":"var(--ast-global-color-4)","background-image":"","background-repeat":"repeat","background-position":"center center","background-size":"auto","background-attachment":"scroll","background-type":"","background-media":"","overlay-type":"","overlay-color":"","overlay-opacity":"","overlay-gradient":""},"tablet":{"background-color":"","background-image":"","background-repeat":"repeat","background-position":"center center","background-size":"auto","background-attachment":"scroll","background-type":"","background-media":"","overlay-type":"","overlay-color":"","overlay-opacity":"","overlay-gradient":""},"mobile":{"background-color":"","background-image":"","background-repeat":"repeat","background-position":"center center","background-size":"auto","background-attachment":"scroll","background-type":"","background-media":"","overlay-type":"","overlay-color":"","overlay-opacity":"","overlay-gradient":""}},"ast-content-background-meta":{"desktop":{"background-color":"var(--ast-global-color-5)","background-image":"","background-repeat":"repeat","background-position":"center center","background-size":"auto","background-attachment":"scroll","background-type":"","background-media":"","overlay-type":"","overlay-color":"","overlay-opacity":"","overlay-gradient":""},"tablet":{"background-color":"var(--ast-global-color-5)","background-image":"","background-repeat":"repeat","background-position":"center center","background-size":"auto","background-attachment":"scroll","background-type":"","background-media":"","overlay-type":"","overlay-color":"","overlay-opacity":"","overlay-gradient":""},"mobile":{"background-color":"var(--ast-global-color-5)","background-image":"","background-repeat":"repeat","background-position":"center center","background-size":"auto","background-attachment":"scroll","background-type":"","background-media":"","overlay-type":"","overlay-color":"","overlay-opacity":"","overlay-gradient":""}},"footnotes":""},"categories":[71,29],"tags":[197,436],"class_list":["post-3283","post","type-post","status-publish","format-standard","has-post-thumbnail","hentry","category-jocs-florals","category-portada","tag-jocs-florals","tag-v-jocs-florals"],"post_mailing_queue_ids":[],"_links":{"self":[{"href":"https:\/\/serveiseducatius.xtec.cat\/baixllobregat2\/wp-json\/wp\/v2\/posts\/3283","targetHints":{"allow":["GET"]}}],"collection":[{"href":"https:\/\/serveiseducatius.xtec.cat\/baixllobregat2\/wp-json\/wp\/v2\/posts"}],"about":[{"href":"https:\/\/serveiseducatius.xtec.cat\/baixllobregat2\/wp-json\/wp\/v2\/types\/post"}],"author":[{"embeddable":true,"href":"https:\/\/serveiseducatius.xtec.cat\/baixllobregat2\/wp-json\/wp\/v2\/users\/1"}],"replies":[{"embeddable":true,"href":"https:\/\/serveiseducatius.xtec.cat\/baixllobregat2\/wp-json\/wp\/v2\/comments?post=3283"}],"version-history":[{"count":3,"href":"https:\/\/serveiseducatius.xtec.cat\/baixllobregat2\/wp-json\/wp\/v2\/posts\/3283\/revisions"}],"predecessor-version":[{"id":3305,"href":"https:\/\/serveiseducatius.xtec.cat\/baixllobregat2\/wp-json\/wp\/v2\/posts\/3283\/revisions\/3305"}],"wp:featuredmedia":[{"embeddable":true,"href":"https:\/\/serveiseducatius.xtec.cat\/baixllobregat2\/wp-json\/wp\/v2\/media\/965"}],"wp:attachment":[{"href":"https:\/\/serveiseducatius.xtec.cat\/baixllobregat2\/wp-json\/wp\/v2\/media?parent=3283"}],"wp:term":[{"taxonomy":"category","embeddable":true,"href":"https:\/\/serveiseducatius.xtec.cat\/baixllobregat2\/wp-json\/wp\/v2\/categories?post=3283"},{"taxonomy":"post_tag","embeddable":true,"href":"https:\/\/serveiseducatius.xtec.cat\/baixllobregat2\/wp-json\/wp\/v2\/tags?post=3283"}],"curies":[{"name":"wp","href":"https:\/\/api.w.org\/{rel}","templated":true}]}}