{"id":3133,"date":"2017-12-13T10:40:45","date_gmt":"2017-12-13T09:40:45","guid":{"rendered":"http:\/\/serveiseducatius.xtec.cat\/baixllobregat2\/?p=3133"},"modified":"2017-12-15T12:37:56","modified_gmt":"2017-12-15T11:37:56","slug":"fem-recerca-xvi-forum-edicio-2016-17-treballs-de-recerca-al-batxillerat-i-projectes-de-cicles-formatius","status":"publish","type":"post","link":"https:\/\/serveiseducatius.xtec.cat\/baixllobregat2\/dinamitzacio\/forum-treballs-de-recerca\/fem-recerca-xvi-forum-edicio-2016-17-treballs-de-recerca-al-batxillerat-i-projectes-de-cicles-formatius\/","title":{"rendered":"FEM RECERCA &#8211; XVI F\u00d2RUM edici\u00f3 2016-17 Treballs de recerca al Batxillerat i projectes de Cicles Formatius"},"content":{"rendered":"<p><a href=\"http:\/\/serveiseducatius.xtec.cat\/baixllobregat2\/wp-content\/uploads\/usu760\/2017\/12\/trbombeta.jpg\"><img loading=\"lazy\" decoding=\"async\" class=\"size-medium wp-image-3134 alignleft\" src=\"http:\/\/serveiseducatius.xtec.cat\/baixllobregat2\/wp-content\/uploads\/usu760\/2017\/12\/trbombeta-300x300.jpg\" alt=\"Treballs de Recerca 17-18\" width=\"300\" height=\"300\" srcset=\"https:\/\/serveiseducatius.xtec.cat\/baixllobregat2\/wp-content\/uploads\/usu760\/2017\/12\/trbombeta-300x300.jpg 300w, https:\/\/serveiseducatius.xtec.cat\/baixllobregat2\/wp-content\/uploads\/usu760\/2017\/12\/trbombeta-150x150.jpg 150w, https:\/\/serveiseducatius.xtec.cat\/baixllobregat2\/wp-content\/uploads\/usu760\/2017\/12\/trbombeta.jpg 400w\" sizes=\"auto, (max-width: 300px) 100vw, 300px\" \/><\/a><\/p>\n<p>Enguany a la Comissi\u00f3 organitzadora dels Treballs de Recerca es va concretar les dates i les novetats de funcionament d&#8217;aquesta nova edici\u00f3.<\/p>\n<p><strong>Dates<br \/>\n&#8211; 13 de mar\u00e7 a Viladecans <\/strong>de 16 a 18.30h\u00a0 al <a href=\"http:\/\/viladecans.cat\/ca\/casal-de-barri-montserratina-2\" target=\"_blank\" rel=\"noopener noreferrer\">Casal Montserratina<\/a>\u00a0pl. Constituci\u00f3, 4<br \/>\n<strong>&#8211;\u00a021\u00a0<\/strong> <strong>de mar\u00e7 a<\/strong> <strong>Gav\u00e0<\/strong> de 16 a 18.30 h al Parc Arqueol\u00f2gic de les Mines. c. Jaume I, 7<br \/>\n<strong><br \/>\nInformacions i materials per als centres participants<br \/>\n<\/strong>&#8211; Fins el <strong>23 de febrer<\/strong> Inscripcions mitjan\u00e7ant el\u00a0<a href=\"https:\/\/goo.gl\/itZRGX\" target=\"_blank\" rel=\"noopener noreferrer\">formulari<\/a>.<br \/>\n&#8211; Fins el <strong>2 de mar\u00e7<\/strong> Lliurament treball en format <strong>.pdf<\/strong> i\u00a0\u00a0<a href=\"https:\/\/docs.google.com\/document\/d\/1irscLd3LLgd6su2G__lGYt332uXCe4hTR3QzIZHuzes\/edit?usp=sharing\" target=\"_blank\" rel=\"noopener noreferrer\">Fitxa resum<\/a>.<br \/>\n&#8211; Fins el <strong>6 de mar\u00e7<\/strong> Enviar suport\u00a0de la presentaci\u00f3 al CRP crp-gava@xtec.cat<br \/>\n<a href=\"https:\/\/docs.google.com\/a\/xtec.cat\/document\/d\/1ZJ9uyts_n7WszUbhxw5j8vAYls4FFylg7mfz-wS-jsI\/edit?usp=sharing\" target=\"_blank\" rel=\"noopener noreferrer\">Document de planificaci\u00f3 general<\/a><br \/>\n<strong><br \/>\nInformacions b\u00e0siques per a l&#8217;alumnat participant<br \/>\n<\/strong><\/p>\n<p>Aspectes b\u00e0sics a tenir present:<\/p>\n<ul>\n<li>L&#8217;alumne\/a que exposa s&#8217;ha de presentar a les <strong>15.45h <\/strong>\u00a0al lloc de realitzaci\u00f3 del F\u00f2rum.<\/li>\n<li>Els possibles materials complementaris a l&#8217;exposici\u00f3 oral (maquetes, mecanismes, &#8230;) caldr\u00e0 portar-los el dia de la presentaci\u00f3 i amb av\u00eds anticipat al CRP per poder preveure l\u2019espai necessari.<\/li>\n<li>El document a emprar de la presentaci\u00f3 de suport (PowerP, Prezi, &#8230;) ha d&#8217;haver estat entregat i provat dies abans al Centre de Recursos. No s&#8217;acceptaran presentacions o modificacions noves el mateix dia d&#8217;exposici\u00f3.<\/li>\n<li>El temps m\u00e0xim de qu\u00e8 disposar\u00e1 cada alumne\/a per a la seva explicaci\u00f3 ser\u00e0 d&#8217;<strong>12 minuts<\/strong>.<\/li>\n<li>L&#8217;acte general del F\u00f2rum t\u00e9 una durada estimada aprox. de 2&#8217;5 h. i ser\u00e0 necess\u00e0ria la pres\u00e8ncia dels alumnes expositors fins el final.<\/li>\n<li>Al F\u00f2rum est\u00e0 previst l&#8217;enregistrament de fotografies de totes les exposicions dels\/les participants i una difusi\u00f3 web posterior. Si algun dels alumnes expositors\/es t\u00e9 algun inconvenient al respecte, ho ha de comunicar al CRP.<br \/>\nPer a qualsevol altre dubte o aclariment, consulteu al CRP.<\/li>\n<\/ul>\n<p><strong>Recursos per preparar les exposicions orals<br \/>\n<\/strong><a href=\"https:\/\/padlet.com\/crp_gava\/treballsrecerca\" target=\"_blank\" rel=\"noopener noreferrer\">https:\/\/padlet.com\/crp_gava\/treballsrecerca<\/a><\/p>\n","protected":false},"excerpt":{"rendered":"<p>Enguany a la Comissi\u00f3 organitzadora dels Treballs de Recerca es va concretar les dates i les novetats de funcionament d&#8217;aquesta nova edici\u00f3. Dates &#8211; 13 de mar\u00e7 a Viladecans de 16 a 18.30h\u00a0 al Casal Montserratina\u00a0pl. Constituci\u00f3, 4 &#8211;\u00a021\u00a0 de mar\u00e7 a Gav\u00e0 de 16 a 18.30 h al Parc Arqueol\u00f2gic de les Mines. c. [&hellip;]<\/p>\n","protected":false},"author":1,"featured_media":3134,"comment_status":"closed","ping_status":"closed","sticky":false,"template":"","format":"standard","meta":{"_bbp_topic_count":0,"_bbp_reply_count":0,"_bbp_total_topic_count":0,"_bbp_total_reply_count":0,"_bbp_voice_count":0,"_bbp_anonymous_reply_count":0,"_bbp_topic_count_hidden":0,"_bbp_reply_count_hidden":0,"_bbp_forum_subforum_count":0,"site-sidebar-layout":"default","site-content-layout":"","ast-site-content-layout":"","site-content-style":"default","site-sidebar-style":"default","ast-global-header-display":"","ast-banner-title-visibility":"","ast-main-header-display":"","ast-hfb-above-header-display":"","ast-hfb-below-header-display":"","ast-hfb-mobile-header-display":"","site-post-title":"","ast-breadcrumbs-content":"","ast-featured-img":"","footer-sml-layout":"","theme-transparent-header-meta":"","adv-header-id-meta":"","stick-header-meta":"","header-above-stick-meta":"","header-main-stick-meta":"","header-below-stick-meta":"","astra-migrate-meta-layouts":"default","ast-page-background-enabled":"default","ast-page-background-meta":{"desktop":{"background-color":"var(--ast-global-color-4)","background-image":"","background-repeat":"repeat","background-position":"center center","background-size":"auto","background-attachment":"scroll","background-type":"","background-media":"","overlay-type":"","overlay-color":"","overlay-opacity":"","overlay-gradient":""},"tablet":{"background-color":"","background-image":"","background-repeat":"repeat","background-position":"center center","background-size":"auto","background-attachment":"scroll","background-type":"","background-media":"","overlay-type":"","overlay-color":"","overlay-opacity":"","overlay-gradient":""},"mobile":{"background-color":"","background-image":"","background-repeat":"repeat","background-position":"center center","background-size":"auto","background-attachment":"scroll","background-type":"","background-media":"","overlay-type":"","overlay-color":"","overlay-opacity":"","overlay-gradient":""}},"ast-content-background-meta":{"desktop":{"background-color":"var(--ast-global-color-5)","background-image":"","background-repeat":"repeat","background-position":"center center","background-size":"auto","background-attachment":"scroll","background-type":"","background-media":"","overlay-type":"","overlay-color":"","overlay-opacity":"","overlay-gradient":""},"tablet":{"background-color":"var(--ast-global-color-5)","background-image":"","background-repeat":"repeat","background-position":"center center","background-size":"auto","background-attachment":"scroll","background-type":"","background-media":"","overlay-type":"","overlay-color":"","overlay-opacity":"","overlay-gradient":""},"mobile":{"background-color":"var(--ast-global-color-5)","background-image":"","background-repeat":"repeat","background-position":"center center","background-size":"auto","background-attachment":"scroll","background-type":"","background-media":"","overlay-type":"","overlay-color":"","overlay-opacity":"","overlay-gradient":""}},"footnotes":""},"categories":[70],"tags":[196],"class_list":["post-3133","post","type-post","status-publish","format-standard","has-post-thumbnail","hentry","category-forum-treballs-de-recerca","tag-treballs-recerca"],"post_mailing_queue_ids":[],"_links":{"self":[{"href":"https:\/\/serveiseducatius.xtec.cat\/baixllobregat2\/wp-json\/wp\/v2\/posts\/3133","targetHints":{"allow":["GET"]}}],"collection":[{"href":"https:\/\/serveiseducatius.xtec.cat\/baixllobregat2\/wp-json\/wp\/v2\/posts"}],"about":[{"href":"https:\/\/serveiseducatius.xtec.cat\/baixllobregat2\/wp-json\/wp\/v2\/types\/post"}],"author":[{"embeddable":true,"href":"https:\/\/serveiseducatius.xtec.cat\/baixllobregat2\/wp-json\/wp\/v2\/users\/1"}],"replies":[{"embeddable":true,"href":"https:\/\/serveiseducatius.xtec.cat\/baixllobregat2\/wp-json\/wp\/v2\/comments?post=3133"}],"version-history":[{"count":3,"href":"https:\/\/serveiseducatius.xtec.cat\/baixllobregat2\/wp-json\/wp\/v2\/posts\/3133\/revisions"}],"predecessor-version":[{"id":3144,"href":"https:\/\/serveiseducatius.xtec.cat\/baixllobregat2\/wp-json\/wp\/v2\/posts\/3133\/revisions\/3144"}],"wp:featuredmedia":[{"embeddable":true,"href":"https:\/\/serveiseducatius.xtec.cat\/baixllobregat2\/wp-json\/wp\/v2\/media\/3134"}],"wp:attachment":[{"href":"https:\/\/serveiseducatius.xtec.cat\/baixllobregat2\/wp-json\/wp\/v2\/media?parent=3133"}],"wp:term":[{"taxonomy":"category","embeddable":true,"href":"https:\/\/serveiseducatius.xtec.cat\/baixllobregat2\/wp-json\/wp\/v2\/categories?post=3133"},{"taxonomy":"post_tag","embeddable":true,"href":"https:\/\/serveiseducatius.xtec.cat\/baixllobregat2\/wp-json\/wp\/v2\/tags?post=3133"}],"curies":[{"name":"wp","href":"https:\/\/api.w.org\/{rel}","templated":true}]}}