{"id":3000,"date":"2017-10-25T12:48:20","date_gmt":"2017-10-25T10:48:20","guid":{"rendered":"http:\/\/serveiseducatius.xtec.cat\/baixllobregat2\/?p=3000"},"modified":"2017-11-20T13:41:00","modified_gmt":"2017-11-20T12:41:00","slug":"ciencia-en-primera-persona-un-passeig-pel-nanomon-la-revolucio-de-les-nanotecnologies","status":"publish","type":"post","link":"https:\/\/serveiseducatius.xtec.cat\/baixllobregat2\/portada\/ciencia-en-primera-persona-un-passeig-pel-nanomon-la-revolucio-de-les-nanotecnologies\/","title":{"rendered":"Ci\u00e8ncia en primera persona: Un passeig pel nanom\u00f3n: la revoluci\u00f3 de les nanotecnologies"},"content":{"rendered":"<p><a href=\"http:\/\/serveiseducatius.xtec.cat\/baixllobregat2\/wp-content\/uploads\/usu760\/2017\/10\/nanotecnologia.jpg\"><img loading=\"lazy\" decoding=\"async\" class=\"alignleft size-medium wp-image-3001\" src=\"http:\/\/serveiseducatius.xtec.cat\/baixllobregat2\/wp-content\/uploads\/usu760\/2017\/10\/nanotecnologia-300x273.jpg\" alt=\"\" width=\"300\" height=\"273\" srcset=\"https:\/\/serveiseducatius.xtec.cat\/baixllobregat2\/wp-content\/uploads\/usu760\/2017\/10\/nanotecnologia-300x273.jpg 300w, https:\/\/serveiseducatius.xtec.cat\/baixllobregat2\/wp-content\/uploads\/usu760\/2017\/10\/nanotecnologia.jpg 453w\" sizes=\"auto, (max-width: 300px) 100vw, 300px\" \/><\/a>Dins dels actes de la\u00a022 edici\u00f3\u00a0 Setmana de la Ci\u00e8ncia que se celebra del 10 al 22 de novembre, la Subdirecci\u00f3 General de Formaci\u00f3 Permanent i Recursos Pedag\u00f2gics\u00a0han\u00a0programat l&#8217;activitat &#8220;El cient\u00edfic a l&#8217;abast&#8221; en col\u00b7laboraci\u00f3 amb la Fundaci\u00f3 Catalana per a la Recerca i Innovaci\u00f3.<\/p>\n<p>Sota l\u2019esl\u00f2gan <em>La ci\u00e8ncia en primera persona<\/em>, el dimecres 15 de novembre a les 11.30 hores a la sala d&#8217;actes de l&#8217; institut Calamot de Gav\u00e0<br \/>\ncomptarem amb en <strong><em>Jordi D\u00edaz Marcos\u00a0<\/em><\/strong>que far\u00e0 la confer\u00e8ncia &#8220;<strong><em>Un passeig pel nanom\u00f3n: la revoluci\u00f3 de les nanotecnologies&#8221;<\/em><\/strong><\/p>\n<p>En Jordi D\u00edaz \u00e9s\u00a0doctor en Qu\u00edmica i enginyer de materials. Coordinador d&#8217;\u00a0una unitat de caracteritzaci\u00f3 de nanomaterials\u00a0als centres cient\u00edfics i tecnol\u00f2gics de la Universitat de Barcelona (CCiTUB) des del 2003 i del programa <a href=\"http:\/\/nanoeduca.cat\/ca\/inici\/\" target=\"_blank\" rel=\"noopener noreferrer\">NanoEduca<\/a>\u00a0 per apropar la nanotecnologia a l\u2019ensenyament secundari i\u00a0<a href=\"http:\/\/nanoinventum.blogspot.com.es\/\" target=\"_blank\" rel=\"noopener noreferrer\">Nanoinventum<\/a>\u00a0\u00a0per apropar la nanotecnologia a l\u2019educaci\u00f3 prim\u00e0ria.<\/p>\n<p>L\u2019objectiu d\u2019aquesta activitat, que organitza l\u2019FCRi \u2013en el marc del seu programa Ci\u00e8ncia i Aula\u2013 en col\u00b7laboraci\u00f3 amb el Departament d\u2019Ensenyament, \u00e9s impulsar el coneixement de la ci\u00e8ncia i les vocacions cient\u00edfiques entre els estudiants d\u2019ESO i Batxillerat.<\/p>\n<p>&nbsp;<\/p>\n","protected":false},"excerpt":{"rendered":"<p>Dins dels actes de la\u00a022 edici\u00f3\u00a0 Setmana de la Ci\u00e8ncia que se celebra del 10 al 22 de novembre, la Subdirecci\u00f3 General de Formaci\u00f3 Permanent i Recursos Pedag\u00f2gics\u00a0han\u00a0programat l&#8217;activitat &#8220;El cient\u00edfic a l&#8217;abast&#8221; en col\u00b7laboraci\u00f3 amb la Fundaci\u00f3 Catalana per a la Recerca i Innovaci\u00f3. Sota l\u2019esl\u00f2gan La ci\u00e8ncia en primera persona, el dimecres 15 [&hellip;]<\/p>\n","protected":false},"author":1,"featured_media":3001,"comment_status":"closed","ping_status":"closed","sticky":false,"template":"","format":"standard","meta":{"_bbp_topic_count":0,"_bbp_reply_count":0,"_bbp_total_topic_count":0,"_bbp_total_reply_count":0,"_bbp_voice_count":0,"_bbp_anonymous_reply_count":0,"_bbp_topic_count_hidden":0,"_bbp_reply_count_hidden":0,"_bbp_forum_subforum_count":0,"site-sidebar-layout":"default","site-content-layout":"","ast-site-content-layout":"","site-content-style":"default","site-sidebar-style":"default","ast-global-header-display":"","ast-banner-title-visibility":"","ast-main-header-display":"","ast-hfb-above-header-display":"","ast-hfb-below-header-display":"","ast-hfb-mobile-header-display":"","site-post-title":"","ast-breadcrumbs-content":"","ast-featured-img":"","footer-sml-layout":"","theme-transparent-header-meta":"","adv-header-id-meta":"","stick-header-meta":"","header-above-stick-meta":"","header-main-stick-meta":"","header-below-stick-meta":"","astra-migrate-meta-layouts":"default","ast-page-background-enabled":"default","ast-page-background-meta":{"desktop":{"background-color":"var(--ast-global-color-4)","background-image":"","background-repeat":"repeat","background-position":"center center","background-size":"auto","background-attachment":"scroll","background-type":"","background-media":"","overlay-type":"","overlay-color":"","overlay-opacity":"","overlay-gradient":""},"tablet":{"background-color":"","background-image":"","background-repeat":"repeat","background-position":"center center","background-size":"auto","background-attachment":"scroll","background-type":"","background-media":"","overlay-type":"","overlay-color":"","overlay-opacity":"","overlay-gradient":""},"mobile":{"background-color":"","background-image":"","background-repeat":"repeat","background-position":"center center","background-size":"auto","background-attachment":"scroll","background-type":"","background-media":"","overlay-type":"","overlay-color":"","overlay-opacity":"","overlay-gradient":""}},"ast-content-background-meta":{"desktop":{"background-color":"var(--ast-global-color-5)","background-image":"","background-repeat":"repeat","background-position":"center center","background-size":"auto","background-attachment":"scroll","background-type":"","background-media":"","overlay-type":"","overlay-color":"","overlay-opacity":"","overlay-gradient":""},"tablet":{"background-color":"var(--ast-global-color-5)","background-image":"","background-repeat":"repeat","background-position":"center center","background-size":"auto","background-attachment":"scroll","background-type":"","background-media":"","overlay-type":"","overlay-color":"","overlay-opacity":"","overlay-gradient":""},"mobile":{"background-color":"var(--ast-global-color-5)","background-image":"","background-repeat":"repeat","background-position":"center center","background-size":"auto","background-attachment":"scroll","background-type":"","background-media":"","overlay-type":"","overlay-color":"","overlay-opacity":"","overlay-gradient":""}},"footnotes":""},"categories":[271,29,267],"tags":[338,275,276,380],"class_list":["post-3000","post","type-post","status-publish","format-standard","has-post-thumbnail","hentry","category-ciencies","category-portada","category-setmana-de-la-ciencia","tag-nanotecnologia","tag-setmana-ciencies","tag-setmana-de-la-ciencia","tag-xerrada"],"post_mailing_queue_ids":[],"_links":{"self":[{"href":"https:\/\/serveiseducatius.xtec.cat\/baixllobregat2\/wp-json\/wp\/v2\/posts\/3000","targetHints":{"allow":["GET"]}}],"collection":[{"href":"https:\/\/serveiseducatius.xtec.cat\/baixllobregat2\/wp-json\/wp\/v2\/posts"}],"about":[{"href":"https:\/\/serveiseducatius.xtec.cat\/baixllobregat2\/wp-json\/wp\/v2\/types\/post"}],"author":[{"embeddable":true,"href":"https:\/\/serveiseducatius.xtec.cat\/baixllobregat2\/wp-json\/wp\/v2\/users\/1"}],"replies":[{"embeddable":true,"href":"https:\/\/serveiseducatius.xtec.cat\/baixllobregat2\/wp-json\/wp\/v2\/comments?post=3000"}],"version-history":[{"count":2,"href":"https:\/\/serveiseducatius.xtec.cat\/baixllobregat2\/wp-json\/wp\/v2\/posts\/3000\/revisions"}],"predecessor-version":[{"id":3003,"href":"https:\/\/serveiseducatius.xtec.cat\/baixllobregat2\/wp-json\/wp\/v2\/posts\/3000\/revisions\/3003"}],"wp:featuredmedia":[{"embeddable":true,"href":"https:\/\/serveiseducatius.xtec.cat\/baixllobregat2\/wp-json\/wp\/v2\/media\/3001"}],"wp:attachment":[{"href":"https:\/\/serveiseducatius.xtec.cat\/baixllobregat2\/wp-json\/wp\/v2\/media?parent=3000"}],"wp:term":[{"taxonomy":"category","embeddable":true,"href":"https:\/\/serveiseducatius.xtec.cat\/baixllobregat2\/wp-json\/wp\/v2\/categories?post=3000"},{"taxonomy":"post_tag","embeddable":true,"href":"https:\/\/serveiseducatius.xtec.cat\/baixllobregat2\/wp-json\/wp\/v2\/tags?post=3000"}],"curies":[{"name":"wp","href":"https:\/\/api.w.org\/{rel}","templated":true}]}}