{"id":2954,"date":"2017-10-02T17:55:27","date_gmt":"2017-10-02T15:55:27","guid":{"rendered":"http:\/\/serveiseducatius.xtec.cat\/baixllobregat2\/?p=2954"},"modified":"2017-10-02T17:58:13","modified_gmt":"2017-10-02T15:58:13","slug":"forum-deducacio-i-cultura-popular","status":"publish","type":"post","link":"https:\/\/serveiseducatius.xtec.cat\/baixllobregat2\/general\/forum-deducacio-i-cultura-popular\/","title":{"rendered":"F\u00f2rum d\u2019Educaci\u00f3 i Cultura Popular"},"content":{"rendered":"<h4><a href=\"http:\/\/serveiseducatius.xtec.cat\/baixllobregat2\/wp-content\/uploads\/usu760\/2017\/10\/somculturapopular.png\"><img loading=\"lazy\" decoding=\"async\" class=\"alignleft wp-image-2955 size-full\" src=\"http:\/\/serveiseducatius.xtec.cat\/baixllobregat2\/wp-content\/uploads\/usu760\/2017\/10\/somculturapopular.png\" alt=\"somculturapopular\" width=\"1011\" height=\"260\" srcset=\"https:\/\/serveiseducatius.xtec.cat\/baixllobregat2\/wp-content\/uploads\/usu760\/2017\/10\/somculturapopular.png 1011w, https:\/\/serveiseducatius.xtec.cat\/baixllobregat2\/wp-content\/uploads\/usu760\/2017\/10\/somculturapopular-300x77.png 300w, https:\/\/serveiseducatius.xtec.cat\/baixllobregat2\/wp-content\/uploads\/usu760\/2017\/10\/somculturapopular-768x198.png 768w\" sizes=\"auto, (max-width: 1011px) 100vw, 1011px\" \/><\/a><br \/>\nRecreaci\u00f3 dels valors de la cultura popular a l\u2019educaci\u00f3, en xarxa amb la societat<\/h4>\n<p>El F\u00f2rum d\u2019Educaci\u00f3 i Cultura Popular vol recon\u00e8ixer l\u2019important paper de la cultura popular en l\u2019\u00e0mbit educatiu, i fer visible les experi\u00e8ncies, bones pr\u00e0ctiques, recerques, projectes, formacions, etc., que s\u2019estan realitzant a Catalunya i arreu dels Pa\u00efsos Catalans. El F\u00f2rum pret\u00e9n ser un espai de reflexi\u00f3, debat, d\u2019aprenentatge i d\u2019intercanvi que permeti centrar criteris i revisar el discurs te\u00f2ric i les pr\u00e0ctiques sobre la cultura popular a l\u2019educaci\u00f3, posant de relleu aspectes com la interculturalitat, la diversitat religiosa o el g\u00e8nere.<br \/>\nEl F\u00f2rum parteix d\u2019un concepte ampli de l\u2019educaci\u00f3, que inclou i integra l\u2019educaci\u00f3 formal, la informal i la no formal, i de la cultura popular entesa m\u00e9s enll\u00e0 de la festa.<\/p>\n<p>El F\u00f2rum ha comen\u00e7at a treballar el 2017, de cara a presentar les seves propostes en el marc de la 2a edici\u00f3 \u00abSom Cultura Popular. Mostra del Patrimoni Cultural Immaterial\u00bb que se celebrar\u00e0 el 26 i 27 de gener de 2018 a Barcelona. Estar\u00e0 obert a professionals de l\u2019educaci\u00f3 i de la cultura, de la gesti\u00f3 cultural, de l\u2019antropologia i de la sociologia, i a associacions, les AMPA, entitats de lleure, ajuntaments,<br \/>\ncentres d\u2019interpretaci\u00f3, museus, serveis educatius, mitjans de comunicaci\u00f3 i p\u00fablic interessat.<span id=\"more-11380\"><\/span><\/p>\n<p>El comit\u00e8 impulsor del F\u00f2rum est\u00e0 format per: Departament de Cultura (Direcci\u00f3 General de Cultura Popular, Associacionisme i Acci\u00f3 Culturals), Ajuntament de Barcelona (Institut de Cultura de Barcelona- UCUB), Departament d\u2019Ensenyament (Subdirecci\u00f3 General d\u2019Ordenaci\u00f3 i Atenci\u00f3 a la Diversitat), Departament de Governaci\u00f3 (Direcci\u00f3 General d\u2019Afers Religiosos), Departament de Treball, Afers Socials i Fam\u00edlies (Direcci\u00f3 General de Joventut), Ajuntament de Barcelona (Drets de Ciutadania, Participaci\u00f3 i Transpar\u00e8ncia), Consorci d\u2019Educaci\u00f3 de Barcelona, Institut Municipal d\u2019Educaci\u00f3 de Barcelona, Consell d\u2019Associacions de Barcelona (CAB), Consell de l\u2019Associacionisme Cultural, Corporaci\u00f3 Catalana de Mitjans Audiovisuals (CCMA), Federaci\u00f3 d\u2019Associacions de Mares i Pares d\u2019Alumnes de Catalunya (FaPaC), Federaci\u00f3 de Moviments de Renovaci\u00f3 Pedag\u00f2gica de Catalunya (FMRPC), Institut Catal\u00e0 de les Dones, Programa de Millora i Innovaci\u00f3 de la Formaci\u00f3 de Mestres (MIF).<\/p>\n<p>El f\u00f2rum pret\u00e9n ser un espai de reflexi\u00f3, debat, d\u2019aprenentatge i d\u2019intercanvi que permeti centrar criteris i revisar el discurs te\u00f2ric i les pr\u00e0ctiques sobre la cultura popular en l\u2019educaci\u00f3, posant de relleu aspectes com la interculturalitat, la diversitat religiosa o el g\u00e8nere.<br \/>\nIdees clau.<br \/>\nEl F\u00f2rum ja ha comen\u00e7at a treballar aquest 2017, amb l\u2019objectiu de presentar les propostes en el marc del \u00abSom Cultura Popular. Mostra del Patrimoni Cultural Immaterial\u00bb que se celebrar\u00e0 del dia 25 al 27 de gener de 2018 a Barcelona.<br \/>\nEl F\u00f2rum l\u2019impulsen conjuntament diversos organismes de l\u2019\u00e0mbit cultural i educatiu de l\u2019Ajuntament de Barcelona i la Generalitat de Catalunya, i entitats del m\u00f3n cultural i educatiu.<br \/>\nEl F\u00f2rum afavorir\u00e0 la participaci\u00f3 i el treball de persones expertes i de persones interessades, al voltant de quatre eixos tem\u00e0tics:<br \/>\n\u25e6 Quina cultura popular?<br \/>\n\u25e6 Cultura popular i societat plural.<br \/>\n\u25e6 Cultura popular i comunicaci\u00f3.<br \/>\n\u25e6 Cultura popular i sistema educatiu.<br \/>\nEl F\u00f2rum recollir\u00e0 experi\u00e8ncies a trav\u00e9s d\u2019un proc\u00e9s participatiu que implicar\u00e0 els centres educatius, l\u2019associacionisme i l\u2019administraci\u00f3 local.<br \/>\nLa presentaci\u00f3 que es far\u00e0 en el marc del \u00abSom Cultura Popular\u00bb permetr\u00e0 incorporar les propostes de la ciutadania al treball elaborat pels experts.<\/p>\n<p><strong>Presentaci\u00f3<\/strong><\/p>\n<p>El F\u00f2rum d\u2019Educaci\u00f3 i Cultura Popular vol recon\u00e8ixer l\u2019important paper de la cultura popular en l\u2019\u00e0mbit educatiu, i fer visibles les experi\u00e8ncies, bones pr\u00e0ctiques, recerques, projectes, formacions, etc. que s\u2019estan realitzant a Catalunya i al conjunt dels Pa\u00efsos Catalans. El F\u00f2rum parteix d\u2019un concepte ampli d\u2019educaci\u00f3, que inclou i integra l\u2019educaci\u00f3 formal, la informal i la no formal, i de la cultura popular entesa m\u00e9s enll\u00e0 de la festa. El f\u00f2rum ha comen\u00e7at a treballar el 2017, de cara a presentar les seves propostes en el marc de la 2a edici\u00f3 del\u00a0<em><strong>\u00abSom Cultura Popular. Mostra del Patrimoni Cultural Immaterial\u00bb<\/strong><\/em>\u00a0que se celebrar\u00e0 del 25 al 27 de gener de 2018 a Barcelona. Estar\u00e0<br \/>\nobert a professionals de l\u2019educaci\u00f3, de la gesti\u00f3 cultural, de l\u2019antropologia i de la sociologia, i a associacions, les AMPA, esplais, ajuntaments, centres d\u2019interpretaci\u00f3, museus, mitjans de comunicaci\u00f3 i p\u00fablic interessat.<\/p>\n<p><strong>Objectius<\/strong><\/p>\n<ul>\n<li>Compartir experi\u00e8ncies de refer\u00e8ncia i bones pr\u00e0ctiques sobre la cultura popular al m\u00f3n educatiu.<\/li>\n<li>Crear debat sobre el tema i elaborar un discurs actual sobre la cultura popular al m\u00f3n educatiu.<\/li>\n<li>Identificar institucions, professionals, associacions, ajuntaments, entitats, etc. que treballin la transmissi\u00f3, difusi\u00f3 i formaci\u00f3 en cultura popular i l\u2019edici\u00f3 de materials did\u00e0ctics.<\/li>\n<li>Posar en contacte persones i projectes que treballin aspectes de la cultura popular al sistema educatiu.<\/li>\n<li>Recollir i difondre propostes de continguts i de metodologies que sorgeixin tant en el proc\u00e9s participatiu i com durant la celebraci\u00f3 del F\u00f2rum.<\/li>\n<\/ul>\n<p><strong>Pla de treball<\/strong><\/p>\n<p>El pla de treball s\u2019organitza en tres nivells:<\/p>\n<ol>\n<li>Tres comit\u00e8s (impulsor, cient\u00edfic i organitzador) defineixen les l\u00ednies de treball i els eixos que serviran de referent per a l\u2019elaboraci\u00f3 de les pon\u00e8ncies, recullen les propostes que provenen dels experts i del proc\u00e9s participatiu, i preparen la presentaci\u00f3 i el di\u00e0leg que es<br \/>\nfar\u00e0 en el marc del Som Cultura Popular 2018.<\/li>\n<li>Les pon\u00e8ncies, elaborades per persones expertes, estructuraran els continguts i els reptes del f\u00f2rum.<\/li>\n<li>El proc\u00e9s participatiu, dirigit a centres educatius, associacions i administracions locals, permetr\u00e0 recollir experi\u00e8ncies actuals en relaci\u00f3 a la cultura popular i el m\u00f3n educatiu.<\/li>\n<\/ol>\n<p><strong>Organitza<\/strong><\/p>\n<p>El comit\u00e8 impulsor del F\u00f2rum est\u00e0 format per: Departament de Cultura (Direcci\u00f3 General de Cultura Popular, Associacionisme i Acci\u00f3 Culturals), Ajuntament de Barcelona (Institut de Cultura de Barcelona-UCUB), Departament d\u2019Ensenyament (Subdirecci\u00f3 General d\u2019Ordenaci\u00f3 i Atenci\u00f3 a la Diversitat), Departament de Governaci\u00f3 (Direcci\u00f3 General d\u2019Afers Religiosos), Departament de<br \/>\nTreball, Afers Socials i Fam\u00edlies (Direcci\u00f3 General de Joventut), Ajuntament de Barcelona (Drets de Ciutadania, Participaci\u00f3 i Transpar\u00e8ncia), Consorci d\u2019Educaci\u00f3 de Barcelona, Institut Municipal d\u2019Educaci\u00f3 de Barcelona, Consell d\u2019Associacions de Barcelona (CAB), Consell de l\u2019Associacionisme Cultural, Corporaci\u00f3 Catalana de Mitjans Audiovisuals (CCMA), Federaci\u00f3 d\u2019Associacions de Mares i Pares d\u2019Alumnes de Catalunya (FaPaC), Federaci\u00f3 de Moviments de Renovaci\u00f3 Pedag\u00f2gica de Catalunya (FMRPC), Institut Catal\u00e0 de les Dones, Programa de Millora i Innovaci\u00f3 de la Formaci\u00f3 deMestres (MIF).<\/p>\n<p><strong>Dades de contacte<\/strong><\/p>\n<ul>\n<li><a href=\"http:\/\/blocs.xtec.cat\/educacioiculturapopular\/\" target=\"_blank\" rel=\"noopener noreferrer\">Web<\/a><\/li>\n<li><a href=\"https:\/\/twitter.com\/educulturapop\" target=\"_blank\" rel=\"noopener noreferrer\">Twitter<\/a><\/li>\n<li><a href=\"mailto:educacio.culturapopular@gmail.com\" target=\"_blank\" rel=\"noopener noreferrer\">Correu electr\u00f2nic<\/a><\/li>\n<\/ul>\n","protected":false},"excerpt":{"rendered":"<p>Recreaci\u00f3 dels valors de la cultura popular a l\u2019educaci\u00f3, en xarxa amb la societat El F\u00f2rum d\u2019Educaci\u00f3 i Cultura Popular vol recon\u00e8ixer l\u2019important paper de la cultura popular en l\u2019\u00e0mbit educatiu, i fer visible les experi\u00e8ncies, bones pr\u00e0ctiques, recerques, projectes, formacions, etc., que s\u2019estan realitzant a Catalunya i arreu dels Pa\u00efsos Catalans. El F\u00f2rum pret\u00e9n [&hellip;]<\/p>\n","protected":false},"author":1,"featured_media":2955,"comment_status":"closed","ping_status":"closed","sticky":false,"template":"","format":"standard","meta":{"_bbp_topic_count":0,"_bbp_reply_count":0,"_bbp_total_topic_count":0,"_bbp_total_reply_count":0,"_bbp_voice_count":0,"_bbp_anonymous_reply_count":0,"_bbp_topic_count_hidden":0,"_bbp_reply_count_hidden":0,"_bbp_forum_subforum_count":0,"site-sidebar-layout":"default","site-content-layout":"","ast-site-content-layout":"","site-content-style":"default","site-sidebar-style":"default","ast-global-header-display":"","ast-banner-title-visibility":"","ast-main-header-display":"","ast-hfb-above-header-display":"","ast-hfb-below-header-display":"","ast-hfb-mobile-header-display":"","site-post-title":"","ast-breadcrumbs-content":"","ast-featured-img":"","footer-sml-layout":"","theme-transparent-header-meta":"","adv-header-id-meta":"","stick-header-meta":"","header-above-stick-meta":"","header-main-stick-meta":"","header-below-stick-meta":"","astra-migrate-meta-layouts":"default","ast-page-background-enabled":"default","ast-page-background-meta":{"desktop":{"background-color":"var(--ast-global-color-4)","background-image":"","background-repeat":"repeat","background-position":"center center","background-size":"auto","background-attachment":"scroll","background-type":"","background-media":"","overlay-type":"","overlay-color":"","overlay-opacity":"","overlay-gradient":""},"tablet":{"background-color":"","background-image":"","background-repeat":"repeat","background-position":"center center","background-size":"auto","background-attachment":"scroll","background-type":"","background-media":"","overlay-type":"","overlay-color":"","overlay-opacity":"","overlay-gradient":""},"mobile":{"background-color":"","background-image":"","background-repeat":"repeat","background-position":"center center","background-size":"auto","background-attachment":"scroll","background-type":"","background-media":"","overlay-type":"","overlay-color":"","overlay-opacity":"","overlay-gradient":""}},"ast-content-background-meta":{"desktop":{"background-color":"var(--ast-global-color-5)","background-image":"","background-repeat":"repeat","background-position":"center center","background-size":"auto","background-attachment":"scroll","background-type":"","background-media":"","overlay-type":"","overlay-color":"","overlay-opacity":"","overlay-gradient":""},"tablet":{"background-color":"var(--ast-global-color-5)","background-image":"","background-repeat":"repeat","background-position":"center center","background-size":"auto","background-attachment":"scroll","background-type":"","background-media":"","overlay-type":"","overlay-color":"","overlay-opacity":"","overlay-gradient":""},"mobile":{"background-color":"var(--ast-global-color-5)","background-image":"","background-repeat":"repeat","background-position":"center center","background-size":"auto","background-attachment":"scroll","background-type":"","background-media":"","overlay-type":"","overlay-color":"","overlay-opacity":"","overlay-gradient":""}},"footnotes":""},"categories":[1,29],"tags":[372,373,374,371,375],"class_list":["post-2954","post","type-post","status-publish","format-standard","has-post-thumbnail","hentry","category-general","category-portada","tag-antropologia-cultural","tag-aprenentatge","tag-cultura-popular","tag-dinamitzacio","tag-paisos-catalans"],"post_mailing_queue_ids":[],"_links":{"self":[{"href":"https:\/\/serveiseducatius.xtec.cat\/baixllobregat2\/wp-json\/wp\/v2\/posts\/2954","targetHints":{"allow":["GET"]}}],"collection":[{"href":"https:\/\/serveiseducatius.xtec.cat\/baixllobregat2\/wp-json\/wp\/v2\/posts"}],"about":[{"href":"https:\/\/serveiseducatius.xtec.cat\/baixllobregat2\/wp-json\/wp\/v2\/types\/post"}],"author":[{"embeddable":true,"href":"https:\/\/serveiseducatius.xtec.cat\/baixllobregat2\/wp-json\/wp\/v2\/users\/1"}],"replies":[{"embeddable":true,"href":"https:\/\/serveiseducatius.xtec.cat\/baixllobregat2\/wp-json\/wp\/v2\/comments?post=2954"}],"version-history":[{"count":1,"href":"https:\/\/serveiseducatius.xtec.cat\/baixllobregat2\/wp-json\/wp\/v2\/posts\/2954\/revisions"}],"predecessor-version":[{"id":2956,"href":"https:\/\/serveiseducatius.xtec.cat\/baixllobregat2\/wp-json\/wp\/v2\/posts\/2954\/revisions\/2956"}],"wp:featuredmedia":[{"embeddable":true,"href":"https:\/\/serveiseducatius.xtec.cat\/baixllobregat2\/wp-json\/wp\/v2\/media\/2955"}],"wp:attachment":[{"href":"https:\/\/serveiseducatius.xtec.cat\/baixllobregat2\/wp-json\/wp\/v2\/media?parent=2954"}],"wp:term":[{"taxonomy":"category","embeddable":true,"href":"https:\/\/serveiseducatius.xtec.cat\/baixllobregat2\/wp-json\/wp\/v2\/categories?post=2954"},{"taxonomy":"post_tag","embeddable":true,"href":"https:\/\/serveiseducatius.xtec.cat\/baixllobregat2\/wp-json\/wp\/v2\/tags?post=2954"}],"curies":[{"name":"wp","href":"https:\/\/api.w.org\/{rel}","templated":true}]}}