{"id":2754,"date":"2017-05-23T11:58:48","date_gmt":"2017-05-23T09:58:48","guid":{"rendered":"http:\/\/serveiseducatius.xtec.cat\/baixllobregat2\/?p=2754"},"modified":"2017-06-20T11:10:27","modified_gmt":"2017-06-20T09:10:27","slug":"tarda-xic-emocionat-esc_amat_targa","status":"publish","type":"post","link":"https:\/\/serveiseducatius.xtec.cat\/baixllobregat2\/general\/tarda-xic-emocionat-esc_amat_targa\/","title":{"rendered":"Tarda XIC: &#8220;Emociona&#8217;t&#8221; a l&#8217;ESC Germans Amat i Targa (Viladecans) &#8211; 23\/05\/2017 &#8211; 17&#8217;30 h"},"content":{"rendered":"<p><a href=\"http:\/\/serveiseducatius.xtec.cat\/baixllobregat2\/wp-content\/uploads\/usu760\/2017\/05\/XIC.jpg\"><img loading=\"lazy\" decoding=\"async\" class=\"alignleft size-full wp-image-2755\" src=\"http:\/\/serveiseducatius.xtec.cat\/baixllobregat2\/wp-content\/uploads\/usu760\/2017\/05\/XIC.jpg\" alt=\"XIC\" width=\"350\" height=\"91\" srcset=\"https:\/\/serveiseducatius.xtec.cat\/baixllobregat2\/wp-content\/uploads\/usu760\/2017\/05\/XIC.jpg 350w, https:\/\/serveiseducatius.xtec.cat\/baixllobregat2\/wp-content\/uploads\/usu760\/2017\/05\/XIC-300x78.jpg 300w\" sizes=\"auto, (max-width: 350px) 100vw, 350px\" \/><\/a><\/p>\n<p>El <b>dimarts 23<\/b><span style=\"color: #333333;\"><b>\u00a0de maig de 2017<\/b> a les <b>17.30h, <\/b><\/span><span style=\"color: #333333;\"><b>l&#8217;ESC\u00a0Germans Amat i Targa<\/b><\/span><span style=\"color: #333333;\"><b>\u00a0de Viladecans<\/b>\u00a0comparteix\u00a0l&#8217;experi\u00e8ncia del centre: <b>&#8220;Emociona&#8217;t&#8221; <\/b>amb el professorat inscrit que pugui assistir a la\u00a0sessi\u00f3.<\/span><\/p>\n<p><span style=\"color: #333333;\">La trobada s&#8217;organitza dins el projecte<a href=\"https:\/\/sites.google.com\/a\/xtec.cat\/xic\/tardes-xic\"><b> XicBaix<\/b><\/a>\u00a0(impulsat pels Serveis Territorials i plantejat\u00a0pels centres educatius participants amb el suport i col\u00b7laboraci\u00f3 del Centre de Recursos de la zona). Es tracta d&#8217;un projecte que pret\u00e9n l&#8217;<b>intercanvi d&#8217;experi\u00e8ncies<\/b> entre els centres del <strong>Baix Llobregat<\/strong>.<\/span><\/p>\n<ul>\n<li>Podeu consultar el <a href=\"https:\/\/drive.google.com\/file\/d\/0B9U4DXd6Qy1tQjdXWmdRTnFUZ1U\/view?usp=sharing\"><strong>PROGRAMA DE LA SESSI\u00d3<\/strong><\/a><\/li>\n<li>Inscripcions mitjan\u00e7ant formulari a:\u00a0<span style=\"color: #333333;\"><a href=\"https:\/\/goo.gl\/forms\/zXSvmwOWkn6CSObd2\" target=\"_blank\" data-saferedirecturl=\"https:\/\/www.google.com\/url?hl=ca&amp;q=https:\/\/goo.gl\/forms\/zXSvmwOWkn6CSObd2&amp;source=gmail&amp;ust=1494418995950000&amp;usg=AFQjCNHT37KXwuenviZd8JWb3SR2hwORsA\">https:\/\/goo.gl\/forms\/zXSvmwOWk<wbr \/>n6CSObd2<\/a><\/span><\/li>\n<li>Imatges de la sessi\u00f3 (pendent)<\/li>\n<li><a href=\"https:\/\/sites.google.com\/a\/xtec.cat\/intercanvi\/visites\/emocionat\">M\u00e9s imatges facilitades per SSTT<\/a><\/li>\n<\/ul>\n","protected":false},"excerpt":{"rendered":"<p>El dimarts 23\u00a0de maig de 2017 a les 17.30h, l&#8217;ESC\u00a0Germans Amat i Targa\u00a0de Viladecans\u00a0comparteix\u00a0l&#8217;experi\u00e8ncia del centre: &#8220;Emociona&#8217;t&#8221; amb el professorat inscrit que pugui assistir a la\u00a0sessi\u00f3. La trobada s&#8217;organitza dins el projecte XicBaix\u00a0(impulsat pels Serveis Territorials i plantejat\u00a0pels centres educatius participants amb el suport i col\u00b7laboraci\u00f3 del Centre de Recursos de la zona). Es tracta [&hellip;]<\/p>\n","protected":false},"author":1,"featured_media":2755,"comment_status":"closed","ping_status":"closed","sticky":false,"template":"","format":"standard","meta":{"_bbp_topic_count":0,"_bbp_reply_count":0,"_bbp_total_topic_count":0,"_bbp_total_reply_count":0,"_bbp_voice_count":0,"_bbp_anonymous_reply_count":0,"_bbp_topic_count_hidden":0,"_bbp_reply_count_hidden":0,"_bbp_forum_subforum_count":0,"site-sidebar-layout":"default","site-content-layout":"","ast-site-content-layout":"","site-content-style":"default","site-sidebar-style":"default","ast-global-header-display":"","ast-banner-title-visibility":"","ast-main-header-display":"","ast-hfb-above-header-display":"","ast-hfb-below-header-display":"","ast-hfb-mobile-header-display":"","site-post-title":"","ast-breadcrumbs-content":"","ast-featured-img":"","footer-sml-layout":"","theme-transparent-header-meta":"","adv-header-id-meta":"","stick-header-meta":"","header-above-stick-meta":"","header-main-stick-meta":"","header-below-stick-meta":"","astra-migrate-meta-layouts":"default","ast-page-background-enabled":"default","ast-page-background-meta":{"desktop":{"background-color":"var(--ast-global-color-4)","background-image":"","background-repeat":"repeat","background-position":"center center","background-size":"auto","background-attachment":"scroll","background-type":"","background-media":"","overlay-type":"","overlay-color":"","overlay-opacity":"","overlay-gradient":""},"tablet":{"background-color":"","background-image":"","background-repeat":"repeat","background-position":"center center","background-size":"auto","background-attachment":"scroll","background-type":"","background-media":"","overlay-type":"","overlay-color":"","overlay-opacity":"","overlay-gradient":""},"mobile":{"background-color":"","background-image":"","background-repeat":"repeat","background-position":"center center","background-size":"auto","background-attachment":"scroll","background-type":"","background-media":"","overlay-type":"","overlay-color":"","overlay-opacity":"","overlay-gradient":""}},"ast-content-background-meta":{"desktop":{"background-color":"var(--ast-global-color-5)","background-image":"","background-repeat":"repeat","background-position":"center center","background-size":"auto","background-attachment":"scroll","background-type":"","background-media":"","overlay-type":"","overlay-color":"","overlay-opacity":"","overlay-gradient":""},"tablet":{"background-color":"var(--ast-global-color-5)","background-image":"","background-repeat":"repeat","background-position":"center center","background-size":"auto","background-attachment":"scroll","background-type":"","background-media":"","overlay-type":"","overlay-color":"","overlay-opacity":"","overlay-gradient":""},"mobile":{"background-color":"var(--ast-global-color-5)","background-image":"","background-repeat":"repeat","background-position":"center center","background-size":"auto","background-attachment":"scroll","background-type":"","background-media":"","overlay-type":"","overlay-color":"","overlay-opacity":"","overlay-gradient":""}},"footnotes":""},"categories":[202,65,66,1,29,324,76],"tags":[346,345],"class_list":["post-2754","post","type-post","status-publish","format-standard","has-post-thumbnail","hentry","category-centres","category-crp","category-dinamitzacio","category-general","category-portada","category-practiques-educatives","category-recursos","tag-tarda-xic","tag-xic"],"post_mailing_queue_ids":[],"_links":{"self":[{"href":"https:\/\/serveiseducatius.xtec.cat\/baixllobregat2\/wp-json\/wp\/v2\/posts\/2754","targetHints":{"allow":["GET"]}}],"collection":[{"href":"https:\/\/serveiseducatius.xtec.cat\/baixllobregat2\/wp-json\/wp\/v2\/posts"}],"about":[{"href":"https:\/\/serveiseducatius.xtec.cat\/baixllobregat2\/wp-json\/wp\/v2\/types\/post"}],"author":[{"embeddable":true,"href":"https:\/\/serveiseducatius.xtec.cat\/baixllobregat2\/wp-json\/wp\/v2\/users\/1"}],"replies":[{"embeddable":true,"href":"https:\/\/serveiseducatius.xtec.cat\/baixllobregat2\/wp-json\/wp\/v2\/comments?post=2754"}],"version-history":[{"count":3,"href":"https:\/\/serveiseducatius.xtec.cat\/baixllobregat2\/wp-json\/wp\/v2\/posts\/2754\/revisions"}],"predecessor-version":[{"id":2901,"href":"https:\/\/serveiseducatius.xtec.cat\/baixllobregat2\/wp-json\/wp\/v2\/posts\/2754\/revisions\/2901"}],"wp:featuredmedia":[{"embeddable":true,"href":"https:\/\/serveiseducatius.xtec.cat\/baixllobregat2\/wp-json\/wp\/v2\/media\/2755"}],"wp:attachment":[{"href":"https:\/\/serveiseducatius.xtec.cat\/baixllobregat2\/wp-json\/wp\/v2\/media?parent=2754"}],"wp:term":[{"taxonomy":"category","embeddable":true,"href":"https:\/\/serveiseducatius.xtec.cat\/baixllobregat2\/wp-json\/wp\/v2\/categories?post=2754"},{"taxonomy":"post_tag","embeddable":true,"href":"https:\/\/serveiseducatius.xtec.cat\/baixllobregat2\/wp-json\/wp\/v2\/tags?post=2754"}],"curies":[{"name":"wp","href":"https:\/\/api.w.org\/{rel}","templated":true}]}}